{"id":141423,"date":"2026-08-31T12:20:00","date_gmt":"2026-08-31T12:20:00","guid":{"rendered":"https:\/\/tvbrazilusa.com\/2026\/08\/31\/divida-publica-sobe-para-825-do-pib-maior-nivel-em-mais-de-5-anos\/"},"modified":"2026-08-31T12:20:35","modified_gmt":"2026-08-31T12:20:35","slug":"divida-publica-sobe-para-825-do-pib-maior-nivel-em-mais-de-5-anos","status":"publish","type":"post","link":"https:\/\/tvbrazilusa.com\/pt\/2026\/08\/31\/divida-publica-sobe-para-825-do-pib-maior-nivel-em-mais-de-5-anos\/","title":{"rendered":"D\u00edvida p\u00fablica sobe para 82,5% do PIB, maior n\u00edvel em mais de 5 anos"},"content":{"rendered":"<script async src=\"https:\/\/pagead2.googlesyndication.com\/pagead\/js\/adsbygoogle.js?client=ca-pub-8864793242727901\"\r\n     crossorigin=\"anonymous\"><\/script>\n<div id=\"cd-article-content\" itemprop=\"articleBody\">\n<p class=\"wp-block-paragraph\">A<strong> <a href=\"https:\/\/claudiodantas.com.br\/tag\/divida\/\" data-type=\"post_tag\" data-id=\"311\">d\u00edvida bruta do governo geral (DBGG)<\/a><\/strong> chegou a R$ 10,9 trilh\u00f5es em <strong><a href=\"https:\/\/claudiodantas.com.br\/tag\/julho\/\" data-type=\"link\" data-id=\"https:\/\/claudiodantas.com.br\/tag\/julho\/\">julho<\/a><\/strong>, o equivalente a 82,5% do <strong><a href=\"https:\/\/claudiodantas.com.br\/tag\/pib\/\" data-type=\"post_tag\" data-id=\"314\">PIB<\/a><\/strong>, de acordo com dados divulgados nesta manh\u00e3 (31) pelo <strong><a href=\"https:\/\/www.bcb.gov.br\/\" target=\"_blank\" rel=\"noopener\">Banco Central (BC)<\/a><\/strong>. O indicador avan\u00e7ou 0,6 ponto percentual em rela\u00e7\u00e3o a junho e acumula alta de 3,9 pontos percentuais em 2026.<\/p>\n<p><a href=\"https:\/\/whatsapp.com\/channel\/0029VaTFkH2HVvTbkE883x1x\" target=\"_blank\" class=\"whatsapp-channel-message\" rel=\"noopener\">\u2705 Siga o canal do Claudio Dantas no WhatsApp<\/a><\/p>\n<p class=\"wp-block-paragraph\">O resultado \u00e9 o maior desde abril de 2021, ainda sob os efeitos da pandemia de Covid-19, quando a d\u00edvida alcan\u00e7ou 82,6% do PIB. O c\u00e1lculo considera os d\u00e9bitos do governo federal, do INSS (Instituto Nacional do Seguro Social) e das administra\u00e7\u00f5es estaduais e municipais.<\/p>\n<p class=\"wp-block-paragraph\">A press\u00e3o sobre o endividamento em julho veio principalmente dos juros nominais apropriados, que elevaram o indicador em 0,8 ponto percentual. As emiss\u00f5es l\u00edquidas de d\u00edvida acrescentaram outros 0,2 ponto percentual. Em sentido contr\u00e1rio, o crescimento do PIB nominal reduziu a rela\u00e7\u00e3o em 0,5 ponto percentual.<\/p>\n<p class=\"wp-block-paragraph\">Desde o in\u00edcio do ano, os juros nominais j\u00e1 adicionaram 5,7 pontos percentuais \u00e0 d\u00edvida bruta. As emiss\u00f5es l\u00edquidas contribu\u00edram com 1,5 ponto percentual, enquanto a expans\u00e3o do PIB nominal ajudou a reduzir o indicador em 3,1 pontos percentuais.<\/p>\n<p class=\"wp-block-paragraph\">O avan\u00e7o do endividamento ocorre em um cen\u00e1rio de d\u00e9ficit p\u00fablico e aumento das despesas com juros. Ao fim de 2022, antes do in\u00edcio do terceiro mandato de Lula, a d\u00edvida correspondia a 71,7% do PIB. Desde ent\u00e3o, o indicador subiu mais de 10 pontos percentuais.<\/p>\n<p class=\"wp-block-paragraph\">Com a trajet\u00f3ria de alta, a d\u00edvida voltou aos n\u00edveis registrados durante a pandemia. O pico da s\u00e9rie ocorreu em dezembro de 2020, quando o endividamento chegou a 87,7% do PIB.<\/p>\n<p class=\"wp-block-paragraph\">O Banco Central tamb\u00e9m acompanha o d\u00e9ficit nominal, que inclui o resultado das contas p\u00fablicas e os gastos com juros da d\u00edvida. No acumulado de 12 meses at\u00e9 julho, o d\u00e9ficit nominal chegou a R$ 1,239 trilh\u00e3o, equivalente a 9,34% do PIB. O resultado representa uma redu\u00e7\u00e3o de 0,64 p.p. do PIB em rela\u00e7\u00e3o ao m\u00eas anterior.<\/p>\n<\/div>\n<p><script>!function(f,b,e,v,n,t,s){if(f.fbq)return;n=f.fbq=function(){n.callMethod?n.callMethod.apply(n,arguments):n.queue.push(arguments)};if(!f._fbq)f._fbq=n;n.push=n;n.loaded=!0;n.version='2.0';n.queue=[];t=b.createElement(e);t.async=!0;t.src=v;s=b.getElementsByTagName(e)[0];s.parentNode.insertBefore(t,s)}(window,document,'script','https:\/\/connect.facebook.net\/en_US\/fbevents.js');fbq('init','1423865622537930');fbq('track','PageView');<\/script><br \/>\n<br \/><br \/>\n<br \/><a href=\"https:\/\/claudiodantas.com.br\/bc-divida-publica-82-pib-maior-nivel-5-anos\/\">Source link <\/a><\/p>","protected":false},"excerpt":{"rendered":"<p>A d\u00edvida bruta do governo geral (DBGG) chegou a R$ 10,9 trilh\u00f5es em julho, o equivalente a 82,5% do PIB, de acordo com dados divulgados nesta manh\u00e3 (31) pelo Banco&hellip;<\/p>","protected":false},"author":1,"featured_media":141424,"comment_status":"closed","ping_status":"open","sticky":false,"template":"","format":"standard","meta":{"content-type":"","footnotes":""},"categories":[16],"tags":[],"class_list":["post-141423","post","type-post","status-publish","format-standard","has-post-thumbnail","hentry","category-noticias"],"_links":{"self":[{"href":"https:\/\/tvbrazilusa.com\/pt\/wp-json\/wp\/v2\/posts\/141423","targetHints":{"allow":["GET"]}}],"collection":[{"href":"https:\/\/tvbrazilusa.com\/pt\/wp-json\/wp\/v2\/posts"}],"about":[{"href":"https:\/\/tvbrazilusa.com\/pt\/wp-json\/wp\/v2\/types\/post"}],"author":[{"embeddable":true,"href":"https:\/\/tvbrazilusa.com\/pt\/wp-json\/wp\/v2\/users\/1"}],"replies":[{"embeddable":true,"href":"https:\/\/tvbrazilusa.com\/pt\/wp-json\/wp\/v2\/comments?post=141423"}],"version-history":[{"count":1,"href":"https:\/\/tvbrazilusa.com\/pt\/wp-json\/wp\/v2\/posts\/141423\/revisions"}],"predecessor-version":[{"id":141425,"href":"https:\/\/tvbrazilusa.com\/pt\/wp-json\/wp\/v2\/posts\/141423\/revisions\/141425"}],"wp:featuredmedia":[{"embeddable":true,"href":"https:\/\/tvbrazilusa.com\/pt\/wp-json\/wp\/v2\/media\/141424"}],"wp:attachment":[{"href":"https:\/\/tvbrazilusa.com\/pt\/wp-json\/wp\/v2\/media?parent=141423"}],"wp:term":[{"taxonomy":"category","embeddable":true,"href":"https:\/\/tvbrazilusa.com\/pt\/wp-json\/wp\/v2\/categories?post=141423"},{"taxonomy":"post_tag","embeddable":true,"href":"https:\/\/tvbrazilusa.com\/pt\/wp-json\/wp\/v2\/tags?post=141423"}],"curies":[{"name":"wp","href":"https:\/\/api.w.org\/{rel}","templated":true}]}}