{"id":141426,"date":"2026-08-31T12:35:00","date_gmt":"2026-08-31T12:35:00","guid":{"rendered":"https:\/\/tvbrazilusa.com\/2026\/08\/31\/lixeiro-nao-e-uma-profissao-que-da-orgulho\/"},"modified":"2026-08-31T12:38:27","modified_gmt":"2026-08-31T12:38:27","slug":"lixeiro-nao-e-uma-profissao-que-da-orgulho","status":"publish","type":"post","link":"https:\/\/tvbrazilusa.com\/pt\/2026\/08\/31\/lixeiro-nao-e-uma-profissao-que-da-orgulho\/","title":{"rendered":"Lixeiro &#8216;n\u00e3o \u00e9 uma profiss\u00e3o que d\u00e1 orgulho&#8217;"},"content":{"rendered":"<script async src=\"https:\/\/pagead2.googlesyndication.com\/pagead\/js\/adsbygoogle.js?client=ca-pub-8864793242727901\"\r\n     crossorigin=\"anonymous\"><\/script>\n<div id=\"cd-article-content\" itemprop=\"articleBody\">\n<p class=\"wp-block-paragraph\">Ao discursar em um ato de campanha eleitoral em <strong><a href=\"https:\/\/pt.wikipedia.org\/wiki\/Belo_Horizonte\" target=\"_blank\" rel=\"noopener\">BH<\/a><\/strong>, o presidente <strong><a href=\"https:\/\/pt.wikipedia.org\/wiki\/Luiz_In%C3%A1cio_Lula_da_Silva\" target=\"_blank\" rel=\"noopener\">Luiz In\u00e1cio Lula da Silva (PT)<\/a><\/strong> disse no \u00faltimo s\u00e1bado (29) que ningu\u00e9m tem orgulho de ser <strong><a href=\"https:\/\/claudiodantas.com.br\/tag\/gari\/\" data-type=\"link\" data-id=\"https:\/\/claudiodantas.com.br\/tag\/gari\/\">gari<\/a><\/strong>, mas de ser <strong><a href=\"https:\/\/claudiodantas.com.br\/eu-sou-o-unico-que-nao-trabalhou-em-nenhum-governo-afirma-engenheiro-do-instituto-voto-legal\/\" data-type=\"post\" data-id=\"27919\">engenheiro<\/a><\/strong> ou <strong><a href=\"https:\/\/claudiodantas.com.br\/tag\/medico\/\" data-type=\"post_tag\" data-id=\"11424\">m\u00e9dico<\/a><\/strong>. \u201cLixeiro \u00e9 uma coisa pobre, de quem n\u00e3o pode estudar\u201d, disse o petista.<\/p>\n<p><a href=\"https:\/\/whatsapp.com\/channel\/0029VaTFkH2HVvTbkE883x1x\" target=\"_blank\" class=\"whatsapp-channel-message\" rel=\"noopener\">\u2705 Siga o canal do Claudio Dantas no WhatsApp<\/a><\/p>\n<p class=\"wp-block-paragraph\">\u201cEu, quando eu passo na rua e eu vejo aquelas pessoas que trabalham colhendo lixo, \u00e9 uma profiss\u00e3o muito pobre, porque n\u00e3o \u00e9 uma profiss\u00e3o que d\u00e1 orgulho [falar que \u00e9] \u201cEu sou lixeiro\u201d. O cara tem orgulho de falar, \u201ceu sou engenheiro\u201d, \u201ceu sou m\u00e9dico\u201d. Mas lixeiro \u00e9 uma coisa pobre de quem n\u00e3o pode estudar\u201d, declarou.<\/p>\n<p class=\"wp-block-paragraph\">\u201cSe as pessoas soubessem que se n\u00e3o tirarem lixo durante uma semana, as pessoas que n\u00e3o enxergam eles durante o dia inteiro v\u00e3o passar a enxergar, a gente come\u00e7a a mudar, porque o pobre \u00e9 tratado como se fosse invis\u00edvel\u201d, completou o petista. \u201cAs pessoas n\u00e3o enxergam\u201d.<\/p>\n<figure class=\"wp-block-embed is-type-rich is-provider-x wp-block-embed-x\">\n<div class=\"wp-block-embed__wrapper\">\n<blockquote class=\"twitter-tweet\" data-width=\"500\" data-dnt=\"true\">\n<p lang=\"pt\" dir=\"ltr\">\ud83d\udea8URGENTE \u2013 Lula diz que a profiss\u00e3o de \u201cleiteiro\u201d \u00e9 \u201cmuito pobre\u201d e n\u00e3o d\u00e1 orgulho<\/p>\n<p>\u201cN\u00e3o \u00e9 uma profiss\u00e3o que d\u00e1 orgulho de dizer: eu sou lixeiro! O cara tem orgulho de falar que \u00e9 engenheiro\u201d <a href=\"https:\/\/t.co\/d202A896cJ\">pic.twitter.com\/d202A896cJ<\/a><\/p>\n<p>\u2014 SPACE LIBERDADE \uea00 (@NewsLiberdade) <a href=\"https:\/\/x.com\/NewsLiberdade\/status\/2093803875706732552?ref_src=twsrc%5Etfw\">August 29, 2026<\/a><\/p><\/blockquote>\n<\/div>\n<\/figure>\n<\/div>\n<p><script async src=\"\/\/platform.twitter.com\/widgets.js\" charset=\"utf-8\"><\/script><script>!function(f,b,e,v,n,t,s){if(f.fbq)return;n=f.fbq=function(){n.callMethod?n.callMethod.apply(n,arguments):n.queue.push(arguments)};if(!f._fbq)f._fbq=n;n.push=n;n.loaded=!0;n.version='2.0';n.queue=[];t=b.createElement(e);t.async=!0;t.src=v;s=b.getElementsByTagName(e)[0];s.parentNode.insertBefore(t,s)}(window,document,'script','https:\/\/connect.facebook.net\/en_US\/fbevents.js');fbq('init','1423865622537930');fbq('track','PageView');<\/script><br \/>\n<br \/><br \/>\n<br \/><a href=\"https:\/\/claudiodantas.com.br\/lula-lixeiro-nao-profissao-da-orgulho\/\">Source link <\/a><\/p>","protected":false},"excerpt":{"rendered":"<p>Ao discursar em um ato de campanha eleitoral em BH, o presidente Luiz In\u00e1cio Lula da Silva (PT) disse no \u00faltimo s\u00e1bado (29) que ningu\u00e9m tem orgulho de ser gari,&hellip;<\/p>","protected":false},"author":1,"featured_media":141427,"comment_status":"closed","ping_status":"open","sticky":false,"template":"","format":"standard","meta":{"content-type":"","footnotes":""},"categories":[16],"tags":[],"class_list":["post-141426","post","type-post","status-publish","format-standard","has-post-thumbnail","hentry","category-noticias"],"_links":{"self":[{"href":"https:\/\/tvbrazilusa.com\/pt\/wp-json\/wp\/v2\/posts\/141426","targetHints":{"allow":["GET"]}}],"collection":[{"href":"https:\/\/tvbrazilusa.com\/pt\/wp-json\/wp\/v2\/posts"}],"about":[{"href":"https:\/\/tvbrazilusa.com\/pt\/wp-json\/wp\/v2\/types\/post"}],"author":[{"embeddable":true,"href":"https:\/\/tvbrazilusa.com\/pt\/wp-json\/wp\/v2\/users\/1"}],"replies":[{"embeddable":true,"href":"https:\/\/tvbrazilusa.com\/pt\/wp-json\/wp\/v2\/comments?post=141426"}],"version-history":[{"count":1,"href":"https:\/\/tvbrazilusa.com\/pt\/wp-json\/wp\/v2\/posts\/141426\/revisions"}],"predecessor-version":[{"id":141428,"href":"https:\/\/tvbrazilusa.com\/pt\/wp-json\/wp\/v2\/posts\/141426\/revisions\/141428"}],"wp:featuredmedia":[{"embeddable":true,"href":"https:\/\/tvbrazilusa.com\/pt\/wp-json\/wp\/v2\/media\/141427"}],"wp:attachment":[{"href":"https:\/\/tvbrazilusa.com\/pt\/wp-json\/wp\/v2\/media?parent=141426"}],"wp:term":[{"taxonomy":"category","embeddable":true,"href":"https:\/\/tvbrazilusa.com\/pt\/wp-json\/wp\/v2\/categories?post=141426"},{"taxonomy":"post_tag","embeddable":true,"href":"https:\/\/tvbrazilusa.com\/pt\/wp-json\/wp\/v2\/tags?post=141426"}],"curies":[{"name":"wp","href":"https:\/\/api.w.org\/{rel}","templated":true}]}}