{"id":141429,"date":"2026-08-31T12:52:00","date_gmt":"2026-08-31T12:52:00","guid":{"rendered":"https:\/\/tvbrazilusa.com\/2026\/08\/31\/eleitor-de-lula-em-2022-gari-cobra-retratacao-e-diz-que-mudara-voto\/"},"modified":"2026-08-31T13:04:49","modified_gmt":"2026-08-31T13:04:49","slug":"eleitor-de-lula-em-2022-gari-cobra-retratacao-e-diz-que-mudara-voto","status":"publish","type":"post","link":"https:\/\/tvbrazilusa.com\/pt\/2026\/08\/31\/eleitor-de-lula-em-2022-gari-cobra-retratacao-e-diz-que-mudara-voto\/","title":{"rendered":"Eleitor de Lula em 2022, gari cobra retrata\u00e7\u00e3o e diz que mudar\u00e1 voto"},"content":{"rendered":"<script async src=\"https:\/\/pagead2.googlesyndication.com\/pagead\/js\/adsbygoogle.js?client=ca-pub-8864793242727901\"\r\n     crossorigin=\"anonymous\"><\/script>\n<div id=\"cd-article-content\" itemprop=\"articleBody\">\n<p class=\"wp-block-paragraph\">No fim de semana, o presidente <strong><a href=\"https:\/\/pt.wikipedia.org\/wiki\/Luiz_In%C3%A1cio_Lula_da_Silva\" target=\"_blank\" rel=\"noopener\">Lula (PT)<\/a><\/strong> afirmou, durante ato de campanha em BH, que ser <strong>\u201c<a href=\"https:\/\/claudiodantas.com.br\/tag\/lixeiro\/\" data-type=\"post_tag\" data-id=\"17390\">lixeiro<\/a>\u201d<\/strong> \u00e9 uma profiss\u00e3o que n\u00e3o d\u00e1 \u201c<strong>orgulho<\/strong>\u201d e que \u00e9 uma \u201ccoisa pobre de quem n\u00e3o pode estudar\u201d. Em v\u00eddeo encaminhado com exclusividade a este site, o <strong><a href=\"https:\/\/claudiodantas.com.br\/tag\/gari\/\" data-type=\"post_tag\" data-id=\"17389\">gari<\/a><\/strong> e <strong>coletor<\/strong> <strong>Mauro Fernando<\/strong> disse que as falas foram \u201cmuito grotescas\u201d. \u201cVotei nele em 2022 e agora eu t\u00f4 repensando\u201d, afirmou.<\/p>\n<p><a href=\"https:\/\/whatsapp.com\/channel\/0029VaTFkH2HVvTbkE883x1x\" target=\"_blank\" class=\"whatsapp-channel-message\" rel=\"noopener\">\u2705 Siga o canal do Claudio Dantas no WhatsApp<\/a><\/p>\n<p class=\"wp-block-paragraph\">De acordo com Fernando, a profiss\u00e3o de gari j\u00e1 \u00e9 \u201cmuito mal vista\u201d na sociedade, e o petista refor\u00e7ou \u201cmais ainda esse estere\u00f3tipo t\u00e3o lament\u00e1vel\u201d: \u201cN\u00e3o vou mentir, eu votei, votei nele em 2022 e agora eu t\u00f4 repensando essa porra. Pe\u00e7o perd\u00e3o se for palavr\u00e3o, n\u00e9, porque \u00e9 de se indignar algu\u00e9m que eu confiei meu voto falar uma atrocidade dessas\u201d.<\/p>\n<p class=\"wp-block-paragraph\">\u201cEu que t\u00f4 na fun\u00e7\u00e3o a\u00ed tem sete anos e, p\u00f4, lament\u00e1vel, lament\u00e1vel mesmo\u201d, completou o gari e coletor. \u201cQuero dar um al\u00f4 pra todos a\u00ed que, de certa forma, apoiam a nossa profiss\u00e3o e dizer que repudiamos totalmente essas falas grotescas. Mesmo que com \u2018boas inten\u00e7\u00f5es\u2019, n\u00e3o se fala uma atrocidade dessas\u201d.<\/p>\n<p class=\"wp-block-paragraph\">Fernando tamb\u00e9m criticou a Norma Regulamentadora n\u00ba 38, do Minist\u00e9rio do Trabalho, que entrou em vigor em 2024 e determina que o caminh\u00e3o esteja parado para que o gari embarque ou desembarque do estribo, aquela plataforma na traseira do ve\u00edculo. Acontece que, no dia a dia, isso \u00e9 considerado impratic\u00e1vel pelos trabalhadores.<\/p>\n<p class=\"wp-block-paragraph\">\u201cTinha que largar esse pessoal a correr, a correr 15km, 20, 25 por dia pra eles verem como \u00e9 bom. Tu n\u00e3o tem nada pra se apoiar as pernas ali. Lament\u00e1vel\u201d, declarou. \u201cAqui onde eu trabalho ainda n\u00e3o tiraram o estribo do caminh\u00e3o e, se tirar, n\u00f3s vamos parar\u201d.<\/p>\n<figure class=\"wp-block-embed is-type-rich is-provider-x wp-block-embed-x\"\/>\n<\/div>\n<p><script>!function(f,b,e,v,n,t,s){if(f.fbq)return;n=f.fbq=function(){n.callMethod?n.callMethod.apply(n,arguments):n.queue.push(arguments)};if(!f._fbq)f._fbq=n;n.push=n;n.loaded=!0;n.version='2.0';n.queue=[];t=b.createElement(e);t.async=!0;t.src=v;s=b.getElementsByTagName(e)[0];s.parentNode.insertBefore(t,s)}(window,document,'script','https:\/\/connect.facebook.net\/en_US\/fbevents.js');fbq('init','1423865622537930');fbq('track','PageView');<\/script><br \/>\n<br \/><br \/>\n<br \/><a href=\"https:\/\/claudiodantas.com.br\/eleitor-lula-gari-retratacao-mudara-voto\/\">Source link <\/a><\/p>","protected":false},"excerpt":{"rendered":"<p>No fim de semana, o presidente Lula (PT) afirmou, durante ato de campanha em BH, que ser \u201clixeiro\u201d \u00e9 uma profiss\u00e3o que n\u00e3o d\u00e1 \u201corgulho\u201d e que \u00e9 uma \u201ccoisa&hellip;<\/p>","protected":false},"author":1,"featured_media":141430,"comment_status":"closed","ping_status":"open","sticky":false,"template":"","format":"standard","meta":{"content-type":"","footnotes":""},"categories":[16],"tags":[],"class_list":["post-141429","post","type-post","status-publish","format-standard","has-post-thumbnail","hentry","category-noticias"],"_links":{"self":[{"href":"https:\/\/tvbrazilusa.com\/pt\/wp-json\/wp\/v2\/posts\/141429","targetHints":{"allow":["GET"]}}],"collection":[{"href":"https:\/\/tvbrazilusa.com\/pt\/wp-json\/wp\/v2\/posts"}],"about":[{"href":"https:\/\/tvbrazilusa.com\/pt\/wp-json\/wp\/v2\/types\/post"}],"author":[{"embeddable":true,"href":"https:\/\/tvbrazilusa.com\/pt\/wp-json\/wp\/v2\/users\/1"}],"replies":[{"embeddable":true,"href":"https:\/\/tvbrazilusa.com\/pt\/wp-json\/wp\/v2\/comments?post=141429"}],"version-history":[{"count":1,"href":"https:\/\/tvbrazilusa.com\/pt\/wp-json\/wp\/v2\/posts\/141429\/revisions"}],"predecessor-version":[{"id":141431,"href":"https:\/\/tvbrazilusa.com\/pt\/wp-json\/wp\/v2\/posts\/141429\/revisions\/141431"}],"wp:featuredmedia":[{"embeddable":true,"href":"https:\/\/tvbrazilusa.com\/pt\/wp-json\/wp\/v2\/media\/141430"}],"wp:attachment":[{"href":"https:\/\/tvbrazilusa.com\/pt\/wp-json\/wp\/v2\/media?parent=141429"}],"wp:term":[{"taxonomy":"category","embeddable":true,"href":"https:\/\/tvbrazilusa.com\/pt\/wp-json\/wp\/v2\/categories?post=141429"},{"taxonomy":"post_tag","embeddable":true,"href":"https:\/\/tvbrazilusa.com\/pt\/wp-json\/wp\/v2\/tags?post=141429"}],"curies":[{"name":"wp","href":"https:\/\/api.w.org\/{rel}","templated":true}]}}