{"id":141435,"date":"2026-08-31T13:28:50","date_gmt":"2026-08-31T13:28:50","guid":{"rendered":"https:\/\/tvbrazilusa.com\/2026\/08\/31\/roberta-luchsinger-ostenta-luxo-mas-acumula-dividas-na-justica\/"},"modified":"2026-08-31T13:35:36","modified_gmt":"2026-08-31T13:35:36","slug":"roberta-luchsinger-ostenta-luxo-mas-acumula-dividas-na-justica","status":"publish","type":"post","link":"https:\/\/tvbrazilusa.com\/pt\/2026\/08\/31\/roberta-luchsinger-ostenta-luxo-mas-acumula-dividas-na-justica\/","title":{"rendered":"Roberta Luchsinger ostenta luxo, mas acumula d\u00edvidas na Justi\u00e7a"},"content":{"rendered":"<p> <script async src=\"https:\/\/pagead2.googlesyndication.com\/pagead\/js\/adsbygoogle.js?client=ca-pub-8864793242727901\"\r\n     crossorigin=\"anonymous\"><\/script><br \/>\n<\/p>\n<div id=\"cd-article-content\" itemprop=\"articleBody\">\n<p class=\"wp-block-paragraph\">A empres\u00e1ria e lobista <strong>Roberta <a href=\"https:\/\/claudiodantas.com.br\/ao-tentar-se-defender-roberta-confirma-lobby-no-gabinete-de-lula\/\">Luchsinger<\/a><\/strong>, amiga de Lulinha, responde a uma s\u00e9rie de a\u00e7\u00f5es judiciais por d\u00edvidas em S\u00e3o Paulo e Minas Gerais. As cobran\u00e7as envolvem servi\u00e7os prestados, aluguel, mensalidades escolares, publicidade e uma opera\u00e7\u00e3o relacionada \u00e0 produ\u00e7\u00e3o de um filme.<\/p>\n<p><a href=\"https:\/\/whatsapp.com\/channel\/0029VaTFkH2HVvTbkE883x1x\" target=\"_blank\" class=\"whatsapp-channel-message\" rel=\"noopener\">\u2705 Siga o canal do Claudio Dantas no WhatsApp<\/a><\/p>\n<p class=\"wp-block-paragraph\">Levantamento apresentado pelo <em>Fant\u00e1stico<\/em>, da TV Globo, mostra que, em diferentes processos, oficiais de Justi\u00e7a n\u00e3o conseguiram localizar Roberta nos endere\u00e7os informados. Tamb\u00e9m houve casos em que n\u00e3o foram encontrados bens ou valores em contas banc\u00e1rias para penhora.<\/p>\n<p class=\"wp-block-paragraph\">A <a href=\"https:\/\/claudiodantas.com.br\/ao-tentar-se-defender-roberta-confirma-lobby-no-gabinete-de-lula\/\">empres\u00e1ria <\/a>tamb\u00e9m est\u00e1 no centro de investiga\u00e7\u00f5es da Pol\u00edcia Federal que apuram suspeitas de corrup\u00e7\u00e3o e tr\u00e1fico de influ\u00eancia. Os investigadores analisam as rela\u00e7\u00f5es dela com Lulinha, com o ex-chefe de gabinete de Lula <strong>Marco Aur\u00e9lio Santana Ribeiro, o Marcola<\/strong>, e com o lobista Ant\u00f4nio Carlos Camilo Antunes, o Careca do INSS.<\/p>\n<h3 class=\"wp-block-heading\">Fazenda de R$ 8 milh\u00f5es acabou nas m\u00e3os de credor<\/h3>\n<p class=\"wp-block-paragraph\">Um dos processos envolve um projeto de document\u00e1rio sobre o designer de carros de luxo Horacio Pagani.<\/p>\n<p class=\"wp-block-paragraph\">Em 2016, <a href=\"https:\/\/claudiodantas.com.br\/luchsinger-nao-pagamentos-marcola-amigo\/\">Roberta <\/a>e uma s\u00f3cia apresentaram o projeto a um investidor. O or\u00e7amento estimado era de US$ 4 milh\u00f5es, com previs\u00e3o de financiamento por um fundo do Bahrein.<\/p>\n<p class=\"wp-block-paragraph\">Para iniciar a produ\u00e7\u00e3o antes da libera\u00e7\u00e3o dos recursos, foi contratado um empr\u00e9stimo de US$ 300 mil. Roberta convenceu o empres\u00e1rio Lauro Vallejo a ser avalista da opera\u00e7\u00e3o e ofereceu uma fazenda em Minas Gerais como garantia.<\/p>\n<p class=\"wp-block-paragraph\">O financiamento n\u00e3o foi quitado. O credor recorreu \u00e0 Justi\u00e7a e conseguiu a posse da propriedade, avaliada em cerca de <strong>R$ 8 milh\u00f5es<\/strong>.<\/p>\n<blockquote class=\"wp-block-quote is-layout-flow wp-block-quote-is-layout-flow\">\n<p class=\"wp-block-paragraph\"><strong>\u201cO projeto do filme era bonito, uma hist\u00f3ria que valia a pena vender para investidor, para pessoas que tivessem interesse para o investimento e para o retorno desse investimento.\u201d<\/strong><\/p>\n<\/blockquote>\n<p class=\"wp-block-paragraph\">Vallejo tamb\u00e9m afirmou que recebeu a promessa de participa\u00e7\u00e3o na bilheteria e de uma comiss\u00e3o.<\/p>\n<blockquote class=\"wp-block-quote is-layout-flow wp-block-quote-is-layout-flow\">\n<p class=\"wp-block-paragraph\"><strong>\u201cAcabei aceitando. Me prometeram uma participa\u00e7\u00e3o na bilheteria do filme. Iam me pagar uma comiss\u00e3o\u2026acho que na \u00e9poca eram R$ 40 mil.\u201d<\/strong><\/p>\n<\/blockquote>\n<p class=\"wp-block-paragraph\">Sobre a perda da propriedade, declarou:<\/p>\n<blockquote class=\"wp-block-quote is-layout-flow wp-block-quote-is-layout-flow\">\n<p class=\"wp-block-paragraph\"><strong>\u201cTudo o que eu tinha estava l\u00e1 [na fazenda, tomada pelo credor]. N\u00e3o \u00e9 a quest\u00e3o da propriedade em si, \u00e9 o sonho. N\u00e3o \u00e9 f\u00e1cil, cara.\u201d<\/strong><\/p>\n<\/blockquote>\n<p class=\"wp-block-paragraph\">Roberta afirmou ao <em>Fant\u00e1stico<\/em> que tamb\u00e9m foi enganada pelo investidor e que o propriet\u00e1rio da fazenda conhecia os riscos da opera\u00e7\u00e3o.<\/p>\n<h3 class=\"wp-block-heading\">D\u00edvidas incluem tapeceiro, escola e loja<\/h3>\n<p class=\"wp-block-paragraph\">Entre os credores est\u00e1 o tapeceiro Nilton C\u00e9zar Pires. Em 2011, ele foi contratado para reformar m\u00f3veis da resid\u00eancia da empres\u00e1ria por R$ 61 mil. Segundo o profissional, R$ 25 mil foram pagos e o restante permaneceu pendente.<\/p>\n<p class=\"wp-block-paragraph\">O caso foi levado \u00e0 Justi\u00e7a e a d\u00edvida foi reconhecida. Acordos firmados durante a execu\u00e7\u00e3o tamb\u00e9m n\u00e3o teriam sido cumpridos. O caso chegou ao <a href=\"https:\/\/www.stj.jus.br\/\" target=\"_blank\" rel=\"noopener\">Superior <\/a>Tribunal de Justi\u00e7a.<\/p>\n<blockquote class=\"wp-block-quote is-layout-flow wp-block-quote-is-layout-flow\">\n<p class=\"wp-block-paragraph\"><strong>\u201cA casa inteira, de sof\u00e1 a cama, tudo. Entregamos tudo certinho, mas o pagamento n\u00e3o veio. A gente teve de acion\u00e1-la na Justi\u00e7a, porque j\u00e1 n\u00e3o tinha mais o que fazer, n\u00e9?\u201d<\/strong><\/p>\n<\/blockquote>\n<p class=\"wp-block-paragraph\">Outras a\u00e7\u00f5es citadas pelo <em>Fant\u00e1stico<\/em> envolvem <strong>R$ 91 mil em mensalidades escolares<\/strong>, uma d\u00edvida com uma loja de roupas que ultrapassou R$ 21 mil ap\u00f3s atualiza\u00e7\u00e3o judicial e uma contrata\u00e7\u00e3o de publicidade para uma pr\u00e9-campanha eleitoral.<\/p>\n<p class=\"wp-block-paragraph\">Nesse \u00faltimo caso, o servi\u00e7o custou R$ 42 mil e apenas R$ 4.200 teriam sido pagos.<\/p>\n<h3 class=\"wp-block-heading\">D\u00edvida de aluguel chegou a R$ 500 mil<\/h3>\n<p class=\"wp-block-paragraph\">Roberta tamb\u00e9m foi alvo de uma a\u00e7\u00e3o de despejo relacionada a um apartamento de alto padr\u00e3o em S\u00e3o Paulo.<\/p>\n<p class=\"wp-block-paragraph\">O im\u00f3vel foi alugado em 2019. No ano seguinte, os propriet\u00e1rios entraram na Justi\u00e7a por falta de pagamento de aluguel, condom\u00ednio e IPTU.<\/p>\n<p class=\"wp-block-paragraph\">A desocupa\u00e7\u00e3o ocorreu em 2023. A d\u00edvida acumulada chegou a aproximadamente <strong>R$ 500 mil<\/strong> e foi quitada em maio de 2024.<\/p>\n<h3 class=\"wp-block-heading\">Vers\u00e3o sobre a origem da fam\u00edlia \u00e9 contestada<\/h3>\n<p class=\"wp-block-paragraph\">A trajet\u00f3ria de Roberta tamb\u00e9m voltou a ser questionada ap\u00f3s o <em>Fant\u00e1stico<\/em> apresentar um registro civil sobre seu av\u00f4, <strong>Pedro Paulo Arnaldo Luchsinger<\/strong>.<\/p>\n<p class=\"wp-block-paragraph\">Em 2017, Roberta passou a se apresentar publicamente como herdeira de um banqueiro su\u00ed\u00e7o ligado \u00e0 funda\u00e7\u00e3o do Credit Suisse. O registro apresentado pelo programa, por\u00e9m, aponta que o av\u00f4 nasceu no Rio de Janeiro, em 1927, e era comerciante e propriet\u00e1rio de uma lavanderia.<\/p>\n<p class=\"wp-block-paragraph\">Roberta manteve a vers\u00e3o de que ele nasceu na Su\u00ed\u00e7a, mas afirmou n\u00e3o ter documentos para comprovar a informa\u00e7\u00e3o.<\/p>\n<h3 class=\"wp-block-heading\">Rela\u00e7\u00e3o com Lulinha<\/h3>\n<p class=\"wp-block-paragraph\">A proximidade de Roberta com Lulinha tamb\u00e9m aparece nas investiga\u00e7\u00f5es da PF. Em entrevista ao g1, ela confirmou a amizade e disse que os dois chegaram a discutir a possibilidade de fazer neg\u00f3cios fora do setor p\u00fablico.<\/p>\n<figure class=\"wp-block-image size-full\"><figcaption class=\"wp-element-caption\">Foto: Reprodu\u00e7\u00e3o<\/figcaption><\/figure>\n<blockquote class=\"wp-block-quote is-layout-flow wp-block-quote-is-layout-flow\">\n<p class=\"wp-block-paragraph\"><strong>\u201cEu e F\u00e1bio somos amigos. J\u00e1 tivemos inten\u00e7\u00e3o de fazermos coisas juntos fora do \u00e2mbito p\u00fablico, por\u00e9m, sabemos que qualquer coisa que ele fa\u00e7a sempre ser\u00e1 mal vista.\u201d<\/strong><\/p>\n<\/blockquote>\n<p class=\"wp-block-paragraph\">A PF investiga se a rela\u00e7\u00e3o foi utilizada para facilitar contatos com integrantes do governo e viabilizar neg\u00f3cios privados.<\/p>\n<h3 class=\"wp-block-heading\">R$ 249 mil transferidos a Marcola<\/h3>\n<p class=\"wp-block-paragraph\">Outro ponto sob investiga\u00e7\u00e3o envolve <strong>R$ 249 mil transferidos por Roberta a Marcola<\/strong>, que ocupava o cargo de chefe de gabinete de Lula. O ex-assessor confirmou o recebimento e afirmou que o dinheiro correspondia \u00e0 quita\u00e7\u00e3o de um empr\u00e9stimo pessoal.<\/p>\n<p class=\"wp-block-paragraph\">Roberta tamb\u00e9m negou que o dinheiro tenha rela\u00e7\u00e3o com sua atua\u00e7\u00e3o como lobista.<\/p>\n<blockquote class=\"wp-block-quote is-layout-flow wp-block-quote-is-layout-flow\">\n<p class=\"wp-block-paragraph\"><strong>\u201cN\u00e3o fiz pagamentos ao Marcola. Eu ajudei um amigo. \u00d3bvio, eu deveria ter sido atenta ao fato de ser ele chefe de gabinete do presidente. Mas \u00e9 covardia \u2018linkar\u2019 uma coisa na outra\u201d<\/strong><\/p>\n<\/blockquote>\n<p class=\"wp-block-paragraph\">A PF, por\u00e9m, investiga a rela\u00e7\u00e3o entre os dois. Mensagens apreendidas no celular da empres\u00e1ria tamb\u00e9m registram pedidos e benef\u00edcios destinados a Marcola, incluindo a compra de joias e a negocia\u00e7\u00e3o de um quadro.<\/p>\n<h3 class=\"wp-block-heading\">Investiga\u00e7\u00e3o alcan\u00e7a neg\u00f3cios com o governo<\/h3>\n<p class=\"wp-block-paragraph\">As apura\u00e7\u00f5es tamb\u00e9m identificaram mensagens sobre tentativas de neg\u00f3cios em \u00f3rg\u00e3os federais.<\/p>\n<p class=\"wp-block-paragraph\">A PF investiga, por exemplo, se Roberta atuou para intermediar neg\u00f3cios nos <strong>Correios<\/strong>. Uma minuta encontrada em seu celular previa comiss\u00e3o de 50% para a empresa da empres\u00e1ria sobre determinadas vendas. A investiga\u00e7\u00e3o tamb\u00e9m analisa uma mensagem em que ela cita a estatal.<\/p>\n<figure class=\"wp-block-image size-full\"><img fetchpriority=\"high\" decoding=\"async\" width=\"380\" height=\"352\" src=\"https:\/\/claudiodantas.com.br\/wp-content\/uploads\/2026\/08\/FYP64SJ3LFDOPAK344FD3BLFUE.avif\" alt=\"Roberta Luchsinger ostenta luxo, mas acumula d\u00edvidas na Justi\u00e7a\" class=\"wp-image-114787\" srcset=\"https:\/\/claudiodantas.com.br\/wp-content\/uploads\/2026\/08\/FYP64SJ3LFDOPAK344FD3BLFUE.avif 380w, https:\/\/claudiodantas.com.br\/wp-content\/uploads\/2026\/08\/FYP64SJ3LFDOPAK344FD3BLFUE-300x278.avif 300w\" sizes=\"(max-width: 380px) 100vw, 380px\" data-pagespeed-url-hash=\"1809431756\" onload=\"pagespeed.lazyLoadImages.loadIfVisibleAndMaybeBeacon(this);\" onerror=\"this.onerror=null;pagespeed.lazyLoadImages.loadIfVisibleAndMaybeBeacon(this);\"\/><\/figure>\n<p class=\"wp-block-paragraph\">Outro n\u00facleo envolve o Minist\u00e9rio da Sa\u00fade. Roberta teria buscado apoio de integrantes do governo para tentar viabilizar neg\u00f3cios relacionados a medicamentos \u00e0 base de canabidiol e kits de testes de dengue.<\/p>\n<p class=\"wp-block-paragraph\">O conjunto das apura\u00e7\u00f5es est\u00e1 sob an\u00e1lise da PF e n\u00e3o representa, at\u00e9 o momento, condena\u00e7\u00e3o da empres\u00e1ria pelos fatos investigados.<\/p>\n<h3 class=\"wp-block-heading\">Defesa<\/h3>\n<p class=\"wp-block-paragraph\">Procurada pelo <em>Fant\u00e1stico<\/em>, Roberta n\u00e3o concedeu entrevista gravada. Ela enviou uma rela\u00e7\u00e3o dos processos citados e informou quais a\u00e7\u00f5es j\u00e1 foram arquivadas.<\/p>\n<p class=\"wp-block-paragraph\">Sobre o caso da fazenda, afirmou que tamb\u00e9m foi enganada pelo investidor e que o propriet\u00e1rio conhecia os riscos da opera\u00e7\u00e3o.<\/p>\n<p class=\"wp-block-paragraph\">No caso de Marcola, sustenta que os R$ 249 mil correspondem a um empr\u00e9stimo e nega que tenha feito pagamentos para obter favorecimento no governo. A vers\u00e3o de Marcola tamb\u00e9m \u00e9 a de que a opera\u00e7\u00e3o teve natureza exclusivamente privada.<\/p>\n<\/div>\n<p><script>!function(f,b,e,v,n,t,s){if(f.fbq)return;n=f.fbq=function(){n.callMethod?n.callMethod.apply(n,arguments):n.queue.push(arguments)};if(!f._fbq)f._fbq=n;n.push=n;n.loaded=!0;n.version='2.0';n.queue=[];t=b.createElement(e);t.async=!0;t.src=v;s=b.getElementsByTagName(e)[0];s.parentNode.insertBefore(t,s)}(window,document,'script','https:\/\/connect.facebook.net\/en_US\/fbevents.js');fbq('init','1423865622537930');fbq('track','PageView');<\/script><br \/>\n<br \/><br \/>\n<br \/><a href=\"https:\/\/claudiodantas.com.br\/roberta-luchsinger-ostenta-luxo-mas-acumula-dividas-na-justica\/\">Source link <\/a><\/p>","protected":false},"excerpt":{"rendered":"<p>A empres\u00e1ria e lobista Roberta Luchsinger, amiga de Lulinha, responde a uma s\u00e9rie de a\u00e7\u00f5es judiciais por d\u00edvidas em S\u00e3o Paulo e Minas Gerais. As cobran\u00e7as envolvem servi\u00e7os prestados, aluguel,&hellip;<\/p>","protected":false},"author":1,"featured_media":140550,"comment_status":"closed","ping_status":"open","sticky":false,"template":"","format":"standard","meta":{"content-type":"","footnotes":""},"categories":[16],"tags":[],"class_list":["post-141435","post","type-post","status-publish","format-standard","has-post-thumbnail","hentry","category-noticias"],"_links":{"self":[{"href":"https:\/\/tvbrazilusa.com\/pt\/wp-json\/wp\/v2\/posts\/141435","targetHints":{"allow":["GET"]}}],"collection":[{"href":"https:\/\/tvbrazilusa.com\/pt\/wp-json\/wp\/v2\/posts"}],"about":[{"href":"https:\/\/tvbrazilusa.com\/pt\/wp-json\/wp\/v2\/types\/post"}],"author":[{"embeddable":true,"href":"https:\/\/tvbrazilusa.com\/pt\/wp-json\/wp\/v2\/users\/1"}],"replies":[{"embeddable":true,"href":"https:\/\/tvbrazilusa.com\/pt\/wp-json\/wp\/v2\/comments?post=141435"}],"version-history":[{"count":1,"href":"https:\/\/tvbrazilusa.com\/pt\/wp-json\/wp\/v2\/posts\/141435\/revisions"}],"predecessor-version":[{"id":141436,"href":"https:\/\/tvbrazilusa.com\/pt\/wp-json\/wp\/v2\/posts\/141435\/revisions\/141436"}],"wp:featuredmedia":[{"embeddable":true,"href":"https:\/\/tvbrazilusa.com\/pt\/wp-json\/wp\/v2\/media\/140550"}],"wp:attachment":[{"href":"https:\/\/tvbrazilusa.com\/pt\/wp-json\/wp\/v2\/media?parent=141435"}],"wp:term":[{"taxonomy":"category","embeddable":true,"href":"https:\/\/tvbrazilusa.com\/pt\/wp-json\/wp\/v2\/categories?post=141435"},{"taxonomy":"post_tag","embeddable":true,"href":"https:\/\/tvbrazilusa.com\/pt\/wp-json\/wp\/v2\/tags?post=141435"}],"curies":[{"name":"wp","href":"https:\/\/api.w.org\/{rel}","templated":true}]}}