{"id":141437,"date":"2026-08-31T13:37:00","date_gmt":"2026-08-31T13:37:00","guid":{"rendered":"https:\/\/tvbrazilusa.com\/2026\/08\/31\/judicializacao-de-dividas-passa-de-12-milhao-de-acoes\/"},"modified":"2026-08-31T13:54:32","modified_gmt":"2026-08-31T13:54:32","slug":"judicializacao-de-dividas-passa-de-12-milhao-de-acoes","status":"publish","type":"post","link":"https:\/\/tvbrazilusa.com\/pt\/2026\/08\/31\/judicializacao-de-dividas-passa-de-12-milhao-de-acoes\/","title":{"rendered":"Judicializa\u00e7\u00e3o de d\u00edvidas passa de 1,2 milh\u00e3o de a\u00e7\u00f5es"},"content":{"rendered":"<script async src=\"https:\/\/pagead2.googlesyndication.com\/pagead\/js\/adsbygoogle.js?client=ca-pub-8864793242727901\"\r\n     crossorigin=\"anonymous\"><\/script>\n<div id=\"cd-article-content\" itemprop=\"articleBody\">\n<p class=\"wp-block-paragraph\">As<strong> <a href=\"https:\/\/www.santander.com.br\/blog\/cobranca-judicial\" target=\"_blank\" rel=\"noopener\">cobran\u00e7as judiciais<\/a><\/strong> de <strong><a href=\"https:\/\/claudiodantas.com.br\/tag\/dividas\/\" data-type=\"post_tag\" data-id=\"1184\">d\u00edvidas<\/a><\/strong> privadas atingiram o maior n\u00edvel da s\u00e9rie hist\u00f3rica em 2025, com 1.239.537 novos processos de execu\u00e7\u00e3o de <strong>t\u00edtulos extrajudiciais<\/strong> n\u00e3o fiscais. O levantamento foi realizado pelo site g1 com base no <strong><a href=\"https:\/\/claudiodantas.com.br\/tag\/cnj\/\" data-type=\"post_tag\" data-id=\"53\">Painel de Estat\u00edsticas do Conselho Nacional de Justi\u00e7a (CNJ)<\/a><\/strong>.<\/p>\n<p><a href=\"https:\/\/whatsapp.com\/channel\/0029VaTFkH2HVvTbkE883x1x\" target=\"_blank\" class=\"whatsapp-channel-message\" rel=\"noopener\">\u2705 Siga o canal do Claudio Dantas no WhatsApp<\/a><\/p>\n<p class=\"wp-block-paragraph\">O n\u00famero representa uma alta de cerca de 60% em rela\u00e7\u00e3o a 2020, quando foram registrados 772.645 processos. A quantidade de a\u00e7\u00f5es cresceu de forma cont\u00ednua desde ent\u00e3o, acompanhando o avan\u00e7o do endividamento das fam\u00edlias brasileiras.<\/p>\n<p class=\"wp-block-paragraph\">Em mar\u00e7o, 80,4% das fam\u00edlias estavam endividadas, segundo a Pesquisa de Endividamento e Inadimpl\u00eancia do Consumidor (Peic), da Confedera\u00e7\u00e3o Nacional do Com\u00e9rcio de Bens, Servi\u00e7os e Turismo (CNC). Foi o maior percentual registrado pela s\u00e9rie hist\u00f3rica do levantamento.<\/p>\n<p class=\"wp-block-paragraph\">Os processos contabilizados podem envolver pessoas f\u00edsicas e empresas. As a\u00e7\u00f5es s\u00e3o utilizadas para cobrar d\u00edvidas privadas respaldadas por documentos que comprovam a exist\u00eancia do d\u00e9bito, como contratos de empr\u00e9stimos e financiamentos, d\u00edvidas de aluguel, cheques, duplicatas e financiamentos de ve\u00edculos ou im\u00f3veis.<\/p>\n<p class=\"wp-block-paragraph\">A trajet\u00f3ria de alta come\u00e7ou em 2020, com 772.645 novos processos. O total passou para 838.701 em 2021, 994.098 em 2022, 1.131.730 em 2023, 1.194.184 em 2024 e chegou a 1.239.537 em 2025.<\/p>\n<p class=\"wp-block-paragraph\">Nos tr\u00eas primeiros meses de 2026, foram registrados 295.541 novos processos, mantendo o volume de cobran\u00e7as judiciais em n\u00edvel elevado.<\/p>\n<\/div>\n<p><script>!function(f,b,e,v,n,t,s){if(f.fbq)return;n=f.fbq=function(){n.callMethod?n.callMethod.apply(n,arguments):n.queue.push(arguments)};if(!f._fbq)f._fbq=n;n.push=n;n.loaded=!0;n.version='2.0';n.queue=[];t=b.createElement(e);t.async=!0;t.src=v;s=b.getElementsByTagName(e)[0];s.parentNode.insertBefore(t,s)}(window,document,'script','https:\/\/connect.facebook.net\/en_US\/fbevents.js');fbq('init','1423865622537930');fbq('track','PageView');<\/script><br \/>\n<br \/><br \/>\n<br \/><a href=\"https:\/\/claudiodantas.com.br\/recorde-judicializacao-dividas-1-milhao-acoes\/\">Source link <\/a><\/p>","protected":false},"excerpt":{"rendered":"<p>As cobran\u00e7as judiciais de d\u00edvidas privadas atingiram o maior n\u00edvel da s\u00e9rie hist\u00f3rica em 2025, com 1.239.537 novos processos de execu\u00e7\u00e3o de t\u00edtulos extrajudiciais n\u00e3o fiscais. O levantamento foi realizado&hellip;<\/p>","protected":false},"author":1,"featured_media":141438,"comment_status":"closed","ping_status":"open","sticky":false,"template":"","format":"standard","meta":{"content-type":"","footnotes":""},"categories":[16],"tags":[],"class_list":["post-141437","post","type-post","status-publish","format-standard","has-post-thumbnail","hentry","category-noticias"],"_links":{"self":[{"href":"https:\/\/tvbrazilusa.com\/pt\/wp-json\/wp\/v2\/posts\/141437","targetHints":{"allow":["GET"]}}],"collection":[{"href":"https:\/\/tvbrazilusa.com\/pt\/wp-json\/wp\/v2\/posts"}],"about":[{"href":"https:\/\/tvbrazilusa.com\/pt\/wp-json\/wp\/v2\/types\/post"}],"author":[{"embeddable":true,"href":"https:\/\/tvbrazilusa.com\/pt\/wp-json\/wp\/v2\/users\/1"}],"replies":[{"embeddable":true,"href":"https:\/\/tvbrazilusa.com\/pt\/wp-json\/wp\/v2\/comments?post=141437"}],"version-history":[{"count":1,"href":"https:\/\/tvbrazilusa.com\/pt\/wp-json\/wp\/v2\/posts\/141437\/revisions"}],"predecessor-version":[{"id":141439,"href":"https:\/\/tvbrazilusa.com\/pt\/wp-json\/wp\/v2\/posts\/141437\/revisions\/141439"}],"wp:featuredmedia":[{"embeddable":true,"href":"https:\/\/tvbrazilusa.com\/pt\/wp-json\/wp\/v2\/media\/141438"}],"wp:attachment":[{"href":"https:\/\/tvbrazilusa.com\/pt\/wp-json\/wp\/v2\/media?parent=141437"}],"wp:term":[{"taxonomy":"category","embeddable":true,"href":"https:\/\/tvbrazilusa.com\/pt\/wp-json\/wp\/v2\/categories?post=141437"},{"taxonomy":"post_tag","embeddable":true,"href":"https:\/\/tvbrazilusa.com\/pt\/wp-json\/wp\/v2\/tags?post=141437"}],"curies":[{"name":"wp","href":"https:\/\/api.w.org\/{rel}","templated":true}]}}