{"id":141444,"date":"2026-08-31T14:05:00","date_gmt":"2026-08-31T14:05:00","guid":{"rendered":"https:\/\/tvbrazilusa.com\/2026\/08\/31\/eduardo-chama-ex-comandante-da-fab-de-escoria-da-nacao\/"},"modified":"2026-08-31T14:12:25","modified_gmt":"2026-08-31T14:12:25","slug":"eduardo-chama-ex-comandante-da-fab-de-escoria-da-nacao","status":"publish","type":"post","link":"https:\/\/tvbrazilusa.com\/pt\/2026\/08\/31\/eduardo-chama-ex-comandante-da-fab-de-escoria-da-nacao\/","title":{"rendered":"Eduardo chama ex-comandante da FAB de &#8216;esc\u00f3ria da na\u00e7\u00e3o&#8217;"},"content":{"rendered":"<script async src=\"https:\/\/pagead2.googlesyndication.com\/pagead\/js\/adsbygoogle.js?client=ca-pub-8864793242727901\"\r\n     crossorigin=\"anonymous\"><\/script>\n<div id=\"cd-article-content\" itemprop=\"articleBody\">\n<p class=\"wp-block-paragraph\">O ex-deputado federal <strong><a href=\"https:\/\/x.com\/BolsonaroSP\">Eduardo Bolsonaro (PL-SP)<\/a><\/strong> criticou nesta manh\u00e3 (31) o ex-comandante da For\u00e7a A\u00e9rea Brasileira (FAB) <strong><a href=\"https:\/\/claudiodantas.com.br\/tag\/baptista-junior\/\" data-type=\"post_tag\" data-id=\"10549\">Carlos de Almeida Baptista J\u00fanior<\/a><\/strong>, ap\u00f3s o militar rebater declara\u00e7\u00e3o do senador e candidato \u00e0 Presid\u00eancia da Rep\u00fablica <strong><a href=\"https:\/\/claudiodantas.com.br\/tag\/flavio-bolsonaro-pl-rj\/\" data-type=\"post_tag\" data-id=\"14129\">Fl\u00e1vio Bolsonaro (PL-RJ)<\/a><\/strong>.<\/p>\n<p><a href=\"https:\/\/whatsapp.com\/channel\/0029VaTFkH2HVvTbkE883x1x\" target=\"_blank\" class=\"whatsapp-channel-message\" rel=\"noopener\">\u2705 Siga o canal do Claudio Dantas no WhatsApp<\/a><\/p>\n<p class=\"wp-block-paragraph\">Eduardo chamou Baptista J\u00fanior de \u201cesc\u00f3ria da nossa na\u00e7\u00e3o\u201d e afirmou que o ex-comandante \u201cser\u00e1 sempre visto como um sujeito menor\u201d. \u201cVoc\u00ea \u00e9 um covarde que para justificar ser um sujeito pequeno e med\u00edocre chama de tentativa de golpe senhorinhas e pais de fam\u00edlias protestando contra o regime de exce\u00e7\u00e3o\u201d, escreveu no X.<\/p>\n<figure class=\"wp-block-embed is-type-rich is-provider-x wp-block-embed-x\">\n<div class=\"wp-block-embed__wrapper\">\n<blockquote class=\"twitter-tweet\" data-width=\"500\" data-dnt=\"true\">\n<p lang=\"pt\" dir=\"ltr\">Voc\u00ea \u00e9 um covarde que para justificar ser um sujeito pequeno e med\u00edocre chama de tentativa de golpe senhorinhas e pais de fam\u00edlias protestando contra o regime de exce\u00e7\u00e3o.<\/p>\n<p>Voc\u00ea \u00e9 a esc\u00f3ria da nossa na\u00e7\u00e3o, ser\u00e1 sempre visto como um sujeito menor, um coadjuvante disposto a todo\u2026 <a href=\"https:\/\/t.co\/rtCMoOdO4k\">pic.twitter.com\/rtCMoOdO4k<\/a><\/p>\n<p>\u2014 Eduardo Bolsonaro\ud83c\udde7\ud83c\uddf7 (@BolsonaroSP) <a href=\"https:\/\/x.com\/BolsonaroSP\/status\/2094243538653299180?ref_src=twsrc%5Etfw\">August 31, 2026<\/a><\/p><\/blockquote>\n<\/div>\n<\/figure>\n<p class=\"wp-block-paragraph\">A rea\u00e7\u00e3o ocorreu depois de Baptista J\u00fanior negar, nas redes sociais, a afirma\u00e7\u00e3o de Fl\u00e1vio de que \u201cestaria pedindo voto\u201d para o presidente Lula (PT).<\/p>\n<p class=\"wp-block-paragraph\">\u201cA leviandade de dizer que fa\u00e7o campanha para a reelei\u00e7\u00e3o do presidente Lula, apresentada para n\u00e3o abordar a verdadeira pergunta colocada no debate de ontem, na Globo, \u00e9 antes de tudo uma ferramenta para fugir da responsabilidade de respond\u00ea-la \u2014 algo entendido na figura de filho, mas n\u00e3o de algu\u00e9m que se proponha a nos presidir\u201d, escreveu no X.<\/p>\n<p class=\"wp-block-paragraph\">O ex-comandante tamb\u00e9m criticou o senador Rog\u00e9rio Marinho (PL-RN), coordenador-geral da campanha de Fl\u00e1vio, e fez refer\u00eancia ao ex-presidente Fernando Collor e aos \u201cCaras-Pintadas\u201d: \u201c[\u2026] Sugiro n\u00e3o incorporar o esp\u00edrito do nosso querido Zagallo, exigindo agressivamente que \u2018a tal direita consentida vai ter que nos engolir\u2019. Lembre-se do chamamento de Fernando Collor aos \u2018Caras-Pintadas&#8217;\u201d.<\/p>\n<figure class=\"wp-block-embed is-type-rich is-provider-x wp-block-embed-x\">\n<div class=\"wp-block-embed__wrapper\">\n<blockquote class=\"twitter-tweet\" data-width=\"500\" data-dnt=\"true\">\n<p lang=\"pt\" dir=\"ltr\">A leviandade de dizer que fa\u00e7o campanha para a reelei\u00e7\u00e3o do presidente Lula, apresentada para n\u00e3o abordar a verdadeira pergunta colocada no debate de ontem, na Globo, \u00e9 antes de tudo uma ferramenta para fugir da responsabilidade de respond\u00ea-la \u2014 algo entendido na figura de filho,\u2026 <a href=\"https:\/\/t.co\/SIxlERrco1\">pic.twitter.com\/SIxlERrco1<\/a><\/p>\n<p>\u2014 Baptista Jr (@CBaptistaJr) <a href=\"https:\/\/x.com\/CBaptistaJr\/status\/2093796864726343868?ref_src=twsrc%5Etfw\">August 29, 2026<\/a><\/p><\/blockquote>\n<\/div>\n<\/figure>\n<\/div>\n<p><script async src=\"\/\/platform.twitter.com\/widgets.js\" charset=\"utf-8\"><\/script><script>!function(f,b,e,v,n,t,s){if(f.fbq)return;n=f.fbq=function(){n.callMethod?n.callMethod.apply(n,arguments):n.queue.push(arguments)};if(!f._fbq)f._fbq=n;n.push=n;n.loaded=!0;n.version='2.0';n.queue=[];t=b.createElement(e);t.async=!0;t.src=v;s=b.getElementsByTagName(e)[0];s.parentNode.insertBefore(t,s)}(window,document,'script','https:\/\/connect.facebook.net\/en_US\/fbevents.js');fbq('init','1423865622537930');fbq('track','PageView');<\/script><br \/>\n<br \/><br \/>\n<br \/><a href=\"https:\/\/claudiodantas.com.br\/eduardo-ex-comandante-fab-escoria\/\">Source link <\/a><\/p>","protected":false},"excerpt":{"rendered":"<p>O ex-deputado federal Eduardo Bolsonaro (PL-SP) criticou nesta manh\u00e3 (31) o ex-comandante da For\u00e7a A\u00e9rea Brasileira (FAB) Carlos de Almeida Baptista J\u00fanior, ap\u00f3s o militar rebater declara\u00e7\u00e3o do senador e&hellip;<\/p>","protected":false},"author":1,"featured_media":131718,"comment_status":"closed","ping_status":"open","sticky":false,"template":"","format":"standard","meta":{"content-type":"","footnotes":""},"categories":[16],"tags":[],"class_list":["post-141444","post","type-post","status-publish","format-standard","has-post-thumbnail","hentry","category-noticias"],"_links":{"self":[{"href":"https:\/\/tvbrazilusa.com\/pt\/wp-json\/wp\/v2\/posts\/141444","targetHints":{"allow":["GET"]}}],"collection":[{"href":"https:\/\/tvbrazilusa.com\/pt\/wp-json\/wp\/v2\/posts"}],"about":[{"href":"https:\/\/tvbrazilusa.com\/pt\/wp-json\/wp\/v2\/types\/post"}],"author":[{"embeddable":true,"href":"https:\/\/tvbrazilusa.com\/pt\/wp-json\/wp\/v2\/users\/1"}],"replies":[{"embeddable":true,"href":"https:\/\/tvbrazilusa.com\/pt\/wp-json\/wp\/v2\/comments?post=141444"}],"version-history":[{"count":1,"href":"https:\/\/tvbrazilusa.com\/pt\/wp-json\/wp\/v2\/posts\/141444\/revisions"}],"predecessor-version":[{"id":141445,"href":"https:\/\/tvbrazilusa.com\/pt\/wp-json\/wp\/v2\/posts\/141444\/revisions\/141445"}],"wp:featuredmedia":[{"embeddable":true,"href":"https:\/\/tvbrazilusa.com\/pt\/wp-json\/wp\/v2\/media\/131718"}],"wp:attachment":[{"href":"https:\/\/tvbrazilusa.com\/pt\/wp-json\/wp\/v2\/media?parent=141444"}],"wp:term":[{"taxonomy":"category","embeddable":true,"href":"https:\/\/tvbrazilusa.com\/pt\/wp-json\/wp\/v2\/categories?post=141444"},{"taxonomy":"post_tag","embeddable":true,"href":"https:\/\/tvbrazilusa.com\/pt\/wp-json\/wp\/v2\/tags?post=141444"}],"curies":[{"name":"wp","href":"https:\/\/api.w.org\/{rel}","templated":true}]}}