{"id":141451,"date":"2026-08-31T14:41:50","date_gmt":"2026-08-31T14:41:50","guid":{"rendered":"https:\/\/tvbrazilusa.com\/2026\/08\/31\/instituto-livre-mercado-cria-bancada-com-158-candidatos-pela-liberdade-economica\/"},"modified":"2026-08-31T14:43:30","modified_gmt":"2026-08-31T14:43:30","slug":"instituto-livre-mercado-cria-bancada-com-158-candidatos-pela-liberdade-economica","status":"publish","type":"post","link":"https:\/\/tvbrazilusa.com\/pt\/2026\/08\/31\/instituto-livre-mercado-cria-bancada-com-158-candidatos-pela-liberdade-economica\/","title":{"rendered":"Instituto Livre Mercado cria bancada com 158 candidatos pela liberdade econ\u00f4mica"},"content":{"rendered":"<p> <script async src=\"https:\/\/pagead2.googlesyndication.com\/pagead\/js\/adsbygoogle.js?client=ca-pub-8864793242727901\"\r\n     crossorigin=\"anonymous\"><\/script><br \/>\n<\/p>\n<div id=\"cd-article-content\" itemprop=\"articleBody\">\n<p class=\"wp-block-paragraph\">O Instituto Livre Mercado (ILM) lan\u00e7ou a <strong><a href=\"https:\/\/bancada.livremercado.org.br\/\" target=\"_blank\" rel=\"noopener\">Bancada <\/a>do Livre Mercado<\/strong>, iniciativa que j\u00e1 re\u00fane <strong>158 candidatos de todo o Brasil<\/strong> em torno de um compromisso p\u00fablico com a liberdade econ\u00f4mica. Entre os participantes est\u00e3o tr\u00eas presidenci\u00e1veis: <strong><a href=\"https:\/\/claudiodantas.com.br\/tag\/flavio-bolsonaro\/\" data-type=\"post_tag\" data-id=\"1865\">Fl\u00e1vio <\/a>Bolsonaro (PL), Renan Santos (Miss\u00e3o) e Romeu Zema (Novo)<\/strong>.<\/p>\n<p><a href=\"https:\/\/whatsapp.com\/channel\/0029VaTFkH2HVvTbkE883x1x\" target=\"_blank\" class=\"whatsapp-channel-message\" rel=\"noopener\">\u2705 Siga o canal do Claudio Dantas no WhatsApp<\/a><\/p>\n<p class=\"wp-block-paragraph\">A iniciativa re\u00fane candidatos de diferentes partidos e cargos eletivos. A ades\u00e3o ocorre por meio da assinatura de um <strong>Termo de Compromisso<\/strong>, que estabelece uma agenda de defesa da livre iniciativa, redu\u00e7\u00e3o de barreiras ao empreendedorismo e oposi\u00e7\u00e3o ao aumento da carga <a href=\"https:\/\/claudiodantas.com.br\/tag\/tributaria\/\" data-type=\"post_tag\" data-id=\"14167\">tribut\u00e1ria <\/a>sobre trabalhadores, empreendedores e empresas.<\/p>\n<p class=\"wp-block-paragraph\">Segundo o ILM, a bancada n\u00e3o pretende criar uma nova legenda nem estabelecer uma alian\u00e7a eleitoral entre os candidatos. O objetivo \u00e9 tornar p\u00fablicos os compromissos econ\u00f4micos assumidos durante a campanha e ampliar o debate sobre liberdade econ\u00f4mica nas elei\u00e7\u00f5es.<\/p>\n<blockquote class=\"wp-block-quote is-layout-flow wp-block-quote-is-layout-flow\">\n<p class=\"wp-block-paragraph\"><strong>\u201cA Bancada do Livre Mercado n\u00e3o \u00e9 um partido. \u00c9 um compromisso. O que importa n\u00e3o \u00e9 a legenda, mas a disposi\u00e7\u00e3o de defender uma agenda de liberdade econ\u00f4mica\u201d,<\/strong> afirma Rodrigo Marinho, CEO do Instituto Livre Mercado.<\/p>\n<\/blockquote>\n<p class=\"wp-block-paragraph\">A ades\u00e3o permanece aberta a candidatos de qualquer partido e a diferentes cargos. Segundo o instituto, novos nomes poder\u00e3o assinar o compromisso at\u00e9 as elei\u00e7\u00f5es.<\/p>\n<p class=\"wp-block-paragraph\">Os candidatos que aderirem \u00e0 iniciativa poder\u00e3o ser consultados no site da Bancada do Livre Mercado. Os nomes tamb\u00e9m ser\u00e3o divulgados nas redes sociais do movimento.<\/p>\n<h3 class=\"wp-block-heading\">Compromisso com a liberdade econ\u00f4mica<\/h3>\n<p class=\"wp-block-paragraph\">O Termo de Compromisso estabelece os princ\u00edpios que os candidatos assumem ao aderir \u00e0 bancada. Entre os pontos est\u00e3o a defesa da livre iniciativa, do empreendedorismo e de um ambiente econ\u00f4mico com menos barreiras para quem produz.<\/p>\n<figure class=\"wp-block-image size-large\"><\/figure>\n<p class=\"wp-block-paragraph\">A proposta tamb\u00e9m prev\u00ea oposi\u00e7\u00e3o ao aumento da carga tribut\u00e1ria e busca dar ao eleitor uma refer\u00eancia sobre o posicionamento econ\u00f4mico dos candidatos.<\/p>\n<p class=\"wp-block-paragraph\">Para o Instituto Livre Mercado, a iniciativa permite comparar publicamente os compromissos assumidos pelos postulantes, independentemente da legenda \u00e0 qual est\u00e3o filiados.<\/p>\n<\/div>\n<p><script>!function(f,b,e,v,n,t,s){if(f.fbq)return;n=f.fbq=function(){n.callMethod?n.callMethod.apply(n,arguments):n.queue.push(arguments)};if(!f._fbq)f._fbq=n;n.push=n;n.loaded=!0;n.version='2.0';n.queue=[];t=b.createElement(e);t.async=!0;t.src=v;s=b.getElementsByTagName(e)[0];s.parentNode.insertBefore(t,s)}(window,document,'script','https:\/\/connect.facebook.net\/en_US\/fbevents.js');fbq('init','1423865622537930');fbq('track','PageView');<\/script><br \/>\n<br \/><br \/>\n<br \/><a href=\"https:\/\/claudiodantas.com.br\/instituto-livre-mercado-cria-bancada-com-158-candidatos-pela-liberdade-economica\/\">Source link <\/a><\/p>","protected":false},"excerpt":{"rendered":"<p>O Instituto Livre Mercado (ILM) lan\u00e7ou a Bancada do Livre Mercado, iniciativa que j\u00e1 re\u00fane 158 candidatos de todo o Brasil em torno de um compromisso p\u00fablico com a liberdade&hellip;<\/p>","protected":false},"author":1,"featured_media":141452,"comment_status":"closed","ping_status":"open","sticky":false,"template":"","format":"standard","meta":{"content-type":"","footnotes":""},"categories":[16],"tags":[],"class_list":["post-141451","post","type-post","status-publish","format-standard","has-post-thumbnail","hentry","category-noticias"],"_links":{"self":[{"href":"https:\/\/tvbrazilusa.com\/pt\/wp-json\/wp\/v2\/posts\/141451","targetHints":{"allow":["GET"]}}],"collection":[{"href":"https:\/\/tvbrazilusa.com\/pt\/wp-json\/wp\/v2\/posts"}],"about":[{"href":"https:\/\/tvbrazilusa.com\/pt\/wp-json\/wp\/v2\/types\/post"}],"author":[{"embeddable":true,"href":"https:\/\/tvbrazilusa.com\/pt\/wp-json\/wp\/v2\/users\/1"}],"replies":[{"embeddable":true,"href":"https:\/\/tvbrazilusa.com\/pt\/wp-json\/wp\/v2\/comments?post=141451"}],"version-history":[{"count":1,"href":"https:\/\/tvbrazilusa.com\/pt\/wp-json\/wp\/v2\/posts\/141451\/revisions"}],"predecessor-version":[{"id":141453,"href":"https:\/\/tvbrazilusa.com\/pt\/wp-json\/wp\/v2\/posts\/141451\/revisions\/141453"}],"wp:featuredmedia":[{"embeddable":true,"href":"https:\/\/tvbrazilusa.com\/pt\/wp-json\/wp\/v2\/media\/141452"}],"wp:attachment":[{"href":"https:\/\/tvbrazilusa.com\/pt\/wp-json\/wp\/v2\/media?parent=141451"}],"wp:term":[{"taxonomy":"category","embeddable":true,"href":"https:\/\/tvbrazilusa.com\/pt\/wp-json\/wp\/v2\/categories?post=141451"},{"taxonomy":"post_tag","embeddable":true,"href":"https:\/\/tvbrazilusa.com\/pt\/wp-json\/wp\/v2\/tags?post=141451"}],"curies":[{"name":"wp","href":"https:\/\/api.w.org\/{rel}","templated":true}]}}