{"id":141454,"date":"2026-08-31T14:51:00","date_gmt":"2026-08-31T14:51:00","guid":{"rendered":"https:\/\/tvbrazilusa.com\/2026\/08\/31\/brasil-e-eua-iniciam-hoje-nova-fase-de-negociacoes-sobre-tarifaco\/"},"modified":"2026-08-31T14:55:39","modified_gmt":"2026-08-31T14:55:39","slug":"brasil-e-eua-iniciam-hoje-nova-fase-de-negociacoes-sobre-tarifaco","status":"publish","type":"post","link":"https:\/\/tvbrazilusa.com\/pt\/2026\/08\/31\/brasil-e-eua-iniciam-hoje-nova-fase-de-negociacoes-sobre-tarifaco\/","title":{"rendered":"Brasil e EUA iniciam hoje nova fase de negocia\u00e7\u00f5es sobre tarifa\u00e7o"},"content":{"rendered":"<script async src=\"https:\/\/pagead2.googlesyndication.com\/pagead\/js\/adsbygoogle.js?client=ca-pub-8864793242727901\"\r\n     crossorigin=\"anonymous\"><\/script>\n<div id=\"cd-article-content\" itemprop=\"articleBody\">\n<p class=\"wp-block-paragraph\">Representantes do <strong><a href=\"https:\/\/pt.wikipedia.org\/wiki\/Pris%C3%A3o_de_Luiz_In%C3%A1cio_Lula_da_Silva\" target=\"_blank\" rel=\"noopener\">governo Lula (PT)<\/a><\/strong> e integrantes do <strong><a href=\"https:\/\/claudiodantas.com.br\/tag\/governo-trump\/\" data-type=\"post_tag\" data-id=\"889\">governo Trump<\/a><\/strong> retomam nesta segunda-feira (31) as negocia\u00e7\u00f5es sobre o tarifa\u00e7o aplicado pelos <strong><a href=\"https:\/\/claudiodantas.com.br\/tag\/eua\/\" data-type=\"link\" data-id=\"https:\/\/claudiodantas.com.br\/tag\/eua\/\">EUA<\/a><\/strong> a <strong>produtos brasileiros<\/strong>. A reuni\u00e3o ser\u00e1 virtual, \u00e0s 14h30, e marca a reabertura do canal de di\u00e1logo entre os dois pa\u00edses.<\/p>\n<p><a href=\"https:\/\/whatsapp.com\/channel\/0029VaTFkH2HVvTbkE883x1x\" target=\"_blank\" class=\"whatsapp-channel-message\" rel=\"noopener\">\u2705 Siga o canal do Claudio Dantas no WhatsApp<\/a><\/p>\n<p class=\"wp-block-paragraph\">Pelo Brasil, participam das tratativas os ministros M\u00e1rcio Elias Rosa (Desenvolvimento, Ind\u00fastria e Com\u00e9rcio) e Mauro Vieira (Rela\u00e7\u00f5es Exteriores), al\u00e9m de assessores do presidente Lula, como o diplomata Audo Faleiro. Antes da conversa com os americanos, os ministros se reuniram no Itamaraty para definir a posi\u00e7\u00e3o que ser\u00e1 apresentada ao governo Trump.<\/p>\n<p class=\"wp-block-paragraph\">A retomada das negocia\u00e7\u00f5es ocorre cerca de 10 dias depois de uma conversa telef\u00f4nica entre Lula e Trump. Em 21 de agosto, os presidentes falaram por aproximadamente 1 hora e 20 minutos e concordaram em reabrir as discuss\u00f5es sobre as tarifas. O governo petista alega que o tarifa\u00e7o \u00e9 infundado.<\/p>\n<p class=\"wp-block-paragraph\">Segundo o Pal\u00e1cio do Planalto, os presidentes tamb\u00e9m trataram de conflitos internacionais e da decis\u00e3o dos Estados Unidos de classificar fac\u00e7\u00f5es criminosas brasileiras como organiza\u00e7\u00f5es terroristas. No tema comercial, Lula contestou as justificativas apresentadas por Washington e defendeu a retomada das conversas.<\/p>\n<p class=\"wp-block-paragraph\">Os EUA aplicaram duas sobretaxas sobre produtos brasileiros. A primeira \u00e9 de 25%, baseada na alega\u00e7\u00e3o de que o Brasil adota pr\u00e1ticas desleais contra empresas americanas em seis setores, incluindo PIX, desmatamento, propriedade intelectual e etanol.<\/p>\n<p class=\"wp-block-paragraph\">A segunda acrescenta 12,5% sobre produtos de pa\u00edses que, segundo Washington, n\u00e3o impediram ou fiscalizaram adequadamente a entrada de mercadorias produzidas com trabalho for\u00e7ado. Em determinados produtos, as duas cobran\u00e7as podem resultar em uma tarifa total de 37,5%.<\/p>\n<p class=\"wp-block-paragraph\">O Brasil levou a disputa \u00e0 Organiza\u00e7\u00e3o Mundial do Com\u00e9rcio (OMC), sob o argumento de que as medidas americanas s\u00e3o discriminat\u00f3rias e violam compromissos assumidos pelos Estados Unidos na entidade. Washington afirmou estar \u201c\u00e0 disposi\u00e7\u00e3o\u201d para negociar, mas ainda n\u00e3o indicou se haver\u00e1 redu\u00e7\u00e3o ou retirada das tarifas.<\/p>\n<\/div>\n<p><script>!function(f,b,e,v,n,t,s){if(f.fbq)return;n=f.fbq=function(){n.callMethod?n.callMethod.apply(n,arguments):n.queue.push(arguments)};if(!f._fbq)f._fbq=n;n.push=n;n.loaded=!0;n.version='2.0';n.queue=[];t=b.createElement(e);t.async=!0;t.src=v;s=b.getElementsByTagName(e)[0];s.parentNode.insertBefore(t,s)}(window,document,'script','https:\/\/connect.facebook.net\/en_US\/fbevents.js');fbq('init','1423865622537930');fbq('track','PageView');<\/script><br \/>\n<br \/><br \/>\n<br \/><a href=\"https:\/\/claudiodantas.com.br\/brasil-eua-iniciam-nova-negociacoes-tarifaco\/\">Source link <\/a><\/p>","protected":false},"excerpt":{"rendered":"<p>Representantes do governo Lula (PT) e integrantes do governo Trump retomam nesta segunda-feira (31) as negocia\u00e7\u00f5es sobre o tarifa\u00e7o aplicado pelos EUA a produtos brasileiros. A reuni\u00e3o ser\u00e1 virtual, \u00e0s&hellip;<\/p>","protected":false},"author":1,"featured_media":141455,"comment_status":"closed","ping_status":"open","sticky":false,"template":"","format":"standard","meta":{"content-type":"","footnotes":""},"categories":[16],"tags":[],"class_list":["post-141454","post","type-post","status-publish","format-standard","has-post-thumbnail","hentry","category-noticias"],"_links":{"self":[{"href":"https:\/\/tvbrazilusa.com\/pt\/wp-json\/wp\/v2\/posts\/141454","targetHints":{"allow":["GET"]}}],"collection":[{"href":"https:\/\/tvbrazilusa.com\/pt\/wp-json\/wp\/v2\/posts"}],"about":[{"href":"https:\/\/tvbrazilusa.com\/pt\/wp-json\/wp\/v2\/types\/post"}],"author":[{"embeddable":true,"href":"https:\/\/tvbrazilusa.com\/pt\/wp-json\/wp\/v2\/users\/1"}],"replies":[{"embeddable":true,"href":"https:\/\/tvbrazilusa.com\/pt\/wp-json\/wp\/v2\/comments?post=141454"}],"version-history":[{"count":1,"href":"https:\/\/tvbrazilusa.com\/pt\/wp-json\/wp\/v2\/posts\/141454\/revisions"}],"predecessor-version":[{"id":141456,"href":"https:\/\/tvbrazilusa.com\/pt\/wp-json\/wp\/v2\/posts\/141454\/revisions\/141456"}],"wp:featuredmedia":[{"embeddable":true,"href":"https:\/\/tvbrazilusa.com\/pt\/wp-json\/wp\/v2\/media\/141455"}],"wp:attachment":[{"href":"https:\/\/tvbrazilusa.com\/pt\/wp-json\/wp\/v2\/media?parent=141454"}],"wp:term":[{"taxonomy":"category","embeddable":true,"href":"https:\/\/tvbrazilusa.com\/pt\/wp-json\/wp\/v2\/categories?post=141454"},{"taxonomy":"post_tag","embeddable":true,"href":"https:\/\/tvbrazilusa.com\/pt\/wp-json\/wp\/v2\/tags?post=141454"}],"curies":[{"name":"wp","href":"https:\/\/api.w.org\/{rel}","templated":true}]}}