{"id":141457,"date":"2026-08-31T15:13:23","date_gmt":"2026-08-31T15:13:23","guid":{"rendered":"https:\/\/tvbrazilusa.com\/2026\/08\/31\/75-alvos-da-lava-jato-concorrem-na-eleicao-de-2026-incluindo-lula-ze-dirceu-e-gleisi-paulo-figueiredo\/"},"modified":"2026-08-31T15:13:36","modified_gmt":"2026-08-31T15:13:36","slug":"75-alvos-da-lava-jato-concorrem-na-eleicao-de-2026-incluindo-lula-ze-dirceu-e-gleisi-paulo-figueiredo","status":"publish","type":"post","link":"https:\/\/tvbrazilusa.com\/pt\/2026\/08\/31\/75-alvos-da-lava-jato-concorrem-na-eleicao-de-2026-incluindo-lula-ze-dirceu-e-gleisi-paulo-figueiredo\/","title":{"rendered":"75 alvos da Lava Jato concorrem na elei\u00e7\u00e3o de 2026, incluindo Lula, Z\u00e9 Dirceu e Gleisi &#8211; Paulo Figueiredo"},"content":{"rendered":"<p> <script async src=\"https:\/\/pagead2.googlesyndication.com\/pagead\/js\/adsbygoogle.js?client=ca-pub-8864793242727901\"\r\n     crossorigin=\"anonymous\"><\/script><br \/>\n<\/p>\n<div id=\"wtr-content\" data-bg=\"#FFFFFF\" data-fg=\"#006d91\" data-width=\"25\" data-mute=\"1\" data-fgopacity=\"1.00\" data-mutedopacity=\"0.5\" data-placement=\"bottom\" data-placement-offset=\"0\" data-content-offset=\"262\" data-placement-touch=\"bottom\" data-placement-offset-touch=\"0\" data-transparent=\"\" data-shadow=\"0\" data-touch=\"1\" data-non-touch=\"1\" data-comments=\"0\" data-commentsbg=\"transparent\" data-location=\"page\" data-mutedfg=\"#006d91\" data-endfg=\"#006d91\" data-rtl=\"\">\n<p class=\"wp-block-paragraph\">O presidente\u00a0Luiz In\u00e1cio Lula da Silva\u00a0(PT) e outros 74 alvos da Opera\u00e7\u00e3o Lava Jato estar\u00e3o nas urnas nas elei\u00e7\u00f5es de 2026 em busca de diferentes cargos, segundo apura\u00e7\u00e3o publicada nesta segunda-feira (31) pelo site\u00a0<em>Poder360<\/em>. O levantamento foi baseado em registros da Justi\u00e7a Eleitoral, inqu\u00e9ritos e informa\u00e7\u00f5es publicadas na imprensa.<\/p>\n<p class=\"wp-block-paragraph\">Entre os 75 candidatos identificados, nove chegaram a ser presos durante os desdobramentos da opera\u00e7\u00e3o, embora nem todos tenham mantido condena\u00e7\u00f5es v\u00e1lidas.<\/p>\n<p class=\"wp-block-paragraph\">A lista re\u00fane situa\u00e7\u00f5es jur\u00eddicas diferentes, incluindo pessoas que foram apenas investigadas, tiveram den\u00fancias rejeitadas, inqu\u00e9ritos arquivados ou condena\u00e7\u00f5es posteriormente anuladas. Em alguns casos, houve cumprimento total ou parcial de penas antes de decis\u00f5es judiciais modificarem o resultado dos processos.<\/p>\n<p class=\"wp-block-paragraph\">O caso mais conhecido \u00e9 o de\u00a0Lula, que permaneceu 580 dias preso, entre 7 de abril de 2018 e 8 de novembro de 2019, ap\u00f3s ser\u00a0condenado por corrup\u00e7\u00e3o passiva e lavagem de dinheiro no processo do tr\u00edplex do Guaruj\u00e1. A senten\u00e7a em primeira inst\u00e2ncia foi proferida pelo ent\u00e3o juiz Sergio Moro (atual candidato do PL ao governo do Paran\u00e1), com base em den\u00fancia apresentada pela for\u00e7a-tarefa da Lava Jato do Minist\u00e9rio P\u00fablico Federal (MPF).<\/p>\n<p class=\"wp-block-paragraph\">A situa\u00e7\u00e3o jur\u00eddica do petista mudou em 2021 quando o ministro\u00a0Edson Fachin, do Supremo Tribunal Federal (STF), anulou as condena\u00e7\u00f5es\u00a0da Lava Jato ao entender que a 13\u00aa Vara Federal de Curitiba n\u00e3o tinha compet\u00eancia para julgar os casos. A decis\u00e3o foi posteriormente confirmada pelo plen\u00e1rio da Corte.<\/p>\n<p class=\"wp-block-paragraph\">Embora afirme que n\u00e3o h\u00e1 mais condena\u00e7\u00f5es, Lula n\u00e3o foi declarado inocentado nas decis\u00f5es e os processos foram remetidos \u00e0 primeira inst\u00e2ncia, sendo posteriormente considerados prescritos.<\/p>\n<p class=\"wp-block-paragraph\">Depois da reviravolta judicial, Lula disputou a presid\u00eancia em 2022 e venceu o ent\u00e3o presidente\u00a0Jair Bolsonaro\u00a0(PL) no segundo turno. Em 2026, o petista tenta a reelei\u00e7\u00e3o, enquanto outros nomes que tiveram algum tipo de envolvimento com a Lava Jato tamb\u00e9m buscam retornar ou permanecer na pol\u00edtica.<\/p>\n<p class=\"wp-block-paragraph\">Entre os candidatos que chegaram a ser presos est\u00e3o Andr\u00e9 Vargas (PT-PR), Beto Richa (PSDB-PR), Delc\u00eddio Amaral (PRD-MS), Del\u00fabio Soares (PT-GO), Eduardo Cunha (Republicanos-MG), Luiz Arg\u00f4lo (Republicanos-BA), Marconi Perillo (PSDB-GO) e Z\u00e9 Dirceu (PT-SP), al\u00e9m de Lula.<\/p>\n<p class=\"wp-block-paragraph\">Outros integrantes de destaque do PT aparecem na rela\u00e7\u00e3o, mas com situa\u00e7\u00f5es jur\u00eddicas distintas.\u00a0Gleisi Hoffmann\u00a0(PT-PR), candidata ao Senado, foi absolvida das acusa\u00e7\u00f5es relacionadas \u00e0 Lava Jato, enquanto Del\u00fabio Soares teve condena\u00e7\u00e3o anulada e Edinho Silva, candidato a deputado federal por S\u00e3o Paulo, teve inqu\u00e9ritos arquivados.<\/p>\n<p class=\"wp-block-paragraph\">Fernando Haddad\u00a0(PT-SP), candidato ao governo paulista e ex-ministro da Fazenda de Lula, tamb\u00e9m aparece entre os nomes investigados. Ele foi alvo de acusa\u00e7\u00f5es relacionadas a corrup\u00e7\u00e3o passiva, lavagem de dinheiro, caixa dois eleitoral e forma\u00e7\u00e3o de quadrilha, mas teve o inqu\u00e9rito da Lava Jato arquivado e foi absolvido ou teve os procedimentos encerrados nas acusa\u00e7\u00f5es.<\/p>\n<p class=\"wp-block-paragraph\">O PT \u00e9 o partido com maior n\u00famero de candidatos que foram alvos da opera\u00e7\u00e3o, com pelo menos 22 nomes, seguido pelo Progressistas, com 13, e pelo MDB, com nove. Na sequ\u00eancia aparecem PSD, com sete candidatos, e Republicanos, com seis.<\/p>\n<p class=\"wp-block-paragraph\">Tamb\u00e9m est\u00e3o na lista Ciro Nogueira (PP-PI), candidato ao Senado, que teve den\u00fancias rejeitadas; Arthur Lira (PP-AL), tamb\u00e9m candidato ao Senado, com den\u00fancias rejeitadas; Geraldo Alckmin (PSB-SP), candidato \u00e0 reelei\u00e7\u00e3o como vice-presidente na chapa de Lula, com a\u00e7\u00e3o trancada pela Justi\u00e7a; e Onyx Lorenzoni (PP-RS), candidato a deputado federal, que teve inqu\u00e9rito arquivado.<\/p>\n<p class=\"wp-block-paragraph\">A distribui\u00e7\u00e3o dos candidatos pelos cargos mostra que a C\u00e2mara dos Deputados \u00e9 o principal destino dos nomes ligados \u00e0 Lava Jato. O levantamento aponta:<\/p>\n<ul class=\"wp-block-list\">\n<li>39 candidatos a deputado federal;<\/li>\n<li>17 candidatos ao Senado;<\/li>\n<li>8 candidatos a governador;<\/li>\n<li>5 candidatos a deputado estadual;<\/li>\n<li>3 candidatos a vice-presidente;<\/li>\n<li>2 candidatos a primeiro suplente de senador;<\/li>\n<li>1 candidato a presidente.<\/li>\n<\/ul>\n<p class=\"wp-block-paragraph\">O levantamento tamb\u00e9m apurou o valor do patrim\u00f4nio declarado \u00e0 Justi\u00e7a Eleitoral: 54 dos 75 candidatos informaram possuir mais de R$ 1 milh\u00e3o em bens. Desse grupo, 15 declararam patrim\u00f4nio superior a R$ 10 milh\u00f5es.<\/p>\n<p class=\"wp-block-paragraph\"><strong><a href=\"https:\/\/www.gazetadopovo.com.br\/eleicoes\/2026\/lula-ze-dirceu-gleisi-alvos-lava-jato-concorrem-eleicao-2026\/\">Cr\u00e9dito Gazeta do Povo<\/a><\/strong><\/p>\n<\/div>\n<p><br \/>\n<br \/><a href=\"https:\/\/paulofigueiredoshow.com\/75-alvos-da-lava-jato-concorrem-na-eleicao-de-2026-incluindo-lula-ze-dirceu-e-gleisi\/\">Source link <\/a><\/p>","protected":false},"excerpt":{"rendered":"<p>O presidente\u00a0Luiz In\u00e1cio Lula da Silva\u00a0(PT) e outros 74 alvos da Opera\u00e7\u00e3o Lava Jato estar\u00e3o nas urnas nas elei\u00e7\u00f5es de 2026 em busca de diferentes cargos, segundo apura\u00e7\u00e3o publicada nesta&hellip;<\/p>","protected":false},"author":1,"featured_media":141458,"comment_status":"closed","ping_status":"open","sticky":false,"template":"","format":"standard","meta":{"content-type":"","footnotes":""},"categories":[16],"tags":[],"class_list":["post-141457","post","type-post","status-publish","format-standard","has-post-thumbnail","hentry","category-noticias"],"_links":{"self":[{"href":"https:\/\/tvbrazilusa.com\/pt\/wp-json\/wp\/v2\/posts\/141457","targetHints":{"allow":["GET"]}}],"collection":[{"href":"https:\/\/tvbrazilusa.com\/pt\/wp-json\/wp\/v2\/posts"}],"about":[{"href":"https:\/\/tvbrazilusa.com\/pt\/wp-json\/wp\/v2\/types\/post"}],"author":[{"embeddable":true,"href":"https:\/\/tvbrazilusa.com\/pt\/wp-json\/wp\/v2\/users\/1"}],"replies":[{"embeddable":true,"href":"https:\/\/tvbrazilusa.com\/pt\/wp-json\/wp\/v2\/comments?post=141457"}],"version-history":[{"count":1,"href":"https:\/\/tvbrazilusa.com\/pt\/wp-json\/wp\/v2\/posts\/141457\/revisions"}],"predecessor-version":[{"id":141459,"href":"https:\/\/tvbrazilusa.com\/pt\/wp-json\/wp\/v2\/posts\/141457\/revisions\/141459"}],"wp:featuredmedia":[{"embeddable":true,"href":"https:\/\/tvbrazilusa.com\/pt\/wp-json\/wp\/v2\/media\/141458"}],"wp:attachment":[{"href":"https:\/\/tvbrazilusa.com\/pt\/wp-json\/wp\/v2\/media?parent=141457"}],"wp:term":[{"taxonomy":"category","embeddable":true,"href":"https:\/\/tvbrazilusa.com\/pt\/wp-json\/wp\/v2\/categories?post=141457"},{"taxonomy":"post_tag","embeddable":true,"href":"https:\/\/tvbrazilusa.com\/pt\/wp-json\/wp\/v2\/tags?post=141457"}],"curies":[{"name":"wp","href":"https:\/\/api.w.org\/{rel}","templated":true}]}}