{"id":141460,"date":"2026-08-31T15:11:12","date_gmt":"2026-08-31T15:11:12","guid":{"rendered":"https:\/\/tvbrazilusa.com\/2026\/08\/31\/globo-troca-tralli-e-renata-por-lo-prete-em-eventual-2o-turno\/"},"modified":"2026-08-31T15:19:33","modified_gmt":"2026-08-31T15:19:33","slug":"globo-troca-tralli-e-renata-por-lo-prete-em-eventual-2o-turno","status":"publish","type":"post","link":"https:\/\/tvbrazilusa.com\/pt\/2026\/08\/31\/globo-troca-tralli-e-renata-por-lo-prete-em-eventual-2o-turno\/","title":{"rendered":"Globo troca Tralli e Renata por Lo Prete em eventual 2\u00ba turno"},"content":{"rendered":"<script async src=\"https:\/\/pagead2.googlesyndication.com\/pagead\/js\/adsbygoogle.js?client=ca-pub-8864793242727901\"\r\n     crossorigin=\"anonymous\"><\/script>\n<div id=\"cd-article-content\" itemprop=\"articleBody\">\n<p class=\"wp-block-paragraph\">A Globo definiu que <strong>Renata Lo Prete ser\u00e1 a respons\u00e1vel pelas sabatinas com os candidatos \u00e0 Presid\u00eancia caso haja segundo turno nas <a href=\"https:\/\/claudiodantas.com.br\/tag\/eleicoes-2\/\" data-type=\"post_tag\" data-id=\"14233\">elei\u00e7\u00f5es <\/a>de 2026<\/strong>. A jornalista substituir\u00e1 C\u00e9sar Tralli e Renata Vasconcellos, que conduziram as entrevistas com os presidenci\u00e1veis na primeira etapa.<\/p>\n<p><a href=\"https:\/\/whatsapp.com\/channel\/0029VaTFkH2HVvTbkE883x1x\" target=\"_blank\" class=\"whatsapp-channel-message\" rel=\"noopener\">\u2705 Siga o canal do Claudio Dantas no WhatsApp<\/a><\/p>\n<p class=\"wp-block-paragraph\">A mudan\u00e7a j\u00e1 estava prevista no formato anunciado pela emissora e, segundo a reportagem, <strong>n\u00e3o foi motivada pelas cr\u00edticas recebidas por Tralli e Renata Vasconcellos nas redes sociais<\/strong>. A informa\u00e7\u00e3o foi divulgada pelo rep\u00f3rter Pedro Bassan.<\/p>\n<p class=\"wp-block-paragraph\">Entre segunda-feira (24) e s\u00e1bado (29), Tralli e Renata Vasconcellos entrevistaram os seis candidatos mais bem posicionados nas pesquisas: <a href=\"https:\/\/pt.wikipedia.org\/wiki\/Romeu_Zema\" target=\"_blank\" rel=\"noopener\">Romeu Zema (Novo)<\/a>, Ronaldo Caiado (PSD), Renan Santos (Miss\u00e3o), Presidente Lula (PT), Fl\u00e1vio Bolsonaro (PL) e Augusto Cury (Avante).<\/p>\n<h3 class=\"wp-block-heading\">Cr\u00edticas \u00e0s entrevistas<\/h3>\n<p class=\"wp-block-paragraph\">As sabatinas foram realizadas em hor\u00e1rios separados do Jornal Nacional. As entrevistas foram exibidas entre o principal telejornal da emissora e a novela das nove.<\/p>\n<p class=\"wp-block-paragraph\">A condu\u00e7\u00e3o das conversas gerou cr\u00edticas nas redes sociais. O humorista Paulo Vieira, por exemplo, questionou a postura dos jornalistas durante a entrevista com Fl\u00e1vio Bolsonaro na sexta-feira (28). Segundo ele, os apresentadores deveriam ter interrompido o candidato para contestar declara\u00e7\u00f5es que considerasse incorretas.<\/p>\n<p class=\"wp-block-paragraph\">Tamb\u00e9m houve relatos de insatisfa\u00e7\u00e3o nos bastidores da emissora. Segundo o colunista Fl\u00e1vio Ricco, do Portal Leo Dias, uma avalia\u00e7\u00e3o interna teria apontado falta de firmeza na condu\u00e7\u00e3o das entrevistas.<\/p>\n<p class=\"wp-block-paragraph\">Renata Vasconcellos teria demonstrado depend\u00eancia do ponto eletr\u00f4nico. Tralli, por sua vez, foi criticado por se perder entre os documentos usados durante as entrevistas.<\/p>\n<p class=\"wp-block-paragraph\">Um dos epis\u00f3dios citados foi a confus\u00e3o envolvendo um PowerPoint mencionado por Lula. O presidente se referia \u00e0 apresenta\u00e7\u00e3o feita pelo ex-procurador Deltan Dallagnol durante a Opera\u00e7\u00e3o Lava Jato. Tralli teria associado inicialmente a refer\u00eancia a outro epis\u00f3dio.<\/p>\n<p class=\"wp-block-paragraph\">Apesar das cr\u00edticas, <strong>a escolha de Lo Prete para um eventual segundo turno n\u00e3o decorre dessas avalia\u00e7\u00f5es<\/strong>. A jornalista j\u00e1 havia sido definida pela Globo para essa etapa antes do in\u00edcio das sabatinas.<\/p>\n<\/div>\n<p><script>!function(f,b,e,v,n,t,s){if(f.fbq)return;n=f.fbq=function(){n.callMethod?n.callMethod.apply(n,arguments):n.queue.push(arguments)};if(!f._fbq)f._fbq=n;n.push=n;n.loaded=!0;n.version='2.0';n.queue=[];t=b.createElement(e);t.async=!0;t.src=v;s=b.getElementsByTagName(e)[0];s.parentNode.insertBefore(t,s)}(window,document,'script','https:\/\/connect.facebook.net\/en_US\/fbevents.js');fbq('init','1423865622537930');fbq('track','PageView');<\/script><br \/>\n<br \/><br \/>\n<br \/><a href=\"https:\/\/claudiodantas.com.br\/globo-troca-tralli-e-renata-por-lo-prete-em-eventual-2o-turno\/\">Source link <\/a><\/p>","protected":false},"excerpt":{"rendered":"<p>A Globo definiu que Renata Lo Prete ser\u00e1 a respons\u00e1vel pelas sabatinas com os candidatos \u00e0 Presid\u00eancia caso haja segundo turno nas elei\u00e7\u00f5es de 2026. A jornalista substituir\u00e1 C\u00e9sar Tralli&hellip;<\/p>","protected":false},"author":1,"featured_media":141461,"comment_status":"closed","ping_status":"open","sticky":false,"template":"","format":"standard","meta":{"content-type":"","footnotes":""},"categories":[16],"tags":[],"class_list":["post-141460","post","type-post","status-publish","format-standard","has-post-thumbnail","hentry","category-noticias"],"_links":{"self":[{"href":"https:\/\/tvbrazilusa.com\/pt\/wp-json\/wp\/v2\/posts\/141460","targetHints":{"allow":["GET"]}}],"collection":[{"href":"https:\/\/tvbrazilusa.com\/pt\/wp-json\/wp\/v2\/posts"}],"about":[{"href":"https:\/\/tvbrazilusa.com\/pt\/wp-json\/wp\/v2\/types\/post"}],"author":[{"embeddable":true,"href":"https:\/\/tvbrazilusa.com\/pt\/wp-json\/wp\/v2\/users\/1"}],"replies":[{"embeddable":true,"href":"https:\/\/tvbrazilusa.com\/pt\/wp-json\/wp\/v2\/comments?post=141460"}],"version-history":[{"count":1,"href":"https:\/\/tvbrazilusa.com\/pt\/wp-json\/wp\/v2\/posts\/141460\/revisions"}],"predecessor-version":[{"id":141462,"href":"https:\/\/tvbrazilusa.com\/pt\/wp-json\/wp\/v2\/posts\/141460\/revisions\/141462"}],"wp:featuredmedia":[{"embeddable":true,"href":"https:\/\/tvbrazilusa.com\/pt\/wp-json\/wp\/v2\/media\/141461"}],"wp:attachment":[{"href":"https:\/\/tvbrazilusa.com\/pt\/wp-json\/wp\/v2\/media?parent=141460"}],"wp:term":[{"taxonomy":"category","embeddable":true,"href":"https:\/\/tvbrazilusa.com\/pt\/wp-json\/wp\/v2\/categories?post=141460"},{"taxonomy":"post_tag","embeddable":true,"href":"https:\/\/tvbrazilusa.com\/pt\/wp-json\/wp\/v2\/tags?post=141460"}],"curies":[{"name":"wp","href":"https:\/\/api.w.org\/{rel}","templated":true}]}}