{"id":141463,"date":"2026-08-31T15:22:02","date_gmt":"2026-08-31T15:22:02","guid":{"rendered":"https:\/\/tvbrazilusa.com\/2026\/08\/31\/agencia-puta-e-icl-tentam-me-difamar-paulo-figueiredo\/"},"modified":"2026-08-31T15:27:32","modified_gmt":"2026-08-31T15:27:32","slug":"agencia-puta-e-icl-tentam-me-difamar-paulo-figueiredo","status":"publish","type":"post","link":"https:\/\/tvbrazilusa.com\/pt\/2026\/08\/31\/agencia-puta-e-icl-tentam-me-difamar-paulo-figueiredo\/","title":{"rendered":"AG\u00caNCIA PUTA E ICL TENTAM ME DIFAMAR &#8211; Paulo Figueiredo"},"content":{"rendered":"<p> <script async src=\"https:\/\/pagead2.googlesyndication.com\/pagead\/js\/adsbygoogle.js?client=ca-pub-8864793242727901\"\r\n     crossorigin=\"anonymous\"><\/script><br \/>\n<\/p>\n<div id=\"wtr-content\" data-bg=\"#FFFFFF\" data-fg=\"#006d91\" data-width=\"25\" data-mute=\"1\" data-fgopacity=\"1.00\" data-mutedopacity=\"0.5\" data-placement=\"bottom\" data-placement-offset=\"0\" data-content-offset=\"262\" data-placement-touch=\"bottom\" data-placement-offset-touch=\"0\" data-transparent=\"\" data-shadow=\"0\" data-touch=\"1\" data-non-touch=\"1\" data-comments=\"0\" data-commentsbg=\"transparent\" data-location=\"page\" data-mutedfg=\"#006d91\" data-endfg=\"#006d91\" data-rtl=\"\">\n<h4 class=\"wp-block-heading\">Por Paulo Figueiredo<\/h4>\n<p class=\"wp-block-paragraph\">Fico feliz com a tentativa de difama\u00e7\u00e3o da Ag\u00eancia Puta e do Instituto Comunista do Lula (ICL).<\/p>\n<p class=\"wp-block-paragraph\">J\u00e1 falei da primeira: ONG vestida de reda\u00e7\u00e3o, financiada por George Soros e pelo circuito de funda\u00e7\u00f5es da esquerda globalista. Da segunda, muita gente ainda n\u00e3o sabe o que \u00e9. <\/p>\n<p class=\"wp-block-paragraph\">O ICL n\u00e3o \u00e9 jornal. \u00c9 panfleto com CNPJ de editora, s\u00f3cios e linha editorial lulista. No quadro aparecem Felipe Neto, Leandro Demori (aquele ex-PCCept que tinha contrato de R$ 450 mil com a TV Lula) e Ot\u00e1vio Antunes (o marqueteiro do PT\/Haddad). No comando, o fundador Eduardo Moreira: ex-s\u00f3cio do Pactual na era Andr\u00e9 Esteves e criador da marca Genial. <\/p>\n<p class=\"wp-block-paragraph\">Sim, a mesma Genial que financia a Quaest, o instituto queridinho da Globo que com regularidade milim\u00e9trica entrega a Lula vantagem em todas as pesquisas. A mesma Genial que, na Opera\u00e7\u00e3o Carbono Oculto, administrou fundo que lava dinheiro do PCC. Gente muito boa! D\u00e1 uma satisfa\u00e7\u00e3o particular. <\/p>\n<p class=\"wp-block-paragraph\">Eu sei quem s\u00e3o todos voc\u00eas e o que fizeram no ver\u00e3o passado. E \u00e9 exatamente este tipo de gente que eu quero do outro lado. ONG globalista, banqueiro do establishment, amigos do PCC, jornalistas-putas da TV Lula, marqueteiro petista e figur\u00f5es da esquerda. <\/p>\n<p class=\"wp-block-paragraph\">Como escreveu Oscar Wilde: sempre se pode julgar um homem pela qualidade dos seus inimigos. Estou muito bem, portanto. A ironia \u00e9 de antologia. Um ve\u00edculo de banqueiro e milion\u00e1rios tenta transformar em esc\u00e2ndalo a vida (separada, deixo claro \u2013 deixamos a pederastia para a reda\u00e7\u00e3o do ICL kkkk) que o Eduardo Bolsonaro e eu levamos nos Estados Unidos. <\/p>\n<p class=\"wp-block-paragraph\">Um amigo meu brinca: \u201cPaulo, fama de rico a gente nunca desmente.\u201d Eu at\u00e9 gostaria de estar mais rico, tipo os s\u00f3cios do ICL. Direita capitalista, celebra a riqueza l\u00edcita com dinheiro privado como \u00e9 o meu caso ou do Eduardo, sem dever satisfa\u00e7\u00e3o a ningu\u00e9m. <\/p>\n<p class=\"wp-block-paragraph\">Mas o hil\u00e1rio \u00e9 o seguinte: descrevem a vida normal de classe m\u00e9dia-alta americana como se fosse o invent\u00e1rio do Daniel Vorcaro. Nunca fizeram reportagem sobre a Janja viver \u00e0 custa do er\u00e1rio como maraj\u00e1, nem sobre o Lulinha na Espanha (disso eu fiz v\u00eddeo detalhado no PF Show). <\/p>\n<p class=\"wp-block-paragraph\">Mas \u201cdenunciam\u201d o carro de 40 mil d\u00f3lares do Eduardo. Nos EUA, isso se compra com uns 5 mil de entrada e parcela de 600 por m\u00eas.  N\u00e3o \u00e9 artigo de xeique \u00e1rabe. \u00c9 SUV de fam\u00edlia. At\u00e9 Cybertruck \u00e9 poss\u00edvel comprar. \u00c9 um carro maravilhoso, mas longe de ser uma McLaren. Sim: nos Estados Unidos a classe m\u00e9dia mora bem, financia carro legal com juro baixo e, de vez em quando, viaja e janta num restaurante bom. No Brasil isso j\u00e1 foi poss\u00edvel. Hoje o pa\u00eds est\u00e1 fodido. <\/p>\n<p class=\"wp-block-paragraph\">A classe m\u00e9dia foi achatada e endividada a juro de agiota. Carro popular virou fortuna. Empresa n\u00e3o cresce porque o Judici\u00e1rio \u00e9 um cassino, a carga tribut\u00e1ria \u00e9 um confisco e o cr\u00e9dito \u00e9 dos bancos agiotas. Sabe quem vive vida de luxo de verdade no Brasil? A turma s\u00f3cia do ICL e a curriola para quem ela trabalha e protege.<\/p>\n<p class=\"wp-block-paragraph\">Se Deus quiser, isso come\u00e7a a mudar em janeiro. Com Fl\u00e1vio presidente. E deixo aqui uma promessa: voc\u00eas ainda v\u00e3o me odiar muito mais.<\/p>\n<\/div>\n<p><br \/>\n<br \/><a href=\"https:\/\/paulofigueiredoshow.com\/agencia-puta-e-icl-tentam-me-difamar\/\">Source link <\/a><\/p>","protected":false},"excerpt":{"rendered":"<p>Por Paulo Figueiredo Fico feliz com a tentativa de difama\u00e7\u00e3o da Ag\u00eancia Puta e do Instituto Comunista do Lula (ICL). J\u00e1 falei da primeira: ONG vestida de reda\u00e7\u00e3o, financiada por&hellip;<\/p>","protected":false},"author":1,"featured_media":141464,"comment_status":"closed","ping_status":"open","sticky":false,"template":"","format":"standard","meta":{"content-type":"","footnotes":""},"categories":[16],"tags":[],"class_list":["post-141463","post","type-post","status-publish","format-standard","has-post-thumbnail","hentry","category-noticias"],"_links":{"self":[{"href":"https:\/\/tvbrazilusa.com\/pt\/wp-json\/wp\/v2\/posts\/141463","targetHints":{"allow":["GET"]}}],"collection":[{"href":"https:\/\/tvbrazilusa.com\/pt\/wp-json\/wp\/v2\/posts"}],"about":[{"href":"https:\/\/tvbrazilusa.com\/pt\/wp-json\/wp\/v2\/types\/post"}],"author":[{"embeddable":true,"href":"https:\/\/tvbrazilusa.com\/pt\/wp-json\/wp\/v2\/users\/1"}],"replies":[{"embeddable":true,"href":"https:\/\/tvbrazilusa.com\/pt\/wp-json\/wp\/v2\/comments?post=141463"}],"version-history":[{"count":1,"href":"https:\/\/tvbrazilusa.com\/pt\/wp-json\/wp\/v2\/posts\/141463\/revisions"}],"predecessor-version":[{"id":141465,"href":"https:\/\/tvbrazilusa.com\/pt\/wp-json\/wp\/v2\/posts\/141463\/revisions\/141465"}],"wp:featuredmedia":[{"embeddable":true,"href":"https:\/\/tvbrazilusa.com\/pt\/wp-json\/wp\/v2\/media\/141464"}],"wp:attachment":[{"href":"https:\/\/tvbrazilusa.com\/pt\/wp-json\/wp\/v2\/media?parent=141463"}],"wp:term":[{"taxonomy":"category","embeddable":true,"href":"https:\/\/tvbrazilusa.com\/pt\/wp-json\/wp\/v2\/categories?post=141463"},{"taxonomy":"post_tag","embeddable":true,"href":"https:\/\/tvbrazilusa.com\/pt\/wp-json\/wp\/v2\/tags?post=141463"}],"curies":[{"name":"wp","href":"https:\/\/api.w.org\/{rel}","templated":true}]}}