{"id":141466,"date":"2026-08-31T15:24:00","date_gmt":"2026-08-31T15:24:00","guid":{"rendered":"https:\/\/tvbrazilusa.com\/2026\/08\/31\/alcolumbre-destrava-10-propostas-de-interesse-de-lula\/"},"modified":"2026-08-31T15:33:23","modified_gmt":"2026-08-31T15:33:23","slug":"alcolumbre-destrava-10-propostas-de-interesse-de-lula","status":"publish","type":"post","link":"https:\/\/tvbrazilusa.com\/pt\/2026\/08\/31\/alcolumbre-destrava-10-propostas-de-interesse-de-lula\/","title":{"rendered":"Alcolumbre destrava 10 propostas de interesse de Lula"},"content":{"rendered":"<script async src=\"https:\/\/pagead2.googlesyndication.com\/pagead\/js\/adsbygoogle.js?client=ca-pub-8864793242727901\"\r\n     crossorigin=\"anonymous\"><\/script>\n<div id=\"cd-article-content\" itemprop=\"articleBody\">\n<p class=\"wp-block-paragraph\">O presidente do Congresso e do Senado, <strong><a href=\"https:\/\/x.com\/davialcolumbre\">Davi Alcolumbre (Uni\u00e3o-AP)<\/a><\/strong>, acelerou a tramita\u00e7\u00e3o de 10 <strong><a href=\"https:\/\/claudiodantas.com.br\/tag\/proposta\/\" data-type=\"post_tag\" data-id=\"3954\">propostas<\/a><\/strong> consideradas <strong><a href=\"https:\/\/claudiodantas.com.br\/pautas-prioritarias-lula-congresso-recesso\/\" data-type=\"post\" data-id=\"67977\">priorit\u00e1rias<\/a><\/strong> pelo <strong><a href=\"https:\/\/claudiodantas.com.br\/tag\/lula\/\" data-type=\"link\" data-id=\"https:\/\/claudiodantas.com.br\/tag\/lula\/\">governo Lula (PT)<\/a><\/strong>. S\u00e3o 6 medidas provis\u00f3rias, 2 PECs e 2 projetos de lei. Nenhuma foi aprovada at\u00e9 agora, mas todas avan\u00e7aram em meio \u00e0 articula\u00e7\u00e3o pol\u00edtica do Planalto para aprovar medidas de \u201capelo popular\u201d antes das elei\u00e7\u00f5es.<\/p>\n<p><a href=\"https:\/\/whatsapp.com\/channel\/0029VaTFkH2HVvTbkE883x1x\" target=\"_blank\" class=\"whatsapp-channel-message\" rel=\"noopener\">\u2705 Siga o canal do Claudio Dantas no WhatsApp<\/a><\/p>\n<p class=\"wp-block-paragraph\">A movimenta\u00e7\u00e3o ocorre ap\u00f3s o \u201cacord\u00e3o\u201d entre Lula, Alcolumbre e o presidente da C\u00e2mara, Hugo Motta (Republicanos-PB), que marcou uma reaproxima\u00e7\u00e3o entre o governo e os comandos das duas Casas. Enquanto o Planalto tenta viabilizar propostas com potencial eleitoral, Motta e Alcolumbre buscam ampliar o apoio pol\u00edtico do governo nas elei\u00e7\u00f5es deste ano.<\/p>\n<p class=\"wp-block-paragraph\">Entre as mat\u00e9rias que avan\u00e7aram est\u00e1 a PEC que reduz a carga hor\u00e1ria m\u00e1xima de trabalho para 40 horas semanais e estabelece 2 dias de repouso semanal remunerado. O texto estava parado desde 28 de maio de 2026, quando chegou ao Senado depois de ser aprovado pela C\u00e2mara.<\/p>\n<p class=\"wp-block-paragraph\">Em agosto de 2026, Alcolumbre encaminhou a proposta \u00e0 CCJ (Comiss\u00e3o de Constitui\u00e7\u00e3o e Justi\u00e7a) do Senado. O senador Omar Aziz (PSD-AM), aliado do governo federal, assumiu a relatoria e apresentou parecer favor\u00e1vel ao texto aprovado pelos deputados, rejeitando emendas.<\/p>\n<p class=\"wp-block-paragraph\">O governo pretende votar a proposta na CCJ antes de setembro. A oposi\u00e7\u00e3o, por\u00e9m, tenta levar a an\u00e1lise em plen\u00e1rio para depois das elei\u00e7\u00f5es, sob o argumento de evitar desgaste com setores empresariais.<\/p>\n<p class=\"wp-block-paragraph\">Tamb\u00e9m avan\u00e7ou a PEC da Seguran\u00e7a P\u00fablica, que altera regras relacionadas \u00e0 seguran\u00e7a, defesa social, sistema penitenci\u00e1rio e atividade de intelig\u00eancia. A proposta estava sem andamento desde 10 de mar\u00e7o de 2026 e foi enviada por Alcolumbre \u00e0 CCJ em agosto. O senador Rog\u00e9rio Carvalho (PT-SE) foi escolhido como relator.<\/p>\n<p class=\"wp-block-paragraph\">Pelo menos 5 propostas est\u00e3o previstas para vota\u00e7\u00e3o entre 31 de agosto e 4 de setembro de 2026, durante o 2\u00ba esfor\u00e7o concentrado do Congresso Nacional. S\u00e3o elas:<\/p>\n<ul class=\"wp-block-list\">\n<li>MP 1.376 de 2026, sobre renegocia\u00e7\u00e3o de d\u00edvidas do setor rural;<\/li>\n<li>MPV 1.357 de 2026, que trata do fim da taxa das blusinhas;<\/li>\n<li>Projeto de Lei 2.780 de 2024, que cria a Pol\u00edtica Nacional de Minerais Cr\u00edticos e Estrat\u00e9gicos;<\/li>\n<li>PL 278 de 2026, sobre o Redata;<\/li>\n<li>PEC 18 de 2025, conhecida como PEC da Seguran\u00e7a.<\/li>\n<\/ul>\n<p class=\"wp-block-paragraph\">Al\u00e9m dessas mat\u00e9rias, o Congresso instalou 6 comiss\u00f5es mistas para analisar medidas provis\u00f3rias do governo. Os colegiados tratam da regulamenta\u00e7\u00e3o dos mototaxistas, das filas do INSS, do Enamed, da indeniza\u00e7\u00e3o de fronteira para servidores p\u00fablicos e da renegocia\u00e7\u00e3o de d\u00edvidas rurais.<\/p>\n<p class=\"wp-block-paragraph\">As MPs estavam paradas desde que chegaram ao Senado. At\u00e9 agosto, as \u00fanicas altera\u00e7\u00f5es haviam sido mudan\u00e7as de datas provocadas pelo recesso parlamentar.<\/p>\n<p class=\"wp-block-paragraph\">A comiss\u00e3o respons\u00e1vel pela medida que suspende a taxa das blusinhas foi instalada por \u00faltimo. Na \u00faltima sexta (28), o colegiado elegeu o deputado Reginaldo Lopes (PT-MG) como presidente. A senadora Leila do V\u00f4lei (PDT-DF) assumiu a relatoria. A MP precisa ser votada pela C\u00e2mara e pelo Senado at\u00e9 8 de setembro para n\u00e3o perder a validade.<\/p>\n<p class=\"wp-block-paragraph\"><strong>As outras comiss\u00f5es s\u00e3o:<\/strong><\/p>\n<ul class=\"wp-block-list\">\n<li><strong>Mototaxistas (MP 1.360 de 2026):<\/strong> regulamenta a categoria. O presidente ser\u00e1 o senador Weverton (PDT-MA) e o relator, o deputado Alfredinho (PT-SP).<\/li>\n<li><strong>Filas do INSS (MP 1.369 de 2026):<\/strong> amplia o programa de redu\u00e7\u00e3o das filas da Previd\u00eancia. A presidente ser\u00e1 a deputada Maria do Ros\u00e1rio (PT-RS) e a relatora, a senadora Zenaide Maia (PSD-RN).<\/li>\n<li><strong>Enamed (MP 1.370 de 2026):<\/strong> institui o exame para m\u00e9dicos. O presidente ser\u00e1 o senador Camilo Santana (PT-CE) e o relator, o deputado Doutor Luizinho (PP-RJ).<\/li>\n<li><strong>Funcion\u00e1rios p\u00fablicos e indeniza\u00e7\u00f5es (MP 1.375 de 2026):<\/strong> amplia o rol de cargos com direito \u00e0 indeniza\u00e7\u00e3o de fronteira e altera regras de op\u00e7\u00e3o para funcion\u00e1rios p\u00fablicos. O presidente ser\u00e1 o deputado Dorinaldo Malafaia (PDT-AP) e o relator, o senador Eduardo Gomes (PL-TO).<\/li>\n<li><strong>D\u00edvidas rurais (MP 1.376 de 2026):<\/strong> trata da renegocia\u00e7\u00e3o do setor. O presidente ser\u00e1 o senador Renan Calheiros (MDB-AL) e o relator, o deputado Paulo Pimenta (PT-RS).<\/li>\n<\/ul>\n<p class=\"wp-block-paragraph\">O Congresso retomou os trabalhos em agosto com 32 medidas provis\u00f3rias pendentes de an\u00e1lise. As MPs t\u00eam efeito imediato, mas precisam ser aprovadas pelos parlamentares para se transformar definitivamente em lei. A tramita\u00e7\u00e3o come\u00e7a nas comiss\u00f5es mistas. Depois, os textos seguem para a C\u00e2mara e, por \u00faltimo, para o Senado.<\/p>\n<\/div>\n<p><script>!function(f,b,e,v,n,t,s){if(f.fbq)return;n=f.fbq=function(){n.callMethod?n.callMethod.apply(n,arguments):n.queue.push(arguments)};if(!f._fbq)f._fbq=n;n.push=n;n.loaded=!0;n.version='2.0';n.queue=[];t=b.createElement(e);t.async=!0;t.src=v;s=b.getElementsByTagName(e)[0];s.parentNode.insertBefore(t,s)}(window,document,'script','https:\/\/connect.facebook.net\/en_US\/fbevents.js');fbq('init','1423865622537930');fbq('track','PageView');<\/script><br \/>\n<br \/><br \/>\n<br \/><a href=\"https:\/\/claudiodantas.com.br\/alcolumbre-destrava-propostas-interesse-lula\/\">Source link <\/a><\/p>","protected":false},"excerpt":{"rendered":"<p>O presidente do Congresso e do Senado, Davi Alcolumbre (Uni\u00e3o-AP), acelerou a tramita\u00e7\u00e3o de 10 propostas consideradas priorit\u00e1rias pelo governo Lula (PT). S\u00e3o 6 medidas provis\u00f3rias, 2 PECs e 2&hellip;<\/p>","protected":false},"author":1,"featured_media":138778,"comment_status":"closed","ping_status":"open","sticky":false,"template":"","format":"standard","meta":{"content-type":"","footnotes":""},"categories":[16],"tags":[],"class_list":["post-141466","post","type-post","status-publish","format-standard","has-post-thumbnail","hentry","category-noticias"],"_links":{"self":[{"href":"https:\/\/tvbrazilusa.com\/pt\/wp-json\/wp\/v2\/posts\/141466","targetHints":{"allow":["GET"]}}],"collection":[{"href":"https:\/\/tvbrazilusa.com\/pt\/wp-json\/wp\/v2\/posts"}],"about":[{"href":"https:\/\/tvbrazilusa.com\/pt\/wp-json\/wp\/v2\/types\/post"}],"author":[{"embeddable":true,"href":"https:\/\/tvbrazilusa.com\/pt\/wp-json\/wp\/v2\/users\/1"}],"replies":[{"embeddable":true,"href":"https:\/\/tvbrazilusa.com\/pt\/wp-json\/wp\/v2\/comments?post=141466"}],"version-history":[{"count":1,"href":"https:\/\/tvbrazilusa.com\/pt\/wp-json\/wp\/v2\/posts\/141466\/revisions"}],"predecessor-version":[{"id":141467,"href":"https:\/\/tvbrazilusa.com\/pt\/wp-json\/wp\/v2\/posts\/141466\/revisions\/141467"}],"wp:featuredmedia":[{"embeddable":true,"href":"https:\/\/tvbrazilusa.com\/pt\/wp-json\/wp\/v2\/media\/138778"}],"wp:attachment":[{"href":"https:\/\/tvbrazilusa.com\/pt\/wp-json\/wp\/v2\/media?parent=141466"}],"wp:term":[{"taxonomy":"category","embeddable":true,"href":"https:\/\/tvbrazilusa.com\/pt\/wp-json\/wp\/v2\/categories?post=141466"},{"taxonomy":"post_tag","embeddable":true,"href":"https:\/\/tvbrazilusa.com\/pt\/wp-json\/wp\/v2\/tags?post=141466"}],"curies":[{"name":"wp","href":"https:\/\/api.w.org\/{rel}","templated":true}]}}