{"id":141471,"date":"2026-08-31T15:50:14","date_gmt":"2026-08-31T15:50:14","guid":{"rendered":"https:\/\/tvbrazilusa.com\/2026\/08\/31\/filha-de-lula-fez-52-visitas-ao-planalto-e-levou-demandas-de-prefeituras\/"},"modified":"2026-08-31T15:51:37","modified_gmt":"2026-08-31T15:51:37","slug":"filha-de-lula-fez-52-visitas-ao-planalto-e-levou-demandas-de-prefeituras","status":"publish","type":"post","link":"https:\/\/tvbrazilusa.com\/pt\/2026\/08\/31\/filha-de-lula-fez-52-visitas-ao-planalto-e-levou-demandas-de-prefeituras\/","title":{"rendered":"Filha de Lula fez 52 visitas ao Planalto e levou demandas de prefeituras"},"content":{"rendered":"<script async src=\"https:\/\/pagead2.googlesyndication.com\/pagead\/js\/adsbygoogle.js?client=ca-pub-8864793242727901\"\r\n     crossorigin=\"anonymous\"><\/script>\n<div id=\"cd-article-content\" itemprop=\"articleBody\">\n<p class=\"wp-block-paragraph\">A assessora parlamentar<a href=\"https:\/\/www.instagram.com\/lurianlula\/\" target=\"_blank\" rel=\"noopener\"> <strong>Lurian Cordeiro Lula da Silva<\/strong><\/a>, filha mais velha do presidente Lula, registrou <strong>52 entradas na sede do governo federal entre fevereiro de 2023 e mar\u00e7o de 2025<\/strong>, segundo registros obtidos por meio da Lei de Acesso \u00e0 Informa\u00e7\u00e3o. O n\u00famero supera os 18 acessos registrados por seu irm\u00e3o, F\u00e1bio Lu\u00eds Lula da Silva, o <a href=\"https:\/\/claudiodantas.com.br\/tag\/lulinha\/\" data-type=\"post_tag\" data-id=\"11668\">Lulinha<\/a>.<\/p>\n<p><a href=\"https:\/\/whatsapp.com\/channel\/0029VaTFkH2HVvTbkE883x1x\" target=\"_blank\" class=\"whatsapp-channel-message\" rel=\"noopener\">\u2705 Siga o canal do Claudio Dantas no WhatsApp<\/a><\/p>\n<p class=\"wp-block-paragraph\">Lurian trabalha desde 2019 no gabinete do senador Rog\u00e9rio Carvalho (PT-SE). Segundo a apura\u00e7\u00e3o, as visitas ao Planalto estavam relacionadas \u00e0 apresenta\u00e7\u00e3o de <strong>demandas de munic\u00edpios de Sergipe<\/strong> ao governo federal.<\/p>\n<p class=\"wp-block-paragraph\">Os registros de acesso mostram que Lurian foi o familiar de <a href=\"https:\/\/claudiodantas.com.br\/tag\/fora-lula\/\" data-type=\"post_tag\" data-id=\"4445\">Lula <\/a>que mais esteve na sede do Executivo no per\u00edodo analisado. A proximidade entre o Congresso e o Planalto tamb\u00e9m facilitava os deslocamentos da assessora.<\/p>\n<p class=\"wp-block-paragraph\">A atua\u00e7\u00e3o ocorre em meio \u00e0 exposi\u00e7\u00e3o das rela\u00e7\u00f5es de familiares de Lula com integrantes do governo e do ambiente pol\u00edtico de Bras\u00edlia. Lulinha, por exemplo, tamb\u00e9m aparece em registros de entrada no Planalto, embora em quantidade inferior \u00e0 irm\u00e3.<\/p>\n<p class=\"wp-block-paragraph\"><strong>T\u00edtulo alternativo, mais forte para clipping:<\/strong><br \/><strong>Filha de Lula fez 52 visitas ao Planalto para levar demandas municipais<\/strong><\/p>\n<p class=\"wp-block-paragraph\"><strong>Outra op\u00e7\u00e3o, mais curta:<\/strong><br \/><strong>Filha de Lula fez 52 visitas ao Planalto em dois anos<\/strong><\/p>\n<\/div>\n<p><script>!function(f,b,e,v,n,t,s){if(f.fbq)return;n=f.fbq=function(){n.callMethod?n.callMethod.apply(n,arguments):n.queue.push(arguments)};if(!f._fbq)f._fbq=n;n.push=n;n.loaded=!0;n.version='2.0';n.queue=[];t=b.createElement(e);t.async=!0;t.src=v;s=b.getElementsByTagName(e)[0];s.parentNode.insertBefore(t,s)}(window,document,'script','https:\/\/connect.facebook.net\/en_US\/fbevents.js');fbq('init','1423865622537930');fbq('track','PageView');<\/script><script async src=\"\/\/www.instagram.com\/embed.js\"><\/script><br \/>\n<br \/><br \/>\n<br \/><a href=\"https:\/\/claudiodantas.com.br\/filha-de-lula-fez-52-visitas-ao-planalto-e-levou-demandas-de-prefeituras\/\">Source link <\/a><\/p>","protected":false},"excerpt":{"rendered":"<p>A assessora parlamentar Lurian Cordeiro Lula da Silva, filha mais velha do presidente Lula, registrou 52 entradas na sede do governo federal entre fevereiro de 2023 e mar\u00e7o de 2025,&hellip;<\/p>","protected":false},"author":1,"featured_media":141472,"comment_status":"closed","ping_status":"open","sticky":false,"template":"","format":"standard","meta":{"content-type":"","footnotes":""},"categories":[16],"tags":[],"class_list":["post-141471","post","type-post","status-publish","format-standard","has-post-thumbnail","hentry","category-noticias"],"_links":{"self":[{"href":"https:\/\/tvbrazilusa.com\/pt\/wp-json\/wp\/v2\/posts\/141471","targetHints":{"allow":["GET"]}}],"collection":[{"href":"https:\/\/tvbrazilusa.com\/pt\/wp-json\/wp\/v2\/posts"}],"about":[{"href":"https:\/\/tvbrazilusa.com\/pt\/wp-json\/wp\/v2\/types\/post"}],"author":[{"embeddable":true,"href":"https:\/\/tvbrazilusa.com\/pt\/wp-json\/wp\/v2\/users\/1"}],"replies":[{"embeddable":true,"href":"https:\/\/tvbrazilusa.com\/pt\/wp-json\/wp\/v2\/comments?post=141471"}],"version-history":[{"count":1,"href":"https:\/\/tvbrazilusa.com\/pt\/wp-json\/wp\/v2\/posts\/141471\/revisions"}],"predecessor-version":[{"id":141473,"href":"https:\/\/tvbrazilusa.com\/pt\/wp-json\/wp\/v2\/posts\/141471\/revisions\/141473"}],"wp:featuredmedia":[{"embeddable":true,"href":"https:\/\/tvbrazilusa.com\/pt\/wp-json\/wp\/v2\/media\/141472"}],"wp:attachment":[{"href":"https:\/\/tvbrazilusa.com\/pt\/wp-json\/wp\/v2\/media?parent=141471"}],"wp:term":[{"taxonomy":"category","embeddable":true,"href":"https:\/\/tvbrazilusa.com\/pt\/wp-json\/wp\/v2\/categories?post=141471"},{"taxonomy":"post_tag","embeddable":true,"href":"https:\/\/tvbrazilusa.com\/pt\/wp-json\/wp\/v2\/tags?post=141471"}],"curies":[{"name":"wp","href":"https:\/\/api.w.org\/{rel}","templated":true}]}}