{"id":141474,"date":"2026-08-31T15:49:00","date_gmt":"2026-08-31T15:49:00","guid":{"rendered":"https:\/\/tvbrazilusa.com\/2026\/08\/31\/estatais-federais-tem-rombo-de-r-83-bilhoes-ate-julho\/"},"modified":"2026-08-31T15:57:27","modified_gmt":"2026-08-31T15:57:27","slug":"estatais-federais-tem-rombo-de-r-83-bilhoes-ate-julho","status":"publish","type":"post","link":"https:\/\/tvbrazilusa.com\/pt\/2026\/08\/31\/estatais-federais-tem-rombo-de-r-83-bilhoes-ate-julho\/","title":{"rendered":"Estatais federais t\u00eam rombo de R$ 8,3 bilh\u00f5es at\u00e9 julho"},"content":{"rendered":"<script async src=\"https:\/\/pagead2.googlesyndication.com\/pagead\/js\/adsbygoogle.js?client=ca-pub-8864793242727901\"\r\n     crossorigin=\"anonymous\"><\/script>\n<div id=\"cd-article-content\" itemprop=\"articleBody\">\n<p class=\"wp-block-paragraph\">As <strong><a href=\"https:\/\/claudiodantas.com.br\/tag\/estatais\/\" data-type=\"post_tag\" data-id=\"397\">estatais federais<\/a><\/strong> registraram <strong><a href=\"https:\/\/claudiodantas.com.br\/tag\/deficit\/\" data-type=\"post_tag\" data-id=\"2782\">d\u00e9ficit<\/a><\/strong> de R$ 476 milh\u00f5es em <strong>julho<\/strong> de 2026, de acordo com dados divulgados pelo <strong><a href=\"https:\/\/www.bcb.gov.br\/\" target=\"_blank\" rel=\"noopener\">Banco Central (BC)<\/a><\/strong> na manh\u00e3 desta segunda-feira (31), no Boletim de Estat\u00edsticas Fiscais. No acumulado do ano, o <strong><a href=\"https:\/\/claudiodantas.com.br\/tag\/rombo\/\" data-type=\"post_tag\" data-id=\"2362\">rombo<\/a><\/strong> chegou a R$ 8,3 bilh\u00f5es.<\/p>\n<p><a href=\"https:\/\/whatsapp.com\/channel\/0029VaTFkH2HVvTbkE883x1x\" target=\"_blank\" class=\"whatsapp-channel-message\" rel=\"noopener\">\u2705 Siga o canal do Claudio Dantas no WhatsApp<\/a><\/p>\n<p class=\"wp-block-paragraph\">O resultado negativo das estatais federais faz parte de um d\u00e9ficit conjunto de R$ 1,1 bilh\u00e3o das empresas p\u00fablicas em julho. As federais responderam por R$ 476 milh\u00f5es em d\u00e9ficit, enquanto as estaduais registraram d\u00e9ficit de R$ 653 milh\u00f5es. As municipais, por outro lado, tiveram super\u00e1vit de R$ 18 milh\u00f5es.<\/p>\n<p class=\"wp-block-paragraph\">Nas estatais federais, a maior press\u00e3o sobre as contas ocorreu nos primeiros meses de 2026. Em janeiro, o d\u00e9ficit chegou a R$ 3,33 bilh\u00f5es, o pior resultado mensal do ano at\u00e9 agora. Em fevereiro, foram R$ -829 milh\u00f5es; em mar\u00e7o, R$ -249 milh\u00f5es; em abril, R$ -1,53 bilh\u00e3o; em maio, R$ -27 milh\u00f5es; em junho, R$ -1,84 bilh\u00e3o; e, em julho, R$ \u2013 476 milh\u00f5es.<\/p>\n<p class=\"wp-block-paragraph\">O c\u00e1lculo do BC n\u00e3o inclui grandes estatais como Petrobras e Eletrobras. O indicador, portanto, concentra empresas federais dependentes do Tesouro ou com maior fragilidade financeira.<\/p>\n<p class=\"wp-block-paragraph\">Um dos principais focos de press\u00e3o est\u00e1 nos Correios. A estatal informou que encerrou 2025 com preju\u00edzo de R$ 8,5 bilh\u00f5es. Para enfrentar a deteriora\u00e7\u00e3o financeira, a empresa contratou no ano passado um empr\u00e9stimo de R$ 12 bilh\u00f5es com um pool de bancos, com garantia da Uni\u00e3o. A libera\u00e7\u00e3o do cr\u00e9dito foi condicionada ao cumprimento de um plano de reestrutura\u00e7\u00e3o dos Correios.<\/p>\n<p class=\"wp-block-paragraph\">Agora, os minist\u00e9rios do Planejamento e Or\u00e7amento (MPO), da Gest\u00e3o e da Inova\u00e7\u00e3o em Servi\u00e7os P\u00fablicos e das Comunica\u00e7\u00f5es informaram, em nota divulgada neste domingo (30\/8), que o governo prev\u00ea um aporte de R$ 6 bilh\u00f5es nos Correios em 2027. O valor dever\u00e1 constar no Projeto de Lei Or\u00e7ament\u00e1ria Anual (PLOA) de 2027, que ser\u00e1 encaminhado ao Congresso nesta segunda-feira.<\/p>\n<p class=\"wp-block-paragraph\">\u201cCom isso, a estatal ter\u00e1 maior estabilidade para seguir negociando com seus clientes e fornecedores, em dire\u00e7\u00e3o ao bom andamento do seu Plano de Reestrutura\u00e7\u00e3o e \u00e0 recupera\u00e7\u00e3o dos resultados financeiros positivos da empresa\u201d, alegam os minist\u00e9rios na nota.<\/p>\n<\/div>\n<p><script>!function(f,b,e,v,n,t,s){if(f.fbq)return;n=f.fbq=function(){n.callMethod?n.callMethod.apply(n,arguments):n.queue.push(arguments)};if(!f._fbq)f._fbq=n;n.push=n;n.loaded=!0;n.version='2.0';n.queue=[];t=b.createElement(e);t.async=!0;t.src=v;s=b.getElementsByTagName(e)[0];s.parentNode.insertBefore(t,s)}(window,document,'script','https:\/\/connect.facebook.net\/en_US\/fbevents.js');fbq('init','1423865622537930');fbq('track','PageView');<\/script><br \/>\n<br \/><br \/>\n<br \/><a href=\"https:\/\/claudiodantas.com.br\/bc-estatais-federais-rombo-r-8-bilhoes-julho\/\">Source link <\/a><\/p>","protected":false},"excerpt":{"rendered":"<p>As estatais federais registraram d\u00e9ficit de R$ 476 milh\u00f5es em julho de 2026, de acordo com dados divulgados pelo Banco Central (BC) na manh\u00e3 desta segunda-feira (31), no Boletim de&hellip;<\/p>","protected":false},"author":1,"featured_media":141020,"comment_status":"closed","ping_status":"open","sticky":false,"template":"","format":"standard","meta":{"content-type":"","footnotes":""},"categories":[16],"tags":[],"class_list":["post-141474","post","type-post","status-publish","format-standard","has-post-thumbnail","hentry","category-noticias"],"_links":{"self":[{"href":"https:\/\/tvbrazilusa.com\/pt\/wp-json\/wp\/v2\/posts\/141474","targetHints":{"allow":["GET"]}}],"collection":[{"href":"https:\/\/tvbrazilusa.com\/pt\/wp-json\/wp\/v2\/posts"}],"about":[{"href":"https:\/\/tvbrazilusa.com\/pt\/wp-json\/wp\/v2\/types\/post"}],"author":[{"embeddable":true,"href":"https:\/\/tvbrazilusa.com\/pt\/wp-json\/wp\/v2\/users\/1"}],"replies":[{"embeddable":true,"href":"https:\/\/tvbrazilusa.com\/pt\/wp-json\/wp\/v2\/comments?post=141474"}],"version-history":[{"count":1,"href":"https:\/\/tvbrazilusa.com\/pt\/wp-json\/wp\/v2\/posts\/141474\/revisions"}],"predecessor-version":[{"id":141475,"href":"https:\/\/tvbrazilusa.com\/pt\/wp-json\/wp\/v2\/posts\/141474\/revisions\/141475"}],"wp:featuredmedia":[{"embeddable":true,"href":"https:\/\/tvbrazilusa.com\/pt\/wp-json\/wp\/v2\/media\/141020"}],"wp:attachment":[{"href":"https:\/\/tvbrazilusa.com\/pt\/wp-json\/wp\/v2\/media?parent=141474"}],"wp:term":[{"taxonomy":"category","embeddable":true,"href":"https:\/\/tvbrazilusa.com\/pt\/wp-json\/wp\/v2\/categories?post=141474"},{"taxonomy":"post_tag","embeddable":true,"href":"https:\/\/tvbrazilusa.com\/pt\/wp-json\/wp\/v2\/tags?post=141474"}],"curies":[{"name":"wp","href":"https:\/\/api.w.org\/{rel}","templated":true}]}}