{"id":141476,"date":"2026-08-31T16:19:54","date_gmt":"2026-08-31T16:19:54","guid":{"rendered":"https:\/\/tvbrazilusa.com\/2026\/08\/31\/lula-sanciona-corte-que-pode-retirar-ate-r-166-bi-da-saude-e-educacao\/"},"modified":"2026-08-31T16:23:36","modified_gmt":"2026-08-31T16:23:36","slug":"lula-sanciona-corte-que-pode-retirar-ate-r-166-bi-da-saude-e-educacao","status":"publish","type":"post","link":"https:\/\/tvbrazilusa.com\/pt\/2026\/08\/31\/lula-sanciona-corte-que-pode-retirar-ate-r-166-bi-da-saude-e-educacao\/","title":{"rendered":"Lula sanciona corte que pode retirar at\u00e9 R$ 16,6 bi da sa\u00fade e educa\u00e7\u00e3o"},"content":{"rendered":"<script async src=\"https:\/\/pagead2.googlesyndication.com\/pagead\/js\/adsbygoogle.js?client=ca-pub-8864793242727901\"\r\n     crossorigin=\"anonymous\"><\/script>\n<div id=\"cd-article-content\" itemprop=\"articleBody\">\n<p class=\"wp-block-paragraph\">O presidente <a href=\"https:\/\/claudiodantas.com.br\/tag\/fora-lula\/\" data-type=\"post_tag\" data-id=\"4445\">Lula <\/a>sancionou, em 27 de agosto, sem vetos, a <a href=\"https:\/\/www.planalto.gov.br\/ccivil_03\/leis\/lcp\/lcp235.htm\" target=\"_blank\" rel=\"noopener\">Lei Complementar 235<\/a>, que permite mudan\u00e7as na aplica\u00e7\u00e3o de recursos da sa\u00fade e da educa\u00e7\u00e3o. C\u00e1lculos citados pelo <em>Estad\u00e3o<\/em> estimam que as duas \u00e1reas podem deixar de receber at\u00e9 <strong>R$ 16,6 bilh\u00f5es em 2027<\/strong>.<\/p>\n<p><a href=\"https:\/\/whatsapp.com\/channel\/0029VaTFkH2HVvTbkE883x1x\" target=\"_blank\" class=\"whatsapp-channel-message\" rel=\"noopener\">\u2705 Siga o canal do Claudio Dantas no WhatsApp<\/a><\/p>\n<p class=\"wp-block-paragraph\">A medida tamb\u00e9m prev\u00ea a antecipa\u00e7\u00e3o para 2026 de at\u00e9 <strong>R$ 3 bilh\u00f5es<\/strong> que seriam destinados \u00e0s duas \u00e1reas no ano seguinte. Segundo a Institui\u00e7\u00e3o Fiscal Independente (IFI), somente a mudan\u00e7a na base de c\u00e1lculo do piso da sa\u00fade pode representar uma redu\u00e7\u00e3o de <strong>R$ 4,7 bilh\u00f5es<\/strong> em 2027.<\/p>\n<h3 class=\"wp-block-heading\">Petr\u00f3leo deixa de entrar na base da sa\u00fade<\/h3>\n<p class=\"wp-block-paragraph\">A nova regra mant\u00e9m o percentual constitucional de 15% da receita corrente l\u00edquida destinado \u00e0 <a href=\"https:\/\/claudiodantas.com.br\/tag\/eua-saude\/\" data-type=\"post_tag\" data-id=\"2388\">sa\u00fade<\/a>. O texto, por\u00e9m, permite retirar dessa base as receitas obtidas com a explora\u00e7\u00e3o de petr\u00f3leo enquanto houver previs\u00e3o de d\u00e9ficit. Para 2027, a estimativa de arrecada\u00e7\u00e3o com petr\u00f3leo considerada no c\u00e1lculo \u00e9 de R$ 31 bilh\u00f5es.<\/p>\n<p class=\"wp-block-paragraph\">A mudan\u00e7a n\u00e3o altera formalmente o percentual previsto na Constitui\u00e7\u00e3o, mas reduz a base sobre a qual ele \u00e9 aplicado. Com uma base menor, o valor destinado ao piso da sa\u00fade tamb\u00e9m diminui.<\/p>\n<p class=\"wp-block-paragraph\">O segundo mecanismo envolve recursos do Fundo Social do Pr\u00e9-Sal. A legisla\u00e7\u00e3o anterior previa que parte desses valores fosse aplicada adicionalmente em sa\u00fade e educa\u00e7\u00e3o. A nova lei autoriza o governo a antecipar at\u00e9 <strong>R$ 3 bilh\u00f5es de 2027 para 2026<\/strong>.<\/p>\n<h3 class=\"wp-block-heading\">Medida abre espa\u00e7o no Or\u00e7amento<\/h3>\n<p class=\"wp-block-paragraph\">O ministro do Planejamento, Bruno Moretti, estimou em <strong>R$ 20 bilh\u00f5es<\/strong> a economia proporcionada pelos gatilhos previstos no Or\u00e7amento de 2027. Desse total, R$ 10 bilh\u00f5es viriam da Lei Complementar 235.<\/p>\n<p class=\"wp-block-paragraph\">A proposta de Or\u00e7amento de 2027, que o governo deve apresentar ao Congresso nesta segunda-feira (31), permitir\u00e1 comparar o valor previsto para o piso da sa\u00fade com o montante que seria destinado caso as receitas do petr\u00f3leo permanecessem na base de c\u00e1lculo.<\/p>\n<h3 class=\"wp-block-heading\">Lei foi aprovada em tramita\u00e7\u00e3o acelerada<\/h3>\n<p class=\"wp-block-paragraph\">A Lei Complementar 235 foi aprovada pela C\u00e2mara e pelo Senado em <strong>12 de agosto<\/strong>, no mesmo dia. Na C\u00e2mara, o placar foi de 318 votos a 113. No Senado, 61 a 2. A tramita\u00e7\u00e3o ocorreu sem audi\u00eancia p\u00fablica.<\/p>\n<p class=\"wp-block-paragraph\">Os dispositivos que afetam sa\u00fade e educa\u00e7\u00e3o n\u00e3o constavam da proposta original. Eles foram inclu\u00eddos no parecer da relatora, deputada Marussa Boldrin (Republicanos-GO), ap\u00f3s negocia\u00e7\u00e3o com o Minist\u00e9rio do Planejamento.<\/p>\n<p class=\"wp-block-paragraph\">Em vota\u00e7\u00e3o no Senado, o destaque apresentado pelo PL para retirar um dos dispositivos foi rejeitado por <strong>43 votos a 20<\/strong>. Os nove senadores do PT votaram pela manuten\u00e7\u00e3o do trecho.<\/p>\n<h3 class=\"wp-block-heading\">C\u00e1lculos apontam impacto bilion\u00e1rio<\/h3>\n<p class=\"wp-block-paragraph\">A estimativa de perda para sa\u00fade e educa\u00e7\u00e3o varia conforme a metodologia. A IFI calcula <strong>R$ 4,7 bilh\u00f5es a menos para o piso da sa\u00fade<\/strong> em 2027.<\/p>\n<p class=\"wp-block-paragraph\">Estudo do Instituto de Finan\u00e7as Funcionais para o Desenvolvimento aponta impacto de <strong>R$ 8,6 bilh\u00f5es a R$ 16,6 bilh\u00f5es<\/strong> nas duas \u00e1reas em 2027. Para o per\u00edodo at\u00e9 2030, a estimativa chega a R$ 56 bilh\u00f5es.<\/p>\n<p class=\"wp-block-paragraph\">A XP estima impacto de at\u00e9 <strong>R$ 8 bilh\u00f5es apenas na sa\u00fade<\/strong> em 2027.<\/p>\n<p class=\"wp-block-paragraph\">O governo incorporou a economia projetada pela lei ao planejamento fiscal para 2027. A proposta or\u00e7ament\u00e1ria dever\u00e1 mostrar pela primeira vez o efeito concreto da mudan\u00e7a sobre os pisos constitucionais.<\/p>\n<\/div>\n<p><script>!function(f,b,e,v,n,t,s){if(f.fbq)return;n=f.fbq=function(){n.callMethod?n.callMethod.apply(n,arguments):n.queue.push(arguments)};if(!f._fbq)f._fbq=n;n.push=n;n.loaded=!0;n.version='2.0';n.queue=[];t=b.createElement(e);t.async=!0;t.src=v;s=b.getElementsByTagName(e)[0];s.parentNode.insertBefore(t,s)}(window,document,'script','https:\/\/connect.facebook.net\/en_US\/fbevents.js');fbq('init','1423865622537930');fbq('track','PageView');<\/script><br \/>\n<br \/><br \/>\n<br \/><a href=\"https:\/\/claudiodantas.com.br\/lula-sanciona-corte-que-pode-retirar-ate-r-166-bi-da-saude-e-educacao\/\">Source link <\/a><\/p>","protected":false},"excerpt":{"rendered":"<p>O presidente Lula sancionou, em 27 de agosto, sem vetos, a Lei Complementar 235, que permite mudan\u00e7as na aplica\u00e7\u00e3o de recursos da sa\u00fade e da educa\u00e7\u00e3o. C\u00e1lculos citados pelo Estad\u00e3o&hellip;<\/p>","protected":false},"author":1,"featured_media":141477,"comment_status":"closed","ping_status":"open","sticky":false,"template":"","format":"standard","meta":{"content-type":"","footnotes":""},"categories":[16],"tags":[],"class_list":["post-141476","post","type-post","status-publish","format-standard","has-post-thumbnail","hentry","category-noticias"],"_links":{"self":[{"href":"https:\/\/tvbrazilusa.com\/pt\/wp-json\/wp\/v2\/posts\/141476","targetHints":{"allow":["GET"]}}],"collection":[{"href":"https:\/\/tvbrazilusa.com\/pt\/wp-json\/wp\/v2\/posts"}],"about":[{"href":"https:\/\/tvbrazilusa.com\/pt\/wp-json\/wp\/v2\/types\/post"}],"author":[{"embeddable":true,"href":"https:\/\/tvbrazilusa.com\/pt\/wp-json\/wp\/v2\/users\/1"}],"replies":[{"embeddable":true,"href":"https:\/\/tvbrazilusa.com\/pt\/wp-json\/wp\/v2\/comments?post=141476"}],"version-history":[{"count":1,"href":"https:\/\/tvbrazilusa.com\/pt\/wp-json\/wp\/v2\/posts\/141476\/revisions"}],"predecessor-version":[{"id":141478,"href":"https:\/\/tvbrazilusa.com\/pt\/wp-json\/wp\/v2\/posts\/141476\/revisions\/141478"}],"wp:featuredmedia":[{"embeddable":true,"href":"https:\/\/tvbrazilusa.com\/pt\/wp-json\/wp\/v2\/media\/141477"}],"wp:attachment":[{"href":"https:\/\/tvbrazilusa.com\/pt\/wp-json\/wp\/v2\/media?parent=141476"}],"wp:term":[{"taxonomy":"category","embeddable":true,"href":"https:\/\/tvbrazilusa.com\/pt\/wp-json\/wp\/v2\/categories?post=141476"},{"taxonomy":"post_tag","embeddable":true,"href":"https:\/\/tvbrazilusa.com\/pt\/wp-json\/wp\/v2\/tags?post=141476"}],"curies":[{"name":"wp","href":"https:\/\/api.w.org\/{rel}","templated":true}]}}