{"id":141479,"date":"2026-08-31T16:34:15","date_gmt":"2026-08-31T16:34:15","guid":{"rendered":"https:\/\/tvbrazilusa.com\/2026\/08\/31\/ministro-chama-denuncias-de-el-salvador-de-manipulacao\/"},"modified":"2026-08-31T16:35:31","modified_gmt":"2026-08-31T16:35:31","slug":"ministro-chama-denuncias-de-el-salvador-de-manipulacao","status":"publish","type":"post","link":"https:\/\/tvbrazilusa.com\/pt\/2026\/08\/31\/ministro-chama-denuncias-de-el-salvador-de-manipulacao\/","title":{"rendered":"Ministro chama den\u00fancias de El Salvador de \u201cmanipula\u00e7\u00e3o\u201d"},"content":{"rendered":"<script async src=\"https:\/\/pagead2.googlesyndication.com\/pagead\/js\/adsbygoogle.js?client=ca-pub-8864793242727901\"\r\n     crossorigin=\"anonymous\"><\/script>\n<div id=\"cd-article-content\" itemprop=\"articleBody\">\n<p class=\"wp-block-paragraph\">O <a href=\"https:\/\/claudiodantas.com.br\/tag\/gustavo-villatoro\/\" data-type=\"post_tag\" data-id=\"17360\">ministro da Seguran\u00e7a P\u00fablica e Justi\u00e7a de El Salvador, Gustavo Villatoro<\/a>, classificou como \u201cmanipula\u00e7\u00e3o\u201d as den\u00fancias de viola\u00e7\u00f5es de direitos humanos cometidas durante a pol\u00edtica de seguran\u00e7a do governo de Nayib Bukele. Em evento da <a href=\"https:\/\/www.fiesp.com.br\/\" target=\"_blank\" rel=\"noopener\">Federa\u00e7\u00e3o das Ind\u00fastrias do Estado de S\u00e3o Paulo (Fiesp)<\/a>, nesta segunda-feira (31), Villatoro defendeu o Estado de Exce\u00e7\u00e3o e apresentou a ofensiva contra as organiza\u00e7\u00f5es criminosas como respons\u00e1vel pela retomada do controle de territ\u00f3rios pelo Estado.<\/p>\n<p><a href=\"https:\/\/whatsapp.com\/channel\/0029VaTFkH2HVvTbkE883x1x\" target=\"_blank\" class=\"whatsapp-channel-message\" rel=\"noopener\">\u2705 Siga o canal do Claudio Dantas no WhatsApp<\/a><\/p>\n<p class=\"wp-block-paragraph\">\u201c\u00c9 muito claro como eles est\u00e3o tentando nos manipular, como querem destruir nosso trabalho. Porque, infelizmente para eles, mesmo sendo um pa\u00eds pequeno e pobre, estamos dando o exemplo de como enfrentar organiza\u00e7\u00f5es criminosas\u201d, afirmou.<\/p>\n<p class=\"wp-block-paragraph\">Segundo Villatoro, as fac\u00e7\u00f5es que atuavam em El Salvador n\u00e3o apenas praticavam crimes, mas exerciam fun\u00e7\u00f5es que deveriam caber ao poder p\u00fablico. Ele afirmou que os grupos controlavam territ\u00f3rios, cobravam extors\u00f5es, mantinham estruturas armadas e impunham sua pr\u00f3pria Justi\u00e7a.<\/p>\n<p class=\"wp-block-paragraph\">\u201cEles acabam usurpando as fun\u00e7\u00f5es leg\u00edtimas de um Estado dentro de um territ\u00f3rio\u201d, disse.<\/p>\n<p class=\"wp-block-paragraph\">O ministro afirmou que os criminosos chegaram a formar uma estrutura com mais de 40 mil integrantes e que homic\u00eddios eram ordenados pela pr\u00f3pria organiza\u00e7\u00e3o. Na avalia\u00e7\u00e3o de Villatoro, esse cen\u00e1rio exigiu uma resposta estatal direcionada \u00e0s fac\u00e7\u00f5es como estruturas completas.<\/p>\n<p class=\"wp-block-paragraph\">\u201cO inimigo da na\u00e7\u00e3o era a personifica\u00e7\u00e3o daquela organiza\u00e7\u00e3o criminosa como um todo\u201d, declarou.<\/p>\n<p class=\"wp-block-paragraph\"><strong>Estado de Exce\u00e7\u00e3o<\/strong><\/p>\n<p class=\"wp-block-paragraph\">Villatoro tamb\u00e9m defendeu a manuten\u00e7\u00e3o do Estado de Exce\u00e7\u00e3o como ferramenta para enfrentar as organiza\u00e7\u00f5es criminosas. A medida permitiu a realiza\u00e7\u00e3o de milhares de pris\u00f5es e restringiu garantias constitucionais no pa\u00eds.<\/p>\n<p class=\"wp-block-paragraph\">\u201cUm estado de exce\u00e7\u00e3o \u00e9 simplesmente a ferramenta constitucional que usamos para declarar guerra a um estado criminoso paralelo\u201d, afirmou.<\/p>\n<p class=\"wp-block-paragraph\">O governo Bukele \u00e9 alvo de den\u00fancias de pris\u00f5es sem mandados e sem provas, al\u00e9m de acusa\u00e7\u00f5es de julgamentos coletivos e persegui\u00e7\u00e3o a opositores. Villatoro rejeitou as cr\u00edticas e afirmou que mais de 80 mil criminosos foram responsabilizados individualmente e condenados.<\/p>\n<p class=\"wp-block-paragraph\">Durante a palestra, o ministro ainda classificou a transforma\u00e7\u00e3o na seguran\u00e7a p\u00fablica salvadorenha como um \u201cmilagre\u201d e atribuiu parte do resultado \u00e0 atua\u00e7\u00e3o de Bukele.<\/p>\n<p class=\"wp-block-paragraph\"><strong>Fl\u00e1vio Bolsonaro<\/strong><\/p>\n<p class=\"wp-block-paragraph\">A visita de Villatoro ao Brasil ocorre ap\u00f3s um encontro com o candidato \u00e0 Presid\u00eancia Fl\u00e1vio Bolsonaro (PL), realizado no domingo (30), em S\u00e3o Paulo. O senador defendeu uma pol\u00edtica de encarceramento mais dura e afirmou que pretende ampliar em mais de 500 mil o n\u00famero de vagas no sistema prisional brasileiro.<\/p>\n<p class=\"wp-block-paragraph\">\u201cTem pouco preso no Brasil, tinha que ter mais. S\u00f3 n\u00e3o tem mais porque a legisla\u00e7\u00e3o \u00e9 frouxa. Por isso que n\u00f3s vamos criar mais de meio milh\u00e3o de vagas em pres\u00eddios para que ladr\u00e3o de celular e com\u00e9rcio tenha no m\u00ednimo oito anos de cadeia e fique preso\u201d, afirmou.<\/p>\n<p class=\"wp-block-paragraph\">Fl\u00e1vio tamb\u00e9m elogiou a estrat\u00e9gia de seguran\u00e7a adotada por Bukele e apresentou o modelo salvadorenho como refer\u00eancia para o combate ao crime no Brasil.<\/p>\n<p class=\"wp-block-paragraph\">O encontro e a participa\u00e7\u00e3o de Villatoro na Fiesp refor\u00e7am a aproxima\u00e7\u00e3o de integrantes da direita brasileira com a pol\u00edtica de seguran\u00e7a de Bukele, marcada pela expans\u00e3o do encarceramento e pelo uso prolongado do Estado de Exce\u00e7\u00e3o.<\/p>\n<p class=\"wp-block-paragraph\"><strong>Apoio na Fiesp<\/strong><\/p>\n<p class=\"wp-block-paragraph\">O evento reuniu outros pol\u00edticos que disputam as elei\u00e7\u00f5es de 2026. O senador Sergio Moro (PL), candidato ao governo do Paran\u00e1, afirmou que a experi\u00eancia salvadorenha inspira propostas para a seguran\u00e7a p\u00fablica brasileira.<\/p>\n<p class=\"wp-block-paragraph\">Moro declarou que, se eleito, pretende construir um pres\u00eddio de seguran\u00e7a m\u00e1xima no Paran\u00e1 e batizar a unidade de \u201cEl Salvador\u201d.<\/p>\n<p class=\"wp-block-paragraph\">O presidente da Fiesp, Paulo Skaf, tamb\u00e9m saiu em defesa da pol\u00edtica de Bukele e destacou o apoio popular ao presidente salvadorenho.<\/p>\n<p class=\"wp-block-paragraph\">\u201cSer\u00e1 que os direitos humanos das pessoas de bem, da sociedade, eram respeitados? N\u00e3o eram. A realidade \u00e9 que o presidente hoje, l\u00e1 em El Salvador, tem 90% de apoio da sua popula\u00e7\u00e3o\u201d, afirmou.<\/p>\n<\/div>\n<p><script>!function(f,b,e,v,n,t,s){if(f.fbq)return;n=f.fbq=function(){n.callMethod?n.callMethod.apply(n,arguments):n.queue.push(arguments)};if(!f._fbq)f._fbq=n;n.push=n;n.loaded=!0;n.version='2.0';n.queue=[];t=b.createElement(e);t.async=!0;t.src=v;s=b.getElementsByTagName(e)[0];s.parentNode.insertBefore(t,s)}(window,document,'script','https:\/\/connect.facebook.net\/en_US\/fbevents.js');fbq('init','1423865622537930');fbq('track','PageView');<\/script><br \/>\n<br \/><br \/>\n<br \/><a href=\"https:\/\/claudiodantas.com.br\/ministro-denuncias-el-salvador-manipulacao\/\">Source link <\/a><\/p>","protected":false},"excerpt":{"rendered":"<p>O ministro da Seguran\u00e7a P\u00fablica e Justi\u00e7a de El Salvador, Gustavo Villatoro, classificou como \u201cmanipula\u00e7\u00e3o\u201d as den\u00fancias de viola\u00e7\u00f5es de direitos humanos cometidas durante a pol\u00edtica de seguran\u00e7a do governo&hellip;<\/p>","protected":false},"author":1,"featured_media":141480,"comment_status":"closed","ping_status":"open","sticky":false,"template":"","format":"standard","meta":{"content-type":"","footnotes":""},"categories":[16],"tags":[],"class_list":["post-141479","post","type-post","status-publish","format-standard","has-post-thumbnail","hentry","category-noticias"],"_links":{"self":[{"href":"https:\/\/tvbrazilusa.com\/pt\/wp-json\/wp\/v2\/posts\/141479","targetHints":{"allow":["GET"]}}],"collection":[{"href":"https:\/\/tvbrazilusa.com\/pt\/wp-json\/wp\/v2\/posts"}],"about":[{"href":"https:\/\/tvbrazilusa.com\/pt\/wp-json\/wp\/v2\/types\/post"}],"author":[{"embeddable":true,"href":"https:\/\/tvbrazilusa.com\/pt\/wp-json\/wp\/v2\/users\/1"}],"replies":[{"embeddable":true,"href":"https:\/\/tvbrazilusa.com\/pt\/wp-json\/wp\/v2\/comments?post=141479"}],"version-history":[{"count":1,"href":"https:\/\/tvbrazilusa.com\/pt\/wp-json\/wp\/v2\/posts\/141479\/revisions"}],"predecessor-version":[{"id":141481,"href":"https:\/\/tvbrazilusa.com\/pt\/wp-json\/wp\/v2\/posts\/141479\/revisions\/141481"}],"wp:featuredmedia":[{"embeddable":true,"href":"https:\/\/tvbrazilusa.com\/pt\/wp-json\/wp\/v2\/media\/141480"}],"wp:attachment":[{"href":"https:\/\/tvbrazilusa.com\/pt\/wp-json\/wp\/v2\/media?parent=141479"}],"wp:term":[{"taxonomy":"category","embeddable":true,"href":"https:\/\/tvbrazilusa.com\/pt\/wp-json\/wp\/v2\/categories?post=141479"},{"taxonomy":"post_tag","embeddable":true,"href":"https:\/\/tvbrazilusa.com\/pt\/wp-json\/wp\/v2\/tags?post=141479"}],"curies":[{"name":"wp","href":"https:\/\/api.w.org\/{rel}","templated":true}]}}