{"id":141482,"date":"2026-08-31T16:49:53","date_gmt":"2026-08-31T16:49:53","guid":{"rendered":"https:\/\/tvbrazilusa.com\/2026\/08\/31\/fim-da-6x1-pode-levar-30-anos-para-ser-compensado-aponta-cni\/"},"modified":"2026-08-31T16:53:30","modified_gmt":"2026-08-31T16:53:30","slug":"fim-da-6x1-pode-levar-30-anos-para-ser-compensado-aponta-cni","status":"publish","type":"post","link":"https:\/\/tvbrazilusa.com\/pt\/2026\/08\/31\/fim-da-6x1-pode-levar-30-anos-para-ser-compensado-aponta-cni\/","title":{"rendered":"Fim da 6&#215;1 pode levar 30 anos para ser compensado aponta CNI"},"content":{"rendered":"<script async src=\"https:\/\/pagead2.googlesyndication.com\/pagead\/js\/adsbygoogle.js?client=ca-pub-8864793242727901\"\r\n     crossorigin=\"anonymous\"><\/script>\n<div id=\"cd-article-content\" itemprop=\"articleBody\">\n<p class=\"wp-block-paragraph\">O fim da escala 6\u00d71 e a redu\u00e7\u00e3o da jornada semanal de 44 para 40 horas podem criar um d\u00e9ficit de produtividade que levaria entre 17 e 30 anos para ser compensado no Brasil. A estimativa \u00e9 da <a href=\"https:\/\/cni.portaldaindustria.com.br\/home\" target=\"_blank\" rel=\"noopener\">Confedera\u00e7\u00e3o Nacional da Ind\u00fastria (CNI)<\/a>, em estudo divulgado nesta segunda-feira (31), que avaliou os poss\u00edveis efeitos da mudan\u00e7a sobre empresas, empregos e sal\u00e1rios.<\/p>\n<p><a href=\"https:\/\/whatsapp.com\/channel\/0029VaTFkH2HVvTbkE883x1x\" target=\"_blank\" class=\"whatsapp-channel-message\" rel=\"noopener\">\u2705 Siga o canal do Claudio Dantas no WhatsApp<\/a><\/p>\n<p class=\"wp-block-paragraph\">A proposta est\u00e1 em discuss\u00e3o no Congresso Nacional e conta com o apoio do <a href=\"https:\/\/claudiodantas.com.br\/tag\/lula-pt-2\/\" data-type=\"post_tag\" data-id=\"14303\">governo Lula (PT)<\/a>. A previs\u00e3o \u00e9 que o Senado Federal avance na an\u00e1lise da medida nos pr\u00f3ximos dias.<\/p>\n<p class=\"wp-block-paragraph\">No cen\u00e1rio em que as empresas mant\u00eam os atuais n\u00edveis de emprego e remunera\u00e7\u00e3o, a redu\u00e7\u00e3o da jornada provocaria uma queda de aproximadamente 7,8% nas horas trabalhadas. Para preservar o mesmo n\u00edvel de produ\u00e7\u00e3o, seria necess\u00e1rio elevar a produtividade entre 8,3% e 8,5%.<\/p>\n<p class=\"wp-block-paragraph\">O problema, segundo a CNI, \u00e9 que o avan\u00e7o da produtividade brasileira tem ocorrido em ritmo inferior ao necess\u00e1rio. Entre 1981 e 2024, a produ\u00e7\u00e3o por hora trabalhada cresceu, em m\u00e9dia, 0,5% ao ano. Mantida essa taxa, seriam necess\u00e1rios cerca de 17 anos para acumular o ganho necess\u00e1rio.<\/p>\n<p class=\"wp-block-paragraph\">Considerando apenas os \u00faltimos seis anos, por\u00e9m, o ritmo m\u00e9dio caiu para 0,28% ao ano. Nesse cen\u00e1rio, o per\u00edodo para compensar a perda de horas trabalhadas chegaria a aproximadamente 30 anos.<\/p>\n<p class=\"wp-block-paragraph\"><strong>Ind\u00fastria precisaria elevar produtividade<\/strong><\/p>\n<p class=\"wp-block-paragraph\">A necessidade de ganho de efici\u00eancia tamb\u00e9m varia conforme o setor. Na ind\u00fastria extrativa, o aumento estimado \u00e9 de 10,4%. Na constru\u00e7\u00e3o, chegaria a 9,8%, enquanto a ind\u00fastria de transforma\u00e7\u00e3o precisaria avan\u00e7ar 9,3%.<\/p>\n<p class=\"wp-block-paragraph\">Fora da ind\u00fastria, o desafio seria ainda maior em algumas atividades. A agropecu\u00e1ria precisaria elevar a produtividade em at\u00e9 13,6%, e o com\u00e9rcio, em 10,6%.<\/p>\n<p class=\"wp-block-paragraph\">O levantamento tamb\u00e9m aponta que o Brasil ocupa posi\u00e7\u00f5es baixas no ranking internacional de produtividade. Segundo os dados utilizados pela CNI, o pa\u00eds est\u00e1 na 100\u00aa coloca\u00e7\u00e3o em produ\u00e7\u00e3o por trabalhador e na 91\u00aa posi\u00e7\u00e3o quando considerado o resultado por hora trabalhada.<\/p>\n<p class=\"wp-block-paragraph\">Para o presidente da CNI, Ricardo Alban, a redu\u00e7\u00e3o da jornada precisa ser acompanhada por condi\u00e7\u00f5es capazes de elevar a efici\u00eancia da economia.<\/p>\n<p class=\"wp-block-paragraph\">\u201cO desempenho brasileiro mostra que a redu\u00e7\u00e3o do tempo de trabalho s\u00f3 \u00e9 sustent\u00e1vel se houver condi\u00e7\u00f5es que permitam elevar a efici\u00eancia econ\u00f4mica. O desafio \u00e9 bem maior do que condensar em menos tempo o mesmo esfor\u00e7o. S\u00e3o necess\u00e1rias condi\u00e7\u00f5es estruturais capazes de tornar o trabalho mais eficiente. E esse ainda \u00e9 um desafio importante para o Brasil\u201d, afirmou.<\/p>\n<p class=\"wp-block-paragraph\">Alban tamb\u00e9m alertou para os efeitos da mudan\u00e7a sobre a capacidade de produ\u00e7\u00e3o das empresas.<\/p>\n<p class=\"wp-block-paragraph\">\u201cN\u00e3o existe redu\u00e7\u00e3o de jornada imposta por lei que n\u00e3o afete empregos, sal\u00e1rios e produ\u00e7\u00e3o. Nos tr\u00eas cen\u00e1rios, os trabalhadores perdem\u201d, disse.<\/p>\n<p class=\"wp-block-paragraph\"><strong>CNI projeta impacto sobre empregos<\/strong><\/p>\n<p class=\"wp-block-paragraph\">O estudo tamb\u00e9m simulou como as empresas poderiam reagir caso a redu\u00e7\u00e3o da jornada fosse aprovada.<\/p>\n<p class=\"wp-block-paragraph\">Em um cen\u00e1rio chamado de \u201crejei\u00e7\u00e3o\u201d, as empresas n\u00e3o absorveriam o aumento do custo e desligariam trabalhadores submetidos atualmente a jornadas superiores a 40 horas. Nesse caso, o n\u00famero de empregos formais considerados na simula\u00e7\u00e3o cairia de cerca de 41 milh\u00f5es para 18,9 milh\u00f5es.<\/p>\n<p class=\"wp-block-paragraph\">Outra possibilidade analisada \u00e9 a \u201cacomoda\u00e7\u00e3o\u201d. Nesse modelo, trabalhadores com jornadas superiores a 40 horas seriam substitu\u00eddos por empregados com carga hor\u00e1ria e sal\u00e1rios proporcionalmente menores.<\/p>\n<p class=\"wp-block-paragraph\">A mudan\u00e7a poderia reduzir a massa salarial entre 2,9% e 6%, o equivalente a uma perda estimada entre R$ 4,3 bilh\u00f5es e R$ 7,3 bilh\u00f5es por m\u00eas.<\/p>\n<p class=\"wp-block-paragraph\">A CNI tamb\u00e9m destaca que a jornada j\u00e1 \u00e9 objeto frequente de negocia\u00e7\u00e3o entre empresas e trabalhadores. O tema aparece em 81,5% dos acordos e conven\u00e7\u00f5es coletivas analisados pela entidade, que correspondem a mais de 37 mil instrumentos em um per\u00edodo de 12 meses.<\/p>\n<\/div>\n<p><script>!function(f,b,e,v,n,t,s){if(f.fbq)return;n=f.fbq=function(){n.callMethod?n.callMethod.apply(n,arguments):n.queue.push(arguments)};if(!f._fbq)f._fbq=n;n.push=n;n.loaded=!0;n.version='2.0';n.queue=[];t=b.createElement(e);t.async=!0;t.src=v;s=b.getElementsByTagName(e)[0];s.parentNode.insertBefore(t,s)}(window,document,'script','https:\/\/connect.facebook.net\/en_US\/fbevents.js');fbq('init','1423865622537930');fbq('track','PageView');<\/script><br \/>\n<br \/><br \/>\n<br \/><a href=\"https:\/\/claudiodantas.com.br\/cni-fim-6x1-levar-30-anos-para-ser-compensar\/\">Source link <\/a><\/p>","protected":false},"excerpt":{"rendered":"<p>O fim da escala 6\u00d71 e a redu\u00e7\u00e3o da jornada semanal de 44 para 40 horas podem criar um d\u00e9ficit de produtividade que levaria entre 17 e 30 anos para&hellip;<\/p>","protected":false},"author":1,"featured_media":141483,"comment_status":"closed","ping_status":"open","sticky":false,"template":"","format":"standard","meta":{"content-type":"","footnotes":""},"categories":[16],"tags":[],"class_list":["post-141482","post","type-post","status-publish","format-standard","has-post-thumbnail","hentry","category-noticias"],"_links":{"self":[{"href":"https:\/\/tvbrazilusa.com\/pt\/wp-json\/wp\/v2\/posts\/141482","targetHints":{"allow":["GET"]}}],"collection":[{"href":"https:\/\/tvbrazilusa.com\/pt\/wp-json\/wp\/v2\/posts"}],"about":[{"href":"https:\/\/tvbrazilusa.com\/pt\/wp-json\/wp\/v2\/types\/post"}],"author":[{"embeddable":true,"href":"https:\/\/tvbrazilusa.com\/pt\/wp-json\/wp\/v2\/users\/1"}],"replies":[{"embeddable":true,"href":"https:\/\/tvbrazilusa.com\/pt\/wp-json\/wp\/v2\/comments?post=141482"}],"version-history":[{"count":1,"href":"https:\/\/tvbrazilusa.com\/pt\/wp-json\/wp\/v2\/posts\/141482\/revisions"}],"predecessor-version":[{"id":141484,"href":"https:\/\/tvbrazilusa.com\/pt\/wp-json\/wp\/v2\/posts\/141482\/revisions\/141484"}],"wp:featuredmedia":[{"embeddable":true,"href":"https:\/\/tvbrazilusa.com\/pt\/wp-json\/wp\/v2\/media\/141483"}],"wp:attachment":[{"href":"https:\/\/tvbrazilusa.com\/pt\/wp-json\/wp\/v2\/media?parent=141482"}],"wp:term":[{"taxonomy":"category","embeddable":true,"href":"https:\/\/tvbrazilusa.com\/pt\/wp-json\/wp\/v2\/categories?post=141482"},{"taxonomy":"post_tag","embeddable":true,"href":"https:\/\/tvbrazilusa.com\/pt\/wp-json\/wp\/v2\/tags?post=141482"}],"curies":[{"name":"wp","href":"https:\/\/api.w.org\/{rel}","templated":true}]}}