{"id":141485,"date":"2026-08-31T16:48:05","date_gmt":"2026-08-31T16:48:05","guid":{"rendered":"https:\/\/tvbrazilusa.com\/2026\/08\/31\/coordenador-de-lula-chama-crise-fiscal-de-fake-news\/"},"modified":"2026-08-31T16:59:26","modified_gmt":"2026-08-31T16:59:26","slug":"coordenador-de-lula-chama-crise-fiscal-de-fake-news","status":"publish","type":"post","link":"https:\/\/tvbrazilusa.com\/pt\/2026\/08\/31\/coordenador-de-lula-chama-crise-fiscal-de-fake-news\/","title":{"rendered":"Coordenador de Lula chama crise fiscal de \u201cfake news\u201d"},"content":{"rendered":"<script async src=\"https:\/\/pagead2.googlesyndication.com\/pagead\/js\/adsbygoogle.js?client=ca-pub-8864793242727901\"\r\n     crossorigin=\"anonymous\"><\/script>\n<div id=\"cd-article-content\" itemprop=\"articleBody\">\n<p class=\"wp-block-paragraph\">O coordenador do programa de governo do presidente <a href=\"https:\/\/claudiodantas.com.br\/tag\/fora-lula\/\" data-type=\"post_tag\" data-id=\"4445\">Lula <\/a>(PT), <a href=\"https:\/\/pt.wikipedia.org\/wiki\/Sergio_Gabrielli\" target=\"_blank\" rel=\"noopener\">Jos\u00e9 Sergio Gabrielli<\/a>, afirmou nesta segunda-feira (31) que a avalia\u00e7\u00e3o de que o Brasil enfrenta uma crise fiscal \u00e9 <strong>\u201cfake news\u201d<\/strong>. Em entrevista \u00e0 <em>Folha de S.Paulo<\/em>, ele disse que os principais indicadores econ\u00f4micos n\u00e3o apontam para um cen\u00e1rio de crise.<\/p>\n<p><a href=\"https:\/\/whatsapp.com\/channel\/0029VaTFkH2HVvTbkE883x1x\" target=\"_blank\" class=\"whatsapp-channel-message\" rel=\"noopener\">\u2705 Siga o canal do Claudio Dantas no WhatsApp<\/a><\/p>\n<p class=\"wp-block-paragraph\">Gabrielli citou a queda do IPCA-15, o baixo desemprego, a situa\u00e7\u00e3o da balan\u00e7a de pagamentos, o n\u00edvel das reservas internacionais e o controle da taxa de c\u00e2mbio para sustentar sua avalia\u00e7\u00e3o.<\/p>\n<p class=\"wp-block-paragraph\"><em>\u201cN\u00e3o existe uma quest\u00e3o fiscal, ou uma crise fiscal. \u00c9 meio fake news isso. A economia brasileira est\u00e1 apresentando bons sinais, o desemprego \u00e9 baixo, o IPCA-15 (\u00cdndice Nacional de Pre\u00e7os ao Consumidor Amplo 15) vem apontando para queda, n\u00e3o temos problema da balan\u00e7a de pagamentos, nossas reservas internacionais s\u00e3o firmes e a taxa de c\u00e2mbio est\u00e1 controlada\u201d<\/em>, disse Gabrielli \u00e0 <em>Folha<\/em>. <em>\u201cN\u00e3o h\u00e1 nenhum motivo para p\u00e2nico\u201d<\/em>, acrescentou.<\/p>\n<p class=\"wp-block-paragraph\">A declara\u00e7\u00e3o contrasta com a posi\u00e7\u00e3o defendida pelo ministro da Fazenda, Dario Durigan. O titular da pasta tem defendido a redu\u00e7\u00e3o gradual das despesas e o fortalecimento do arcabou\u00e7o fiscal.<\/p>\n<h3 class=\"wp-block-heading\">Diverg\u00eancia sobre a pol\u00edtica fiscal<\/h3>\n<p class=\"wp-block-paragraph\">A trajet\u00f3ria da d\u00edvida p\u00fablica \u00e9 um dos principais pontos de preocupa\u00e7\u00e3o entre economistas. Gabrielli, por\u00e9m, avalia que o cen\u00e1rio n\u00e3o apresenta risco imediato. Segundo ele, as proje\u00e7\u00f5es do mercado para os indicadores macroecon\u00f4micos do pr\u00f3ximo ano permanecem est\u00e1veis.<\/p>\n<p class=\"wp-block-paragraph\">Dentro da campanha de Lula, o coordenador \u00e9 associado a setores do <a href=\"https:\/\/claudiodantas.com.br\/tag\/articulacao-pt\/\" data-type=\"post_tag\" data-id=\"2011\">PT <\/a>que defendem maior flexibilidade nas regras fiscais para permitir mais investimentos.<\/p>\n<p class=\"wp-block-paragraph\">Durigan segue uma linha diferente. O ministro reconhece a necessidade de conter despesas e sustenta a manuten\u00e7\u00e3o das regras atuais do arcabou\u00e7o fiscal.<\/p>\n<p class=\"wp-block-paragraph\">A diverg\u00eancia ocorre enquanto o governo tenta apresentar uma posi\u00e7\u00e3o de maior previsibilidade econ\u00f4mica ao mercado. Durigan tem participado de reuni\u00f5es com empres\u00e1rios e banqueiros para reduzir as incertezas sobre a pol\u00edtica fiscal em um eventual novo mandato de Lula.<\/p>\n<h3 class=\"wp-block-heading\">Press\u00e3o por mais impostos<\/h3>\n<p class=\"wp-block-paragraph\">Gabrielli tamb\u00e9m recebeu nesta semana representantes de movimentos favor\u00e1veis \u00e0 taxa\u00e7\u00e3o dos chamados <em>\u201csuper-ricos\u201d<\/em>. O objetivo \u00e9 formular uma resposta \u00e0 press\u00e3o por maior controle das despesas p\u00fablicas.<\/p>\n<p class=\"wp-block-paragraph\">A discuss\u00e3o sobre a pol\u00edtica fiscal ganhou espa\u00e7o dentro da pr\u00f3pria campanha de Lula. Enquanto integrantes do governo defendem o cumprimento das regras fiscais, setores do PT pressionam por maior espa\u00e7o para investimentos e gastos sociais.<\/p>\n<\/div>\n<p><script>!function(f,b,e,v,n,t,s){if(f.fbq)return;n=f.fbq=function(){n.callMethod?n.callMethod.apply(n,arguments):n.queue.push(arguments)};if(!f._fbq)f._fbq=n;n.push=n;n.loaded=!0;n.version='2.0';n.queue=[];t=b.createElement(e);t.async=!0;t.src=v;s=b.getElementsByTagName(e)[0];s.parentNode.insertBefore(t,s)}(window,document,'script','https:\/\/connect.facebook.net\/en_US\/fbevents.js');fbq('init','1423865622537930');fbq('track','PageView');<\/script><br \/>\n<br \/><br \/>\n<br \/><a href=\"https:\/\/claudiodantas.com.br\/coordenador-de-lula-chama-crise-fiscal-de-fake-news\/\">Source link <\/a><\/p>","protected":false},"excerpt":{"rendered":"<p>O coordenador do programa de governo do presidente Lula (PT), Jos\u00e9 Sergio Gabrielli, afirmou nesta segunda-feira (31) que a avalia\u00e7\u00e3o de que o Brasil enfrenta uma crise fiscal \u00e9 \u201cfake&hellip;<\/p>","protected":false},"author":1,"featured_media":141486,"comment_status":"closed","ping_status":"open","sticky":false,"template":"","format":"standard","meta":{"content-type":"","footnotes":""},"categories":[16],"tags":[],"class_list":["post-141485","post","type-post","status-publish","format-standard","has-post-thumbnail","hentry","category-noticias"],"_links":{"self":[{"href":"https:\/\/tvbrazilusa.com\/pt\/wp-json\/wp\/v2\/posts\/141485","targetHints":{"allow":["GET"]}}],"collection":[{"href":"https:\/\/tvbrazilusa.com\/pt\/wp-json\/wp\/v2\/posts"}],"about":[{"href":"https:\/\/tvbrazilusa.com\/pt\/wp-json\/wp\/v2\/types\/post"}],"author":[{"embeddable":true,"href":"https:\/\/tvbrazilusa.com\/pt\/wp-json\/wp\/v2\/users\/1"}],"replies":[{"embeddable":true,"href":"https:\/\/tvbrazilusa.com\/pt\/wp-json\/wp\/v2\/comments?post=141485"}],"version-history":[{"count":1,"href":"https:\/\/tvbrazilusa.com\/pt\/wp-json\/wp\/v2\/posts\/141485\/revisions"}],"predecessor-version":[{"id":141487,"href":"https:\/\/tvbrazilusa.com\/pt\/wp-json\/wp\/v2\/posts\/141485\/revisions\/141487"}],"wp:featuredmedia":[{"embeddable":true,"href":"https:\/\/tvbrazilusa.com\/pt\/wp-json\/wp\/v2\/media\/141486"}],"wp:attachment":[{"href":"https:\/\/tvbrazilusa.com\/pt\/wp-json\/wp\/v2\/media?parent=141485"}],"wp:term":[{"taxonomy":"category","embeddable":true,"href":"https:\/\/tvbrazilusa.com\/pt\/wp-json\/wp\/v2\/categories?post=141485"},{"taxonomy":"post_tag","embeddable":true,"href":"https:\/\/tvbrazilusa.com\/pt\/wp-json\/wp\/v2\/tags?post=141485"}],"curies":[{"name":"wp","href":"https:\/\/api.w.org\/{rel}","templated":true}]}}