{"id":141488,"date":"2026-08-31T17:03:45","date_gmt":"2026-08-31T17:03:45","guid":{"rendered":"https:\/\/tvbrazilusa.com\/2026\/08\/31\/bruno-dantas-renuncia-ao-cargo-no-tcu\/"},"modified":"2026-08-31T17:06:36","modified_gmt":"2026-08-31T17:06:36","slug":"bruno-dantas-renuncia-ao-cargo-no-tcu","status":"publish","type":"post","link":"https:\/\/tvbrazilusa.com\/pt\/2026\/08\/31\/bruno-dantas-renuncia-ao-cargo-no-tcu\/","title":{"rendered":"Bruno Dantas renuncia ao cargo no TCU"},"content":{"rendered":"<script async src=\"https:\/\/pagead2.googlesyndication.com\/pagead\/js\/adsbygoogle.js?client=ca-pub-8864793242727901\"\r\n     crossorigin=\"anonymous\"><\/script>\n<div id=\"cd-article-content\" itemprop=\"articleBody\">\n<p class=\"wp-block-paragraph\">O ministro Bruno <a href=\"https:\/\/claudiodantas.com.br\/tag\/bruno-dantas\/\" data-type=\"post_tag\" data-id=\"9768\">Dantas <\/a>apresentou hoje (31) pedido de ren\u00fancia ao cargo no Tribunal de Contas da Uni\u00e3o (<a href=\"https:\/\/portal.tcu.gov.br\/\" target=\"_blank\" rel=\"noopener\">TCU<\/a>). Ele afirmou que a decis\u00e3o foi <strong>\u201camadurecida ao longo dos \u00faltimos meses\u201d<\/strong> e defendeu a renova\u00e7\u00e3o nos postos de comando das institui\u00e7\u00f5es.<\/p>\n<p><a href=\"https:\/\/whatsapp.com\/channel\/0029VaTFkH2HVvTbkE883x1x\" target=\"_blank\" class=\"whatsapp-channel-message\" rel=\"noopener\">\u2705 Siga o canal do Claudio Dantas no WhatsApp<\/a><\/p>\n<p class=\"wp-block-paragraph\">Em publica\u00e7\u00e3o nas redes sociais, Dantas confirmou a sa\u00edda e disse que a <strong>\u201crotatividade\u201d<\/strong> \u00e9 uma <strong>\u201cvirtude\u201d<\/strong>.<\/p>\n<blockquote class=\"wp-block-quote is-layout-flow wp-block-quote-is-layout-flow\">\n<p class=\"wp-block-paragraph\">\u201cHoje protocolei meu pedido de ren\u00fancia ao cargo de ministro do <a href=\"https:\/\/claudiodantas.com.br\/tag\/tcu\/\" data-type=\"post_tag\" data-id=\"325\">Tribunal <\/a>de Contas da Uni\u00e3o\u201d, disse Dantas em publica\u00e7\u00e3o nas redes sociais. \u201cEncerro este ciclo com a serenidade e a convic\u00e7\u00e3o republicana de que a rotatividade nos altos cargos \u00e9 uma virtude. As institui\u00e7\u00f5es se fortalecem quando seus quadros sabem chegar e sabem partir.\u201d<\/p>\n<\/blockquote>\n<p class=\"wp-block-paragraph\">O pedido foi protocolado em car\u00e1ter <strong>\u201cirretrat\u00e1vel\u201d<\/strong>. Dantas solicitou que a vac\u00e2ncia e a exonera\u00e7\u00e3o produzam efeitos a partir de 9 de setembro.<\/p>\n<p class=\"wp-block-paragraph\">A sa\u00edda j\u00e1 era esperada. Dantas havia comunicado a colegas que pretendia antecipar o fim de sua passagem pelo tribunal. Com a abertura da vaga, o senador Rodrigo Pacheco (PSB-MG) aparece como principal cotado para ocupar o posto.<\/p>\n<p class=\"wp-block-paragraph\">Dantas chegou ao TCU em agosto de 2014 e presidiu a Corte entre 2023 e 2024. Aos 48 anos, poderia permanecer no cargo at\u00e9 os 75 anos.<\/p>\n<p class=\"wp-block-paragraph\">No pedido de ren\u00fancia, o ministro agradeceu aos integrantes do TCU e afirmou que deixa a institui\u00e7\u00e3o ap\u00f3s um ciclo de trabalho.<\/p>\n<p class=\"wp-block-paragraph\">\u201cDeixo o cargo com gratid\u00e3o aos meus pares, aos membros do Minist\u00e9rio P\u00fablico junto ao TCU, ao corpo funcional da Casa e aos colaboradores do meu gabinete, cuja dedica\u00e7\u00e3o sustentou tudo o que aqui pude realizar\u201d, disse no pedido.<\/p>\n<p class=\"wp-block-paragraph\">Dantas n\u00e3o informou qual ser\u00e1 seu pr\u00f3ximo passo profissional. Em v\u00eddeo, afirmou que novos projetos motivaram a decis\u00e3o.<\/p>\n<p class=\"wp-block-paragraph\">\u201cAos 48 anos, sigo intelectualmente inquieto. E encontrei nos projetos que quero abra\u00e7ar agora o feixe de motiva\u00e7\u00e3o de que precisava\u201d, afirmou.<\/p>\n<h3 class=\"wp-block-heading\">Pacheco no TCU<\/h3>\n<p class=\"wp-block-paragraph\">A ren\u00fancia permitir\u00e1 ao Senado avan\u00e7ar na escolha do substituto. O presidente do TCU, Vital do R\u00eago, dever\u00e1 comunicar oficialmente a vac\u00e2ncia \u00e0 Casa legislativa ap\u00f3s a sa\u00edda de Dantas.<\/p>\n<p class=\"wp-block-paragraph\">O presidente do Senado, Davi Alcolumbre (Uni\u00e3o-AP), j\u00e1 planejava votar a indica\u00e7\u00e3o de Pacheco durante o esfor\u00e7o concentrado desta semana, caso houvesse qu\u00f3rum. O rito ainda depende da formaliza\u00e7\u00e3o da vaga pelo TCU.<\/p>\n<p class=\"wp-block-paragraph\">Pacheco foi preterido na disputa pela vaga de Lu\u00eds Roberto Barroso no STF. A decis\u00e3o provocou um per\u00edodo de desgaste entre Alcolumbre e o presidente Lula.<\/p>\n<p class=\"wp-block-paragraph\">Ap\u00f3s desistir de disputar o governo de Minas Gerais, Pacheco chegou a sinalizar que poderia deixar a vida p\u00fablica. Aliados avaliam, por\u00e9m, que o senador considera a possibilidade de assumir uma cadeira no TCU.<\/p>\n<\/div>\n<p><script>!function(f,b,e,v,n,t,s){if(f.fbq)return;n=f.fbq=function(){n.callMethod?n.callMethod.apply(n,arguments):n.queue.push(arguments)};if(!f._fbq)f._fbq=n;n.push=n;n.loaded=!0;n.version='2.0';n.queue=[];t=b.createElement(e);t.async=!0;t.src=v;s=b.getElementsByTagName(e)[0];s.parentNode.insertBefore(t,s)}(window,document,'script','https:\/\/connect.facebook.net\/en_US\/fbevents.js');fbq('init','1423865622537930');fbq('track','PageView');<\/script><br \/>\n<br \/><br \/>\n<br \/><a href=\"https:\/\/claudiodantas.com.br\/bruno-dantas-renuncia-ao-cargo-no-tcu\/\">Source link <\/a><\/p>","protected":false},"excerpt":{"rendered":"<p>O ministro Bruno Dantas apresentou hoje (31) pedido de ren\u00fancia ao cargo no Tribunal de Contas da Uni\u00e3o (TCU). Ele afirmou que a decis\u00e3o foi \u201camadurecida ao longo dos \u00faltimos&hellip;<\/p>","protected":false},"author":1,"featured_media":141489,"comment_status":"closed","ping_status":"open","sticky":false,"template":"","format":"standard","meta":{"content-type":"","footnotes":""},"categories":[16],"tags":[],"class_list":["post-141488","post","type-post","status-publish","format-standard","has-post-thumbnail","hentry","category-noticias"],"_links":{"self":[{"href":"https:\/\/tvbrazilusa.com\/pt\/wp-json\/wp\/v2\/posts\/141488","targetHints":{"allow":["GET"]}}],"collection":[{"href":"https:\/\/tvbrazilusa.com\/pt\/wp-json\/wp\/v2\/posts"}],"about":[{"href":"https:\/\/tvbrazilusa.com\/pt\/wp-json\/wp\/v2\/types\/post"}],"author":[{"embeddable":true,"href":"https:\/\/tvbrazilusa.com\/pt\/wp-json\/wp\/v2\/users\/1"}],"replies":[{"embeddable":true,"href":"https:\/\/tvbrazilusa.com\/pt\/wp-json\/wp\/v2\/comments?post=141488"}],"version-history":[{"count":1,"href":"https:\/\/tvbrazilusa.com\/pt\/wp-json\/wp\/v2\/posts\/141488\/revisions"}],"predecessor-version":[{"id":141490,"href":"https:\/\/tvbrazilusa.com\/pt\/wp-json\/wp\/v2\/posts\/141488\/revisions\/141490"}],"wp:featuredmedia":[{"embeddable":true,"href":"https:\/\/tvbrazilusa.com\/pt\/wp-json\/wp\/v2\/media\/141489"}],"wp:attachment":[{"href":"https:\/\/tvbrazilusa.com\/pt\/wp-json\/wp\/v2\/media?parent=141488"}],"wp:term":[{"taxonomy":"category","embeddable":true,"href":"https:\/\/tvbrazilusa.com\/pt\/wp-json\/wp\/v2\/categories?post=141488"},{"taxonomy":"post_tag","embeddable":true,"href":"https:\/\/tvbrazilusa.com\/pt\/wp-json\/wp\/v2\/tags?post=141488"}],"curies":[{"name":"wp","href":"https:\/\/api.w.org\/{rel}","templated":true}]}}