{"id":141494,"date":"2026-08-31T17:38:14","date_gmt":"2026-08-31T17:38:14","guid":{"rendered":"https:\/\/tvbrazilusa.com\/2026\/08\/31\/contra-o-aborto-e-drogas\/"},"modified":"2026-08-31T17:42:26","modified_gmt":"2026-08-31T17:42:26","slug":"contra-o-aborto-e-drogas","status":"publish","type":"post","link":"https:\/\/tvbrazilusa.com\/pt\/2026\/08\/31\/contra-o-aborto-e-drogas\/","title":{"rendered":"\u201cContra o aborto e drogas\u201d"},"content":{"rendered":"<script async src=\"https:\/\/pagead2.googlesyndication.com\/pagead\/js\/adsbygoogle.js?client=ca-pub-8864793242727901\"\r\n     crossorigin=\"anonymous\"><\/script>\n<div id=\"cd-article-content\" itemprop=\"articleBody\">\n<p class=\"wp-block-paragraph\">O <a href=\"https:\/\/claudiodantas.com.br\/tag\/flavio-bolsonaro-2\/\" data-type=\"post_tag\" data-id=\"13887\">candidato \u00e0 Presid\u00eancia Fl\u00e1vio Bolsonaro (PL)<\/a> afirmou que, caso seja eleito, pretende indicar ao <a href=\"https:\/\/portal.stf.jus.br\/\" target=\"_blank\" rel=\"noopener\">Supremo Tribunal Federal (STF)<\/a> ministros contr\u00e1rios ao aborto e \u00e0s drogas. Em entrevista a <em>Record<\/em>, exibida neste domingo (30), o senador tamb\u00e9m disse que buscar\u00e1 nomes que considere \u201cpatriotas\u201d e capazes de recuperar a seguran\u00e7a jur\u00eddica e a credibilidade da Corte.<\/p>\n<p><a href=\"https:\/\/whatsapp.com\/channel\/0029VaTFkH2HVvTbkE883x1x\" target=\"_blank\" class=\"whatsapp-channel-message\" rel=\"noopener\">\u2705 Siga o canal do Claudio Dantas no WhatsApp<\/a><\/p>\n<p class=\"wp-block-paragraph\">\u201cVou indicar homens e mulheres que sejam comprometidos em serem contra o aborto, em serem contra as drogas e que n\u00e3o usem a caneta pra fazer injusti\u00e7a com ningu\u00e9m\u201d, afirmou.<\/p>\n<p class=\"wp-block-paragraph\">Fl\u00e1vio n\u00e3o antecipou nomes para o STF. Segundo ele, divulgar poss\u00edveis indicados antes da elei\u00e7\u00e3o provocaria cr\u00edticas antecipadas. O senador, no entanto, estabeleceu o perfil que pretende priorizar caso chegue ao Pal\u00e1cio do Planalto.<\/p>\n<p class=\"wp-block-paragraph\">\u201cO perfil vai ser esse: homens e mulheres que sejam de verdade patriotas e que pensem em trazer seguran\u00e7a jur\u00eddica de volta e resgatar a credibilidade do Supremo\u201d, declarou.<\/p>\n<p class=\"wp-block-paragraph\">O pr\u00f3ximo presidente da Rep\u00fablica poder\u00e1 indicar quatro ministros para o STF durante o mandato, conforme as vagas forem abertas por aposentadorias compuls\u00f3rias ou outros motivos previstos em lei.<\/p>\n<p class=\"wp-block-paragraph\"><strong>Anistia e Jair Bolsonaro<\/strong><\/p>\n<p class=\"wp-block-paragraph\">A declara\u00e7\u00e3o sobre o Supremo ocorreu durante uma resposta sobre a condena\u00e7\u00e3o de Jair Bolsonaro (PL) e os envolvidos nos atos de 8 de janeiro de 2023. Fl\u00e1vio afirmou que pretende trabalhar pela aprova\u00e7\u00e3o de uma anistia logo no in\u00edcio de um eventual governo.<\/p>\n<p class=\"wp-block-paragraph\">\u201cEu vou honrar todas as pessoas que foram perseguidas no oito de janeiro. O presidente (Jair) Bolsonaro foi julgado pelos seus inimigos. (\u2026) Foi uma grande farsa, a que n\u00e3o apenas o presidente Bolsonaro foi submetido, mas todos esses do oito de janeiro\u201d, afirmou.<\/p>\n<p class=\"wp-block-paragraph\">O senador tamb\u00e9m disse que, caso a anistia n\u00e3o seja aprovada pelo Congresso a tempo, poder\u00e1 conceder indultos.<\/p>\n<p class=\"wp-block-paragraph\">\u201cCaso n\u00e3o d\u00ea tempo de acontecer, vamos indultar, sim, essas pessoas\u201d, declarou.<\/p>\n<p class=\"wp-block-paragraph\">Questionado sobre a possibilidade de indicar o pr\u00f3prio pai para algum cargo em seu eventual governo, Fl\u00e1vio n\u00e3o descartou a hip\u00f3tese, mas afirmou que nunca conversou com Jair Bolsonaro sobre o assunto.<\/p>\n<p class=\"wp-block-paragraph\">\u201cEu n\u00e3o sei. Eu nunca conversei com ele se ele quer, se ele teria interesse nisso. Logicamente, at\u00e9 hoje eu ou\u00e7o o presidente (Jair) Bolsonaro. Cada passo que eu dou na minha vida, eu penso nele todos os segundos nessa campanha\u201d, disse.<\/p>\n<p class=\"wp-block-paragraph\"><strong>Seguran\u00e7a p\u00fablica<\/strong><\/p>\n<p class=\"wp-block-paragraph\">Na \u00e1rea de seguran\u00e7a, Fl\u00e1vio voltou a defender a classifica\u00e7\u00e3o do Comando Vermelho, do Primeiro Comando da Capital (PCC) e de mil\u00edcias como organiza\u00e7\u00f5es terroristas. A proposta prev\u00ea tamb\u00e9m o emprego das For\u00e7as Armadas em apoio \u00e0s for\u00e7as de seguran\u00e7a estaduais.<\/p>\n<p class=\"wp-block-paragraph\">O candidato defendeu ainda acordos internacionais para ampliar o interc\u00e2mbio de intelig\u00eancia no combate ao tr\u00e1fico de drogas e armas e \u00e0 lavagem de dinheiro. Ele, por\u00e9m, descartou a participa\u00e7\u00e3o direta dos Estados Unidos em opera\u00e7\u00f5es no territ\u00f3rio brasileiro.<\/p>\n<p class=\"wp-block-paragraph\"><strong>Economia<\/strong><\/p>\n<p class=\"wp-block-paragraph\">Na economia, Fl\u00e1vio voltou a prometer um \u201ctesoura\u00e7o\u201d nas contas p\u00fablicas, com redu\u00e7\u00e3o de gastos e impostos. Segundo o candidato, sua equipe econ\u00f4mica prepara mudan\u00e7as em mais de mil atos normativos para os primeiros dias de um eventual governo.<\/p>\n<p class=\"wp-block-paragraph\">\u201cO ajuste fiscal no Brasil \u00e9 a coisa mais fundamental que precisa ser feita. (\u2026) Como \u00e9 que eu vou resolver isso? Equilibrando as contas, cortando gastos, \u00e9 \u2018tesoura\u00e7o\u2019 na burocracia, \u00e9 \u2018tesoura\u00e7o nos impostos\u2019, \u00e9 \u2018tesoura\u00e7o\u2019 em mais de mil atos normativos que a minha equipe econ\u00f4mica est\u00e1 preparando para fazer logo no primeiro dia do governo\u201d, afirmou.<\/p>\n<p class=\"wp-block-paragraph\">Fl\u00e1vio tamb\u00e9m prop\u00f4s o uso de intelig\u00eancia artificial para monitorar despesas p\u00fablicas, licita\u00e7\u00f5es, emendas parlamentares e nomea\u00e7\u00f5es. A ideia, segundo ele, seria centralizar os dados em uma estrutura digital capaz de acompanhar os gastos do governo em tempo real.<\/p>\n<\/div>\n<p><script>!function(f,b,e,v,n,t,s){if(f.fbq)return;n=f.fbq=function(){n.callMethod?n.callMethod.apply(n,arguments):n.queue.push(arguments)};if(!f._fbq)f._fbq=n;n.push=n;n.loaded=!0;n.version='2.0';n.queue=[];t=b.createElement(e);t.async=!0;t.src=v;s=b.getElementsByTagName(e)[0];s.parentNode.insertBefore(t,s)}(window,document,'script','https:\/\/connect.facebook.net\/en_US\/fbevents.js');fbq('init','1423865622537930');fbq('track','PageView');<\/script><br \/>\n<br \/><br \/>\n<br \/><a href=\"https:\/\/claudiodantas.com.br\/flavio-perfil-indicacoes-ao-stf-contra-aborto\/\">Source link <\/a><\/p>","protected":false},"excerpt":{"rendered":"<p>O candidato \u00e0 Presid\u00eancia Fl\u00e1vio Bolsonaro (PL) afirmou que, caso seja eleito, pretende indicar ao Supremo Tribunal Federal (STF) ministros contr\u00e1rios ao aborto e \u00e0s drogas. Em entrevista a Record,&hellip;<\/p>","protected":false},"author":1,"featured_media":141228,"comment_status":"closed","ping_status":"open","sticky":false,"template":"","format":"standard","meta":{"content-type":"","footnotes":""},"categories":[16],"tags":[],"class_list":["post-141494","post","type-post","status-publish","format-standard","has-post-thumbnail","hentry","category-noticias"],"_links":{"self":[{"href":"https:\/\/tvbrazilusa.com\/pt\/wp-json\/wp\/v2\/posts\/141494","targetHints":{"allow":["GET"]}}],"collection":[{"href":"https:\/\/tvbrazilusa.com\/pt\/wp-json\/wp\/v2\/posts"}],"about":[{"href":"https:\/\/tvbrazilusa.com\/pt\/wp-json\/wp\/v2\/types\/post"}],"author":[{"embeddable":true,"href":"https:\/\/tvbrazilusa.com\/pt\/wp-json\/wp\/v2\/users\/1"}],"replies":[{"embeddable":true,"href":"https:\/\/tvbrazilusa.com\/pt\/wp-json\/wp\/v2\/comments?post=141494"}],"version-history":[{"count":1,"href":"https:\/\/tvbrazilusa.com\/pt\/wp-json\/wp\/v2\/posts\/141494\/revisions"}],"predecessor-version":[{"id":141495,"href":"https:\/\/tvbrazilusa.com\/pt\/wp-json\/wp\/v2\/posts\/141494\/revisions\/141495"}],"wp:featuredmedia":[{"embeddable":true,"href":"https:\/\/tvbrazilusa.com\/pt\/wp-json\/wp\/v2\/media\/141228"}],"wp:attachment":[{"href":"https:\/\/tvbrazilusa.com\/pt\/wp-json\/wp\/v2\/media?parent=141494"}],"wp:term":[{"taxonomy":"category","embeddable":true,"href":"https:\/\/tvbrazilusa.com\/pt\/wp-json\/wp\/v2\/categories?post=141494"},{"taxonomy":"post_tag","embeddable":true,"href":"https:\/\/tvbrazilusa.com\/pt\/wp-json\/wp\/v2\/tags?post=141494"}],"curies":[{"name":"wp","href":"https:\/\/api.w.org\/{rel}","templated":true}]}}