{"id":141498,"date":"2026-08-31T16:49:00","date_gmt":"2026-08-31T16:49:00","guid":{"rendered":"https:\/\/tvbrazilusa.com\/2026\/08\/31\/a-picanha-digital-de-augusto-cury\/"},"modified":"2026-08-31T17:54:34","modified_gmt":"2026-08-31T17:54:34","slug":"a-picanha-digital-de-augusto-cury","status":"publish","type":"post","link":"https:\/\/tvbrazilusa.com\/pt\/2026\/08\/31\/a-picanha-digital-de-augusto-cury\/","title":{"rendered":"A &#8216;picanha digital&#8217; de Augusto Cury"},"content":{"rendered":"<p> <script async src=\"https:\/\/pagead2.googlesyndication.com\/pagead\/js\/adsbygoogle.js?client=ca-pub-8864793242727901\"\r\n     crossorigin=\"anonymous\"><\/script><br \/>\n<\/p>\n<div id=\"cd-article-content\" itemprop=\"articleBody\">\n<p class=\"wp-block-paragraph\">Durante o programa <strong><a href=\"https:\/\/www.youtube.com\/@ClaudioDantasOficial\" target=\"_blank\" rel=\"noopener\">ALive<\/a><\/strong> desta segunda-feira (31), o apresentador <a href=\"https:\/\/www.youtube.com\/@ClaudioDantasOficial\" target=\"_blank\" rel=\"noopener\"><strong>Claudio Dantas<\/strong> <\/a>criticou as propostas de <strong><a href=\"https:\/\/www.instagram.com\/augustocury\/?hl=pt-br\" target=\"_blank\" rel=\"noopener\">Augusto Cury<\/a><\/strong>, candidato \u00e0 <strong><a href=\"https:\/\/claudiodantas.com.br\/tag\/candidato-a-presidencia\/\" data-type=\"post_tag\" data-id=\"4257\">Presid\u00eancia<\/a><\/strong> pelo Avante, e afirmou que o <strong><a href=\"https:\/\/claudiodantas.com.br\/augusto-cury-nome-3a-via-dois-digitos\/\" data-type=\"post\" data-id=\"114749\">psiquiatra<\/a><\/strong> demonstra um \u201cdesconhecimento profundo da m\u00e1quina p\u00fablica\u201d e da \u201cpr\u00f3pria pol\u00edtica em si\u201d.<\/p>\n<p><a href=\"https:\/\/whatsapp.com\/channel\/0029VaTFkH2HVvTbkE883x1x\" target=\"_blank\" class=\"whatsapp-channel-message\" rel=\"noopener\">\u2705 Siga o canal do Claudio Dantas no WhatsApp<\/a><\/p>\n<p class=\"wp-block-paragraph\">Dantas fez a cr\u00edtica ao comentar a proposta de Cury de substituir a contrata\u00e7\u00e3o de novos funcion\u00e1rios p\u00fablicos e comissionados pelo uso de intelig\u00eancia artificial (IA) e de ampliar a telemedicina para 80% das consultas no SUS.<\/p>\n<p class=\"wp-block-paragraph\">\u201cEle n\u00e3o conhece o processo pol\u00edtico, n\u00e3o conhece a m\u00e1quina, n\u00e3o conhece a administra\u00e7\u00e3o p\u00fablica, n\u00e3o sabe o que j\u00e1 existe, n\u00e3o sabe o que \u00e9 poss\u00edvel fazer, n\u00e3o sabe os limites legais pra fazer\u201d, criticou o jornalista. \u201c[\u2026] N\u00e3o d\u00e1 pra ficar alucinando, com proposta maluca, que cabe num livro de autoajuda, voc\u00ea resolve qualquer problema com qualquer coisa que voc\u00ea fale pro outro, porque voc\u00ea n\u00e3o est\u00e1 testando, voc\u00ea n\u00e3o precisa esperar o resultado daquilo, voc\u00ea quer vender livro, a\u00ed voc\u00ea vende, voc\u00ea fala o que voc\u00ea quiser e convence quem voc\u00ea quiser\u201d.<\/p>\n<p class=\"wp-block-paragraph\">De acordo com Dantas, \u201ctem sempre algu\u00e9m pra ser convencido de alguma coisa\u201d e que, todo dia, sai de casa um malandro e \u201ctodo dia sai um ot\u00e1rio tamb\u00e9m\u201d: \u201cEssa rela\u00e7\u00e3o normalmente \u00e9 assim, sai um malandro e sai mil ot\u00e1rios de casa. Eles v\u00e3o se encontrar, vai dar match e na pol\u00edtica \u00e9 assim, na urna, em outubro, vai dar match\u201d.<\/p>\n<p class=\"wp-block-paragraph\">\u201cTem gente que compra o livro de autoajuda do Pablo Mar\u00e7al, tem gente que compra o livro de autoajuda do Augusto Curi. Agora, tem gente que desperta pra vida, que vem consumir informa\u00e7\u00e3o de qualidade, que pensa com a pr\u00f3pria cabe\u00e7a, que tem autonomia, que vai atr\u00e1s das coisas\u201d, completou Dantas.<\/p>\n<p class=\"wp-block-paragraph\">\u201cTem gente [espectadores do ALive] achando que o Augusto Cury vai prometer picanha digital, aquela de impressora 3D. N\u00e3o deixe o Lula saber, sen\u00e3o ele vai roubar a sua ideia, Cury\u201d, brincou o jornalista. \u201cO Cury vai propor a picanha 3D, com o IA, faz a picanha, a\u00ed o Lula vai roubar a picanha 3D\u201d.<\/p>\n<div class=\"wp-block-image\">\n<figure class=\"aligncenter size-large is-resized\"><figcaption class=\"wp-element-caption\"><strong>Foto: Reprodu\u00e7\u00e3o\/YouTube @ClaudioDantasOficial<\/strong><\/figcaption><\/figure>\n<\/div>\n<h3 class=\"wp-block-heading\"><strong>ASSISTA AO PROGRAMA DE HOJE:<\/strong><\/h3>\n<figure class=\"wp-block-embed is-type-video is-provider-youtube wp-block-embed-youtube wp-embed-aspect-4-3 wp-has-aspect-ratio\">\n<p>\n<iframe title=\"Enquanto se desespera pelo apoio de banqueiros, petista humilha garis e revela sua ess\u00eancia\" width=\"1170\" height=\"658\" src=\"https:\/\/www.youtube.com\/embed\/sWMCYurg-_8?feature=oembed\" frameborder=\"0\" allow=\"accelerometer; autoplay; clipboard-write; encrypted-media; gyroscope; picture-in-picture; web-share\" referrerpolicy=\"strict-origin-when-cross-origin\" allowfullscreen><\/iframe>\n<\/p>\n<\/figure>\n<\/div>\n<p><script>!function(f,b,e,v,n,t,s){if(f.fbq)return;n=f.fbq=function(){n.callMethod?n.callMethod.apply(n,arguments):n.queue.push(arguments)};if(!f._fbq)f._fbq=n;n.push=n;n.loaded=!0;n.version='2.0';n.queue=[];t=b.createElement(e);t.async=!0;t.src=v;s=b.getElementsByTagName(e)[0];s.parentNode.insertBefore(t,s)}(window,document,'script','https:\/\/connect.facebook.net\/en_US\/fbevents.js');fbq('init','1423865622537930');fbq('track','PageView');<\/script><script async src=\"\/\/www.instagram.com\/embed.js\"><\/script><br \/>\n<br \/><br \/>\n<br \/><a href=\"https:\/\/claudiodantas.com.br\/alive-a-picanha-digital-de-augusto-cury\/\">Source link <\/a><\/p>","protected":false},"excerpt":{"rendered":"<p>Durante o programa ALive desta segunda-feira (31), o apresentador Claudio Dantas criticou as propostas de Augusto Cury, candidato \u00e0 Presid\u00eancia pelo Avante, e afirmou que o psiquiatra demonstra um \u201cdesconhecimento&hellip;<\/p>","protected":false},"author":1,"featured_media":141499,"comment_status":"closed","ping_status":"open","sticky":false,"template":"","format":"standard","meta":{"content-type":"","footnotes":""},"categories":[16],"tags":[],"class_list":["post-141498","post","type-post","status-publish","format-standard","has-post-thumbnail","hentry","category-noticias"],"_links":{"self":[{"href":"https:\/\/tvbrazilusa.com\/pt\/wp-json\/wp\/v2\/posts\/141498","targetHints":{"allow":["GET"]}}],"collection":[{"href":"https:\/\/tvbrazilusa.com\/pt\/wp-json\/wp\/v2\/posts"}],"about":[{"href":"https:\/\/tvbrazilusa.com\/pt\/wp-json\/wp\/v2\/types\/post"}],"author":[{"embeddable":true,"href":"https:\/\/tvbrazilusa.com\/pt\/wp-json\/wp\/v2\/users\/1"}],"replies":[{"embeddable":true,"href":"https:\/\/tvbrazilusa.com\/pt\/wp-json\/wp\/v2\/comments?post=141498"}],"version-history":[{"count":1,"href":"https:\/\/tvbrazilusa.com\/pt\/wp-json\/wp\/v2\/posts\/141498\/revisions"}],"predecessor-version":[{"id":141500,"href":"https:\/\/tvbrazilusa.com\/pt\/wp-json\/wp\/v2\/posts\/141498\/revisions\/141500"}],"wp:featuredmedia":[{"embeddable":true,"href":"https:\/\/tvbrazilusa.com\/pt\/wp-json\/wp\/v2\/media\/141499"}],"wp:attachment":[{"href":"https:\/\/tvbrazilusa.com\/pt\/wp-json\/wp\/v2\/media?parent=141498"}],"wp:term":[{"taxonomy":"category","embeddable":true,"href":"https:\/\/tvbrazilusa.com\/pt\/wp-json\/wp\/v2\/categories?post=141498"},{"taxonomy":"post_tag","embeddable":true,"href":"https:\/\/tvbrazilusa.com\/pt\/wp-json\/wp\/v2\/tags?post=141498"}],"curies":[{"name":"wp","href":"https:\/\/api.w.org\/{rel}","templated":true}]}}