{"id":141521,"date":"2026-08-31T19:08:51","date_gmt":"2026-08-31T19:08:51","guid":{"rendered":"https:\/\/tvbrazilusa.com\/2026\/08\/31\/tse-suspende-propaganda-eleitoral-de-lula-que-atacava-flavio-paulo-figueiredo\/"},"modified":"2026-08-31T19:20:26","modified_gmt":"2026-08-31T19:20:26","slug":"tse-suspende-propaganda-eleitoral-de-lula-que-atacava-flavio-paulo-figueiredo","status":"publish","type":"post","link":"https:\/\/tvbrazilusa.com\/pt\/2026\/08\/31\/tse-suspende-propaganda-eleitoral-de-lula-que-atacava-flavio-paulo-figueiredo\/","title":{"rendered":"TSE suspende propaganda eleitoral de Lula que atacava Fl\u00e1vio &#8211; Paulo Figueiredo"},"content":{"rendered":"<p> <script async src=\"https:\/\/pagead2.googlesyndication.com\/pagead\/js\/adsbygoogle.js?client=ca-pub-8864793242727901\"\r\n     crossorigin=\"anonymous\"><\/script><br \/>\n<\/p>\n<div id=\"wtr-content\" data-bg=\"#FFFFFF\" data-fg=\"#006d91\" data-width=\"25\" data-mute=\"1\" data-fgopacity=\"1.00\" data-mutedopacity=\"0.5\" data-placement=\"bottom\" data-placement-offset=\"0\" data-content-offset=\"262\" data-placement-touch=\"bottom\" data-placement-offset-touch=\"0\" data-transparent=\"\" data-shadow=\"0\" data-touch=\"1\" data-non-touch=\"1\" data-comments=\"0\" data-commentsbg=\"transparent\" data-location=\"page\" data-mutedfg=\"#006d91\" data-endfg=\"#006d91\" data-rtl=\"\">\n<h4 class=\"wp-block-heading\">Ministra v\u00ea grave descontextualiza\u00e7\u00e3o em pe\u00e7a que associa candidato do PL a crimes<\/h4>\n<p class=\"wp-block-paragraph\">O Tribunal Superior Eleitoral (TSE) determinou neste domingo, 30, a suspens\u00e3o de uma propaganda da campanha do presidente Luiz In\u00e1cio Lula da Silva (PT) contra Fl\u00e1vio Bolsonaro (PL). A ministra Estela Aranha concedeu uma liminar e proibiu Lula e a coliga\u00e7\u00e3o Brasil Pronto Pra Mais de fazer nova divulga\u00e7\u00e3o da pe\u00e7a apontada como irregular.<\/p>\n<p class=\"wp-block-paragraph\">A inser\u00e7\u00e3o, intitulada \u201cConhe\u00e7a o curr\u00edculo de Fl\u00e1vio Bolsonaro\u201d, afirma que o candidato come\u00e7ou a carreira como \u201cfuncion\u00e1rio fantasma\u201d e foi \u201cdenunciado por lavagem de dinheiro e organiza\u00e7\u00e3o criminosa no esc\u00e2ndalo da rachadinha\u201d.<\/p>\n<p class=\"wp-block-paragraph\">A pe\u00e7a tamb\u00e9m menciona uma homenagem feita por Fl\u00e1vio ao policial militar Adriano da N\u00f3brega e, em outro trecho, diz que o candidato foi \u201cflagrado pela Pol\u00edcia Federal pedindo 134 milh\u00f5es no esc\u00e2ndalo do Banco Master\u201d.<\/p>\n<p class=\"wp-block-paragraph\">Ao analisar o pedido, Estela afirmou haver, nesta fase do processo, elementos suficientes para concluir que o conte\u00fado \u201cextrapola os limites da cr\u00edtica pol\u00edtica\u201d. Segundo a ministra, a propaganda associa o candidato a organiza\u00e7\u00f5es criminosas \u201csem indica\u00e7\u00e3o de qualquer dado concreto, investiga\u00e7\u00e3o formal ou imputa\u00e7\u00e3o jur\u00eddica que ampare as alega\u00e7\u00f5es\u201d.<\/p>\n<h4 class=\"wp-block-heading\">TSE aponta descontextualiza\u00e7\u00e3o contra Fl\u00e1vio<\/h4>\n<p class=\"wp-block-paragraph\">A relatora destacou especialmente a afirma\u00e7\u00e3o de que Fl\u00e1vio estaria \u201cdenunciado por organiza\u00e7\u00e3o criminosa\u201d. Conforme a decis\u00e3o, houve de fato uma den\u00fancia contra o candidato, mas ela acabou arquivada sem condena\u00e7\u00e3o.<\/p>\n<p class=\"wp-block-paragraph\">\u201cA propaganda, portanto, passa ao eleitor a falsa informa\u00e7\u00e3o no sentido de que o candidato estaria presentemente denunciado por crimes grav\u00edssimos, situa\u00e7\u00e3o que n\u00e3o corresponde com a realidade e que caracteriza grave descontextualiza\u00e7\u00e3o\u201d, escreveu Estela.<\/p>\n<p class=\"wp-block-paragraph\">A ministra ressaltou, contudo, que a decis\u00e3o n\u00e3o representa um julgamento definitivo sobre \u201ca veracidade hist\u00f3rica de cada epis\u00f3dio mencionado pela propaganda\u201d. Nesta etapa, o\u00a0TSE\u00a0analisa se existem elementos suficientes para justificar a suspens\u00e3o enquanto o processo continua.<\/p>\n<h4 class=\"wp-block-heading\">Leia mais:<\/h4>\n<p class=\"wp-block-paragraph\">A pe\u00e7a j\u00e1 havia aparecido nas redes sociais de Lula na sexta-feira, 28, durante a sabatina de Fl\u00e1vio na Rede Globo. Ao public\u00e1-la, Lula escreveu: \u201cPara quem ainda n\u00e3o conhece, vale conferir o curr\u00edculo\u201d. O v\u00eddeo terminava com a frase: \u201cFl\u00e1vio, o pior dos Bolsonaros\u201d.<\/p>\n<p class=\"wp-block-paragraph\">Estela deu ao candidato 24 horas para apresentar o texto da resposta a ser veiculada. Depois disso, Lula e sua coliga\u00e7\u00e3o poder\u00e3o apresentar defesa, e a Procuradoria-Geral Eleitoral dever\u00e1 emitir parecer. A decis\u00e3o liminar ainda ser\u00e1 submetida ao plen\u00e1rio do TSE.<\/p>\n<p class=\"wp-block-paragraph\"><strong><a href=\"https:\/\/revistaoeste.com\/politica\/tse-suspende-propaganda-eleitoral-de-lula-que-atacava-flavio\/\">Cr\u00e9dito Revista Oeste<\/a><\/strong><\/p>\n<\/div>\n<p><br \/>\n<br \/><a href=\"https:\/\/paulofigueiredoshow.com\/tse-suspende-propaganda-eleitoral-de-lula-que-atacava-flavio\/\">Source link <\/a><\/p>","protected":false},"excerpt":{"rendered":"<p>Ministra v\u00ea grave descontextualiza\u00e7\u00e3o em pe\u00e7a que associa candidato do PL a crimes O Tribunal Superior Eleitoral (TSE) determinou neste domingo, 30, a suspens\u00e3o de uma propaganda da campanha do&hellip;<\/p>","protected":false},"author":1,"featured_media":141522,"comment_status":"closed","ping_status":"open","sticky":false,"template":"","format":"standard","meta":{"content-type":"","footnotes":""},"categories":[16],"tags":[],"class_list":["post-141521","post","type-post","status-publish","format-standard","has-post-thumbnail","hentry","category-noticias"],"_links":{"self":[{"href":"https:\/\/tvbrazilusa.com\/pt\/wp-json\/wp\/v2\/posts\/141521","targetHints":{"allow":["GET"]}}],"collection":[{"href":"https:\/\/tvbrazilusa.com\/pt\/wp-json\/wp\/v2\/posts"}],"about":[{"href":"https:\/\/tvbrazilusa.com\/pt\/wp-json\/wp\/v2\/types\/post"}],"author":[{"embeddable":true,"href":"https:\/\/tvbrazilusa.com\/pt\/wp-json\/wp\/v2\/users\/1"}],"replies":[{"embeddable":true,"href":"https:\/\/tvbrazilusa.com\/pt\/wp-json\/wp\/v2\/comments?post=141521"}],"version-history":[{"count":1,"href":"https:\/\/tvbrazilusa.com\/pt\/wp-json\/wp\/v2\/posts\/141521\/revisions"}],"predecessor-version":[{"id":141523,"href":"https:\/\/tvbrazilusa.com\/pt\/wp-json\/wp\/v2\/posts\/141521\/revisions\/141523"}],"wp:featuredmedia":[{"embeddable":true,"href":"https:\/\/tvbrazilusa.com\/pt\/wp-json\/wp\/v2\/media\/141522"}],"wp:attachment":[{"href":"https:\/\/tvbrazilusa.com\/pt\/wp-json\/wp\/v2\/media?parent=141521"}],"wp:term":[{"taxonomy":"category","embeddable":true,"href":"https:\/\/tvbrazilusa.com\/pt\/wp-json\/wp\/v2\/categories?post=141521"},{"taxonomy":"post_tag","embeddable":true,"href":"https:\/\/tvbrazilusa.com\/pt\/wp-json\/wp\/v2\/tags?post=141521"}],"curies":[{"name":"wp","href":"https:\/\/api.w.org\/{rel}","templated":true}]}}