{"id":141524,"date":"2026-08-31T19:05:22","date_gmt":"2026-08-31T19:05:22","guid":{"rendered":"https:\/\/tvbrazilusa.com\/2026\/08\/31\/lulinha-e-careca-do-inss-frequentavam-festas-em-mansao-de-brasilia-diz-revista\/"},"modified":"2026-08-31T19:26:28","modified_gmt":"2026-08-31T19:26:28","slug":"lulinha-e-careca-do-inss-frequentavam-festas-em-mansao-de-brasilia-diz-revista","status":"publish","type":"post","link":"https:\/\/tvbrazilusa.com\/pt\/2026\/08\/31\/lulinha-e-careca-do-inss-frequentavam-festas-em-mansao-de-brasilia-diz-revista\/","title":{"rendered":"Lulinha e Careca do INSS frequentavam festas em mans\u00e3o de Bras\u00edlia, diz revista"},"content":{"rendered":"<script async src=\"https:\/\/pagead2.googlesyndication.com\/pagead\/js\/adsbygoogle.js?client=ca-pub-8864793242727901\"\r\n     crossorigin=\"anonymous\"><\/script>\n<div id=\"cd-article-content\" itemprop=\"articleBody\">\n<p class=\"wp-block-paragraph\">A investiga\u00e7\u00e3o da Pol\u00edcia Federal sobre <a href=\"https:\/\/claudiodantas.com.br\/tag\/lulinha\/\" data-type=\"post_tag\" data-id=\"11668\">Lulinha<\/a>, identificou registros de proximidade entre o filho do presidente Lula e Ant\u00f4nio Carlos Camilo Antunes, o Careca do <a href=\"https:\/\/meu.inss.gov.br\/\" target=\"_blank\" rel=\"noopener\">INSS<\/a>, apontado como principal operador do esquema de descontos ilegais contra aposentados e pensionistas. As informa\u00e7\u00f5es foram divulgadas pela revista <em>Veja<\/em> neste domingo (30).<\/p>\n<p><a href=\"https:\/\/whatsapp.com\/channel\/0029VaTFkH2HVvTbkE883x1x\" target=\"_blank\" class=\"whatsapp-channel-message\" rel=\"noopener\">\u2705 Siga o canal do Claudio Dantas no WhatsApp<\/a><\/p>\n<p class=\"wp-block-paragraph\">Segundo a reportagem, os dois frequentavam a mans\u00e3o alugada pela empres\u00e1ria Roberta <a href=\"https:\/\/claudiodantas.com.br\/tag\/roberta-luchsinger\/\" data-type=\"post_tag\" data-id=\"13782\">Luchsinger<\/a>, no Lago Sul, em Bras\u00edlia. O im\u00f3vel era usado para festas e encontros com empres\u00e1rios e autoridades. Um funcion\u00e1rio relatou \u00e0 revista que <a href=\"https:\/\/claudiodantas.com.br\/tag\/lulinha\/\" data-type=\"post_tag\" data-id=\"11668\">Lulinha <\/a>e o Careca do INSS, antes conhecido como \u201cDr. Ant\u00f4nio\u201d, chegaram algumas vezes juntos ao local.<\/p>\n<p class=\"wp-block-paragraph\">Entre os eventos citados est\u00e1 uma festa realizada em um barco no Lago Parano\u00e1. Segundo a <em>Veja<\/em>, Lulinha e Antunes participavam de confraterniza\u00e7\u00f5es com consumo de u\u00edsque e presen\u00e7a de mulheres.<\/p>\n<h3 class=\"wp-block-heading\">Mans\u00e3o era usada para encontros<\/h3>\n<p class=\"wp-block-paragraph\">A resid\u00eancia tamb\u00e9m teria sido utilizada como ponto de encontro de Lulinha com empres\u00e1rios e autoridades interessados em neg\u00f3cios com o governo. Um escrit\u00f3rio mantido por Roberta Luchsinger no im\u00f3vel era usado para reuni\u00f5es privadas entre a empres\u00e1ria e Antunes.<\/p>\n<p class=\"wp-block-paragraph\">De acordo com a reportagem, o Careca do INSS costumava estar no local antes de Lulinha chegar. O funcion\u00e1rio ouvido pela revista afirmou: <strong>\u201c\u00c0s vezes os dois [Lulinha e o Careca] chegavam no mesmo carro\u201d<\/strong>.<\/p>\n<p class=\"wp-block-paragraph\">A proximidade ocorreu antes de a Opera\u00e7\u00e3o Sem Desconto, deflagrada em abril de 2025, revelar o esquema de descontos ilegais que atingiu aposentados e pensionistas.<\/p>\n<p class=\"wp-block-paragraph\">A investiga\u00e7\u00e3o tamb\u00e9m cita encontros de Lulinha com integrantes do governo. Entre os nomes mencionados est\u00e3o Alexandre Padilha, ent\u00e3o ministro das Rela\u00e7\u00f5es Institucionais e atual titular da Sa\u00fade; Frederico de Siqueira, das Comunica\u00e7\u00f5es; e Wellington Dias, do Desenvolvimento Social.<\/p>\n<p class=\"wp-block-paragraph\">Tamb\u00e9m s\u00e3o citados assessores presidenciais que mantinham contato com o filho de Lula, como Marco Aur\u00e9lio Santana Ribeiro, conhecido como \u201cMarcola\u201d, e Swedenberger Barbosa, o \u201cBerger\u201d.<\/p>\n<h3 class=\"wp-block-heading\">Defesa de Lulinha nega reuni\u00f5es na mans\u00e3o<\/h3>\n<p class=\"wp-block-paragraph\">A defesa de Lulinha negou \u00e0 <em>Veja<\/em> que ele tenha participado de reuni\u00f5es na resid\u00eancia com as finalidades descritas na reportagem. Segundo os advogados, ele esteve no im\u00f3vel apenas de forma epis\u00f3dica e pontual.<\/p>\n<p class=\"wp-block-paragraph\">Os ministros citados e Swedenberger Barbosa afirmaram que n\u00e3o comentariam informa\u00e7\u00f5es relacionadas \u00e0 esfera pessoal. Marco Aur\u00e9lio Santana Ribeiro n\u00e3o se manifestou.<\/p>\n<\/div>\n<p><script>!function(f,b,e,v,n,t,s){if(f.fbq)return;n=f.fbq=function(){n.callMethod?n.callMethod.apply(n,arguments):n.queue.push(arguments)};if(!f._fbq)f._fbq=n;n.push=n;n.loaded=!0;n.version='2.0';n.queue=[];t=b.createElement(e);t.async=!0;t.src=v;s=b.getElementsByTagName(e)[0];s.parentNode.insertBefore(t,s)}(window,document,'script','https:\/\/connect.facebook.net\/en_US\/fbevents.js');fbq('init','1423865622537930');fbq('track','PageView');<\/script><br \/>\n<br \/><br \/>\n<br \/><a href=\"https:\/\/claudiodantas.com.br\/lulinha-e-careca-do-inss-frequentavam-festas-em-mansao-de-brasilia-diz-revista\/\">Source link <\/a><\/p>","protected":false},"excerpt":{"rendered":"<p>A investiga\u00e7\u00e3o da Pol\u00edcia Federal sobre Lulinha, identificou registros de proximidade entre o filho do presidente Lula e Ant\u00f4nio Carlos Camilo Antunes, o Careca do INSS, apontado como principal operador&hellip;<\/p>","protected":false},"author":1,"featured_media":137329,"comment_status":"closed","ping_status":"open","sticky":false,"template":"","format":"standard","meta":{"content-type":"","footnotes":""},"categories":[16],"tags":[],"class_list":["post-141524","post","type-post","status-publish","format-standard","has-post-thumbnail","hentry","category-noticias"],"_links":{"self":[{"href":"https:\/\/tvbrazilusa.com\/pt\/wp-json\/wp\/v2\/posts\/141524","targetHints":{"allow":["GET"]}}],"collection":[{"href":"https:\/\/tvbrazilusa.com\/pt\/wp-json\/wp\/v2\/posts"}],"about":[{"href":"https:\/\/tvbrazilusa.com\/pt\/wp-json\/wp\/v2\/types\/post"}],"author":[{"embeddable":true,"href":"https:\/\/tvbrazilusa.com\/pt\/wp-json\/wp\/v2\/users\/1"}],"replies":[{"embeddable":true,"href":"https:\/\/tvbrazilusa.com\/pt\/wp-json\/wp\/v2\/comments?post=141524"}],"version-history":[{"count":1,"href":"https:\/\/tvbrazilusa.com\/pt\/wp-json\/wp\/v2\/posts\/141524\/revisions"}],"predecessor-version":[{"id":141525,"href":"https:\/\/tvbrazilusa.com\/pt\/wp-json\/wp\/v2\/posts\/141524\/revisions\/141525"}],"wp:featuredmedia":[{"embeddable":true,"href":"https:\/\/tvbrazilusa.com\/pt\/wp-json\/wp\/v2\/media\/137329"}],"wp:attachment":[{"href":"https:\/\/tvbrazilusa.com\/pt\/wp-json\/wp\/v2\/media?parent=141524"}],"wp:term":[{"taxonomy":"category","embeddable":true,"href":"https:\/\/tvbrazilusa.com\/pt\/wp-json\/wp\/v2\/categories?post=141524"},{"taxonomy":"post_tag","embeddable":true,"href":"https:\/\/tvbrazilusa.com\/pt\/wp-json\/wp\/v2\/tags?post=141524"}],"curies":[{"name":"wp","href":"https:\/\/api.w.org\/{rel}","templated":true}]}}