{"id":141526,"date":"2026-08-31T19:36:10","date_gmt":"2026-08-31T19:36:10","guid":{"rendered":"https:\/\/tvbrazilusa.com\/2026\/08\/31\/lula-pede-direito-de-resposta-apos-falas-de-flavio-na-globo\/"},"modified":"2026-08-31T19:38:35","modified_gmt":"2026-08-31T19:38:35","slug":"lula-pede-direito-de-resposta-apos-falas-de-flavio-na-globo","status":"publish","type":"post","link":"https:\/\/tvbrazilusa.com\/pt\/2026\/08\/31\/lula-pede-direito-de-resposta-apos-falas-de-flavio-na-globo\/","title":{"rendered":"Lula pede direito de resposta ap\u00f3s falas de Fl\u00e1vio na Globo"},"content":{"rendered":"<script async src=\"https:\/\/pagead2.googlesyndication.com\/pagead\/js\/adsbygoogle.js?client=ca-pub-8864793242727901\"\r\n     crossorigin=\"anonymous\"><\/script>\n<div id=\"cd-article-content\" itemprop=\"articleBody\">\n<p class=\"wp-block-paragraph\">A campanha do presidente Lula pediu ao Tribunal Superior Eleitoral (<a href=\"https:\/\/www.tse.jus.br\/videos\/tse-sessao-plenario-ao-vivo\" target=\"_blank\" rel=\"noopener\">TSE<\/a>) direito de resposta por declara\u00e7\u00f5es feitas pelo senador <a href=\"https:\/\/claudiodantas.com.br\/tag\/flavio-bolsonaro\/\" data-type=\"post_tag\" data-id=\"1865\">Fl\u00e1vio <\/a>Bolsonaro (PL) durante a sabatina exibida pela TV Globo na sexta-feira (28). A a\u00e7\u00e3o foi apresentada pela coliga\u00e7\u00e3o Brasil Pronto Pra Mais, que apoia a reelei\u00e7\u00e3o do petista, e tamb\u00e9m inclui a emissora no processo.<\/p>\n<p><a href=\"https:\/\/whatsapp.com\/channel\/0029VaTFkH2HVvTbkE883x1x\" target=\"_blank\" class=\"whatsapp-channel-message\" rel=\"noopener\">\u2705 Siga o canal do Claudio Dantas no WhatsApp<\/a><\/p>\n<p class=\"wp-block-paragraph\">Segundo a campanha, Fl\u00e1vio teria feito declara\u00e7\u00f5es consideradas \u201cfalsas e gravemente descontextualizadas\u201d sobre <a href=\"https:\/\/claudiodantas.com.br\/tag\/fora-lula\/\" data-type=\"post_tag\" data-id=\"4445\">Lula <\/a>e sua candidatura. O pedido foi encaminhado ao presidente do TSE, ministro Nunes Marques.<\/p>\n<p class=\"wp-block-paragraph\">Entre os temas contestados est\u00e3o as urnas eletr\u00f4nicas, os atos de 8 de Janeiro, a homenagem ao ex-capit\u00e3o do Bope Adriano da N\u00f3brega, a rela\u00e7\u00e3o de Fl\u00e1vio com o ex-banqueiro <a href=\"https:\/\/claudiodantas.com.br\/tag\/vorcaro\/\" data-type=\"post_tag\" data-id=\"13532\">Daniel Vorcaro,<\/a> o tarifa\u00e7o dos Estados Unidos e o sal\u00e1rio m\u00ednimo.<\/p>\n<h3 class=\"wp-block-heading\">Campanha pede resposta no mesmo programa<\/h3>\n<p class=\"wp-block-paragraph\">A coliga\u00e7\u00e3o de Lula quer que eventual direito de resposta seja exibido, preferencialmente, no mesmo programa em que ocorreram as declara\u00e7\u00f5es. O pedido prev\u00ea ainda que a resposta seja veiculada em at\u00e9 48 horas ap\u00f3s a decis\u00e3o judicial e tenha pelo menos o dobro da dura\u00e7\u00e3o dos trechos considerados ofensivos ou sabidamente inver\u00eddicos.<\/p>\n<p class=\"wp-block-paragraph\">A ofensiva ocorre ap\u00f3s Fl\u00e1vio tamb\u00e9m recorrer \u00e0 Justi\u00e7a Eleitoral contra declara\u00e7\u00f5es feitas por Lula em sua pr\u00f3pria sabatina na Globo. O senador questionou afirma\u00e7\u00f5es do presidente sobre o resultado fiscal deixado pelo governo Jair Bolsonaro e sobre o crescimento do PIB.<\/p>\n<p class=\"wp-block-paragraph\">A campanha petista tamb\u00e9m acionou o TSE para pedir a cassa\u00e7\u00e3o do registro de candidatura e a inelegibilidade de Fl\u00e1vio por oito anos. A a\u00e7\u00e3o trata da participa\u00e7\u00e3o do senador na Festa do Pe\u00e3o de Barretos e sustenta que houve pedido de votos e uso de estruturas financiadas por empresas privadas e \u00f3rg\u00e3os p\u00fablicos.<\/p>\n<h3 class=\"wp-block-heading\">Fl\u00e1vio rebateu declara\u00e7\u00f5es sobre urnas e 8 de Janeiro<\/h3>\n<p class=\"wp-block-paragraph\">Durante a sabatina, Fl\u00e1vio reconheceu ter errado ao afirmar anteriormente que uma empresa venezuelana havia fabricado urnas utilizadas no Brasil. Ele disse que n\u00e3o coloca em d\u00favida o sistema eleitoral e que respeitar\u00e1 o resultado das elei\u00e7\u00f5es, inclusive em caso de derrota.<\/p>\n<p class=\"wp-block-paragraph\">Ao falar sobre o 8 de Janeiro e a condena\u00e7\u00e3o de Jair Bolsonaro, Fl\u00e1vio classificou o processo como uma <strong>\u201cgrande farsa\u201d<\/strong>. Tamb\u00e9m questionou a responsabiliza\u00e7\u00e3o do ex-presidente pelos atos, argumentando que Bolsonaro estava nos Estados Unidos na data das invas\u00f5es.<\/p>\n<p class=\"wp-block-paragraph\">O senador ainda defendeu Adriano da N\u00f3brega. Segundo ele, a Medalha Tiradentes foi concedida ao ex-policial antes do surgimento das acusa\u00e7\u00f5es posteriores. Fl\u00e1vio afirmou que Adriano havia sido <strong>\u201cfalsamente acusado\u201d<\/strong> no processo que resultou em sua pris\u00e3o.<\/p>\n<h3 class=\"wp-block-heading\">Rela\u00e7\u00e3o com Vorcaro e cr\u00edticas a Lula<\/h3>\n<p class=\"wp-block-paragraph\">Fl\u00e1vio tamb\u00e9m foi questionado sobre sua rela\u00e7\u00e3o com Daniel Vorcaro, que financiou parte do filme sobre Jair Bolsonaro. O senador afirmou que a rela\u00e7\u00e3o estava restrita \u00e0 produ\u00e7\u00e3o e direcionou as cobran\u00e7as ao presidente Lula.<\/p>\n<p class=\"wp-block-paragraph\">Na mesma entrevista, responsabilizou o petista pelo tarifa\u00e7o imposto pelo presidente dos Estados Unidos, Donald Trump. Segundo Fl\u00e1vio, Lula <strong>\u201cprocurou muito\u201d<\/strong> pela sobretaxa.<\/p>\n<p class=\"wp-block-paragraph\">Sobre o sal\u00e1rio m\u00ednimo, o candidato afirmou que os trabalhadores perderam poder de compra <strong>\u201cpor causa da gastan\u00e7a do governo\u201d<\/strong>. Tamb\u00e9m disse que n\u00e3o pretende reduzir despesas sobre benefici\u00e1rios do piso nacional e aposentados.<\/p>\n<p class=\"wp-block-paragraph\">Ao longo dos cerca de 40 minutos de sabatina, Fl\u00e1vio mencionou Lula ao menos 17 vezes e utilizou a express\u00e3o <strong>\u201catual governo\u201d<\/strong> em outras 10 ocasi\u00f5es.<\/p>\n<p class=\"wp-block-paragraph\">Na noite anterior, Lula havia participado de sua pr\u00f3pria sabatina e evitado citar Jair Bolsonaro pelo nome.<\/p>\n<\/div>\n<p><script>!function(f,b,e,v,n,t,s){if(f.fbq)return;n=f.fbq=function(){n.callMethod?n.callMethod.apply(n,arguments):n.queue.push(arguments)};if(!f._fbq)f._fbq=n;n.push=n;n.loaded=!0;n.version='2.0';n.queue=[];t=b.createElement(e);t.async=!0;t.src=v;s=b.getElementsByTagName(e)[0];s.parentNode.insertBefore(t,s)}(window,document,'script','https:\/\/connect.facebook.net\/en_US\/fbevents.js');fbq('init','1423865622537930');fbq('track','PageView');<\/script><br \/>\n<br \/><br \/>\n<br \/><a href=\"https:\/\/claudiodantas.com.br\/lula-pede-direito-de-resposta-apos-falas-de-flavio-na-globo\/\">Source link <\/a><\/p>","protected":false},"excerpt":{"rendered":"<p>A campanha do presidente Lula pediu ao Tribunal Superior Eleitoral (TSE) direito de resposta por declara\u00e7\u00f5es feitas pelo senador Fl\u00e1vio Bolsonaro (PL) durante a sabatina exibida pela TV Globo na&hellip;<\/p>","protected":false},"author":1,"featured_media":141184,"comment_status":"closed","ping_status":"open","sticky":false,"template":"","format":"standard","meta":{"content-type":"","footnotes":""},"categories":[16],"tags":[],"class_list":["post-141526","post","type-post","status-publish","format-standard","has-post-thumbnail","hentry","category-noticias"],"_links":{"self":[{"href":"https:\/\/tvbrazilusa.com\/pt\/wp-json\/wp\/v2\/posts\/141526","targetHints":{"allow":["GET"]}}],"collection":[{"href":"https:\/\/tvbrazilusa.com\/pt\/wp-json\/wp\/v2\/posts"}],"about":[{"href":"https:\/\/tvbrazilusa.com\/pt\/wp-json\/wp\/v2\/types\/post"}],"author":[{"embeddable":true,"href":"https:\/\/tvbrazilusa.com\/pt\/wp-json\/wp\/v2\/users\/1"}],"replies":[{"embeddable":true,"href":"https:\/\/tvbrazilusa.com\/pt\/wp-json\/wp\/v2\/comments?post=141526"}],"version-history":[{"count":1,"href":"https:\/\/tvbrazilusa.com\/pt\/wp-json\/wp\/v2\/posts\/141526\/revisions"}],"predecessor-version":[{"id":141527,"href":"https:\/\/tvbrazilusa.com\/pt\/wp-json\/wp\/v2\/posts\/141526\/revisions\/141527"}],"wp:featuredmedia":[{"embeddable":true,"href":"https:\/\/tvbrazilusa.com\/pt\/wp-json\/wp\/v2\/media\/141184"}],"wp:attachment":[{"href":"https:\/\/tvbrazilusa.com\/pt\/wp-json\/wp\/v2\/media?parent=141526"}],"wp:term":[{"taxonomy":"category","embeddable":true,"href":"https:\/\/tvbrazilusa.com\/pt\/wp-json\/wp\/v2\/categories?post=141526"},{"taxonomy":"post_tag","embeddable":true,"href":"https:\/\/tvbrazilusa.com\/pt\/wp-json\/wp\/v2\/tags?post=141526"}],"curies":[{"name":"wp","href":"https:\/\/api.w.org\/{rel}","templated":true}]}}