{"id":141528,"date":"2026-08-31T17:53:00","date_gmt":"2026-08-31T17:53:00","guid":{"rendered":"https:\/\/tvbrazilusa.com\/2026\/08\/31\/cury-e-renan-sao-nanicos-a-servico-de-lula\/"},"modified":"2026-08-31T19:44:28","modified_gmt":"2026-08-31T19:44:28","slug":"cury-e-renan-sao-nanicos-a-servico-de-lula","status":"publish","type":"post","link":"https:\/\/tvbrazilusa.com\/pt\/2026\/08\/31\/cury-e-renan-sao-nanicos-a-servico-de-lula\/","title":{"rendered":"Cury e Renan s\u00e3o &#8216;nanicos&#8217; a &#8216;servi\u00e7o&#8217; de Lula"},"content":{"rendered":"<p> <script async src=\"https:\/\/pagead2.googlesyndication.com\/pagead\/js\/adsbygoogle.js?client=ca-pub-8864793242727901\"\r\n     crossorigin=\"anonymous\"><\/script><br \/>\n<\/p>\n<div id=\"cd-article-content\" itemprop=\"articleBody\">\n<p class=\"wp-block-paragraph\">Durante o programa <strong><a href=\"https:\/\/www.youtube.com\/@ClaudioDantasOficial\" target=\"_blank\" rel=\"noopener\">ALive<\/a><\/strong> desta segunda-feira (31), o apresentador <strong><a href=\"https:\/\/claudiodantas.com.br\/sobre\/\" data-type=\"page\" data-id=\"81337\">Claudio Dantas<\/a><\/strong> disse que os candidatos \u00e0 Presid\u00eancia <strong><a href=\"https:\/\/pt.wikipedia.org\/wiki\/Augusto_Cury\" target=\"_blank\" rel=\"noopener\">Augusto Cury (Avante)<\/a><\/strong> e <strong><a href=\"https:\/\/claudiodantas.com.br\/tag\/renan-santos\/\" data-type=\"post_tag\" data-id=\"6871\">Renan Santos (Miss\u00e3o)<\/a><\/strong> n\u00e3o t\u00eam a \u201cgrandeza\u201d de reconhecerem que \u201cs\u00e3o incapazes de vencer essa <strong><a href=\"https:\/\/www.tse.jus.br\/eleicoes\" target=\"_blank\" rel=\"noopener\">elei\u00e7\u00e3o<\/a><\/strong>\u201c.<\/p>\n<p><a href=\"https:\/\/whatsapp.com\/channel\/0029VaTFkH2HVvTbkE883x1x\" target=\"_blank\" class=\"whatsapp-channel-message\" rel=\"noopener\">\u2705 Siga o canal do Claudio Dantas no WhatsApp<\/a><\/p>\n<p class=\"wp-block-paragraph\">\u201cE, pior, voc\u00eas v\u00e3o fazer um servi\u00e7o para o Lula, que t\u00e1 destruindo a na\u00e7\u00e3o\u201d, afirmou o jornalista. \u201cS\u00f3 pra ficar claro, n\u00e3o caiam nessa conversa fiada, o eleitor, que n\u00e3o quer o Lula, tem que votar no Fl\u00e1vio no 1\u00ba turno, pra encerrar essa fatura, porque se ficar pro 2\u00ba turno, voc\u00eas v\u00e3o entregar essa elei\u00e7\u00e3o pro Lula, e voc\u00eas v\u00e3o venezuelizar esse pa\u00eds\u201d.<\/p>\n<p class=\"wp-block-paragraph\">Dantas disse ainda que Cury quer \u201csentar a bunda no cargo mais importante e mais torturante da Rep\u00fablica\u201d por \u201cvaidade\u201d e que Renan ainda \u201cn\u00e3o tirou as fraldas\u201d.<\/p>\n<p class=\"wp-block-paragraph\">\u201cVoc\u00eas tenham grandeza, abram m\u00e3o do que voc\u00eas est\u00e3o fazendo, porque o que voc\u00eas est\u00e3o fazendo \u00e9 um suic\u00eddio para o Brasil\u201d, afirmou o jornalista.<\/p>\n<p class=\"wp-block-paragraph\">\u201cVoc\u00eas n\u00e3o s\u00e3o alternativa a nada, voc\u00eas n\u00e3o constru\u00edram capital pol\u00edtico capaz de vencer o que t\u00e1 do outro lado, voc\u00eas s\u00e3o nanicos, reconhe\u00e7am que n\u00e3o t\u00eam capacidade de derrotar o Lula\u201d, continuou Dantas. \u201cReconhe\u00e7am isso, antes que voc\u00eas joguem esse pa\u00eds definitivamente no abismo onde ningu\u00e9m vai conseguir tirar\u201d.<\/p>\n<p class=\"wp-block-paragraph\">Ainda de acordo com Dantas, mesmo que voc\u00ea n\u00e3o goste da ideia de ter Fl\u00e1vio Bolsonaro como presidente, vote no senador para ainda conseguir fazer oposi\u00e7\u00e3o no Brasil, algo que, em sua vis\u00e3o, n\u00e3o acontecer\u00e1 caso Lula seja reeleito.<\/p>\n<p class=\"wp-block-paragraph\">\u201cSe voc\u00eas continuarem brincando com coisa s\u00e9ria, com a vida das pessoas em campanha eleitoral, vai dar ruim, e pra voc\u00eas tamb\u00e9m\u201d, finalizou o apresentador.<\/p>\n<div class=\"wp-block-image\">\n<figure class=\"aligncenter size-large is-resized\"><figcaption class=\"wp-element-caption\">Foto: Reprodu\u00e7\u00e3o\/YouTube @ClaudioDantasOficial<\/figcaption><\/figure>\n<\/div>\n<h3 class=\"wp-block-heading\"><strong>ASSISTA AO PROGRAMA:<\/strong><\/h3>\n<figure class=\"wp-block-embed is-type-video is-provider-youtube wp-block-embed-youtube wp-embed-aspect-16-9 wp-has-aspect-ratio\">\n<p>\n<iframe title=\"Enquanto se desespera pelo apoio de banqueiros, petista humilha garis e revela sua ess\u00eancia\" width=\"1170\" height=\"658\" src=\"https:\/\/www.youtube.com\/embed\/sWMCYurg-_8?feature=oembed\" frameborder=\"0\" allow=\"accelerometer; autoplay; clipboard-write; encrypted-media; gyroscope; picture-in-picture; web-share\" referrerpolicy=\"strict-origin-when-cross-origin\" allowfullscreen><\/iframe>\n<\/p>\n<\/figure>\n<\/div>\n<p><script>!function(f,b,e,v,n,t,s){if(f.fbq)return;n=f.fbq=function(){n.callMethod?n.callMethod.apply(n,arguments):n.queue.push(arguments)};if(!f._fbq)f._fbq=n;n.push=n;n.loaded=!0;n.version='2.0';n.queue=[];t=b.createElement(e);t.async=!0;t.src=v;s=b.getElementsByTagName(e)[0];s.parentNode.insertBefore(t,s)}(window,document,'script','https:\/\/connect.facebook.net\/en_US\/fbevents.js');fbq('init','1423865622537930');fbq('track','PageView');<\/script><br \/>\n<br \/><br \/>\n<br \/><a href=\"https:\/\/claudiodantas.com.br\/alive-cury-renan-sao-nanicos-servico-lula\/\">Source link <\/a><\/p>","protected":false},"excerpt":{"rendered":"<p>Durante o programa ALive desta segunda-feira (31), o apresentador Claudio Dantas disse que os candidatos \u00e0 Presid\u00eancia Augusto Cury (Avante) e Renan Santos (Miss\u00e3o) n\u00e3o t\u00eam a \u201cgrandeza\u201d de reconhecerem&hellip;<\/p>","protected":false},"author":1,"featured_media":141529,"comment_status":"closed","ping_status":"open","sticky":false,"template":"","format":"standard","meta":{"content-type":"","footnotes":""},"categories":[16],"tags":[],"class_list":["post-141528","post","type-post","status-publish","format-standard","has-post-thumbnail","hentry","category-noticias"],"_links":{"self":[{"href":"https:\/\/tvbrazilusa.com\/pt\/wp-json\/wp\/v2\/posts\/141528","targetHints":{"allow":["GET"]}}],"collection":[{"href":"https:\/\/tvbrazilusa.com\/pt\/wp-json\/wp\/v2\/posts"}],"about":[{"href":"https:\/\/tvbrazilusa.com\/pt\/wp-json\/wp\/v2\/types\/post"}],"author":[{"embeddable":true,"href":"https:\/\/tvbrazilusa.com\/pt\/wp-json\/wp\/v2\/users\/1"}],"replies":[{"embeddable":true,"href":"https:\/\/tvbrazilusa.com\/pt\/wp-json\/wp\/v2\/comments?post=141528"}],"version-history":[{"count":1,"href":"https:\/\/tvbrazilusa.com\/pt\/wp-json\/wp\/v2\/posts\/141528\/revisions"}],"predecessor-version":[{"id":141530,"href":"https:\/\/tvbrazilusa.com\/pt\/wp-json\/wp\/v2\/posts\/141528\/revisions\/141530"}],"wp:featuredmedia":[{"embeddable":true,"href":"https:\/\/tvbrazilusa.com\/pt\/wp-json\/wp\/v2\/media\/141529"}],"wp:attachment":[{"href":"https:\/\/tvbrazilusa.com\/pt\/wp-json\/wp\/v2\/media?parent=141528"}],"wp:term":[{"taxonomy":"category","embeddable":true,"href":"https:\/\/tvbrazilusa.com\/pt\/wp-json\/wp\/v2\/categories?post=141528"},{"taxonomy":"post_tag","embeddable":true,"href":"https:\/\/tvbrazilusa.com\/pt\/wp-json\/wp\/v2\/tags?post=141528"}],"curies":[{"name":"wp","href":"https:\/\/api.w.org\/{rel}","templated":true}]}}