{"id":141540,"date":"2026-08-31T20:17:36","date_gmt":"2026-08-31T20:17:36","guid":{"rendered":"https:\/\/tvbrazilusa.com\/2026\/08\/31\/flavio-concentrara-campanha-no-sudeste-reta-final\/"},"modified":"2026-08-31T20:31:33","modified_gmt":"2026-08-31T20:31:33","slug":"flavio-concentrara-campanha-no-sudeste-reta-final","status":"publish","type":"post","link":"https:\/\/tvbrazilusa.com\/pt\/2026\/08\/31\/flavio-concentrara-campanha-no-sudeste-reta-final\/","title":{"rendered":"Fl\u00e1vio concentrar\u00e1 campanha no Sudeste reta final"},"content":{"rendered":"<script async src=\"https:\/\/pagead2.googlesyndication.com\/pagead\/js\/adsbygoogle.js?client=ca-pub-8864793242727901\"\r\n     crossorigin=\"anonymous\"><\/script>\n<div id=\"cd-article-content\" itemprop=\"articleBody\">\n<p class=\"wp-block-paragraph\">A campanha do <a href=\"https:\/\/claudiodantas.com.br\/tag\/flavio-bolsonaro-2\/\" data-type=\"post_tag\" data-id=\"13887\">senador Fl\u00e1vio Bolsonaro (PL-RJ)<\/a> \u00e0 Presid\u00eancia vai ampliar a presen\u00e7a no Sudeste na reta final do primeiro turno. A estrat\u00e9gia foi apresentada nesta segunda-feira (31) pelo senador Rog\u00e9rio Marinho (<a href=\"https:\/\/partidoliberal.org.br\/\" target=\"_blank\" rel=\"noopener\">PL<\/a>-RN), coordenador da campanha, durante evento do <em>BTG Pactual<\/em>.<\/p>\n<p><a href=\"https:\/\/whatsapp.com\/channel\/0029VaTFkH2HVvTbkE883x1x\" target=\"_blank\" class=\"whatsapp-channel-message\" rel=\"noopener\">\u2705 Siga o canal do Claudio Dantas no WhatsApp<\/a><\/p>\n<p class=\"wp-block-paragraph\">A regi\u00e3o re\u00fane mais de 40% do eleitorado brasileiro e concentra tr\u00eas dos maiores col\u00e9gios eleitorais do pa\u00eds: S\u00e3o Paulo, Minas Gerais e Rio de Janeiro. Segundo Marinho, a campanha pretende intensificar as agendas nesses Estados nas pr\u00f3ximas semanas.<\/p>\n<p class=\"wp-block-paragraph\">\u201cNo caso do Sudeste, n\u00f3s temos uma outra situa\u00e7\u00e3o. N\u00f3s estamos em uma situa\u00e7\u00e3o um pouco pior do que est\u00e1vamos em rela\u00e7\u00e3o a 2022. Ent\u00e3o, essa \u00e9 uma regi\u00e3o que concentra mais de 40% dos eleitores e \u00e9 uma regi\u00e3o que n\u00f3s vamos nos dedicar, eu diria, com uma maior intensidade\u201d, afirmou.<\/p>\n<p class=\"wp-block-paragraph\">O coordenador disse que Fl\u00e1vio j\u00e1 conta com palanques estruturados nos principais Estados da regi\u00e3o. \u201cEm especial aqui em S\u00e3o Paulo e em Minas Gerais, com dois palanques, e no Rio de Janeiro\u201d, declarou.<\/p>\n<p class=\"wp-block-paragraph\">A campanha pretende explorar principalmente a situa\u00e7\u00e3o econ\u00f4mica e a seguran\u00e7a p\u00fablica. Marinho afirmou que a estrat\u00e9gia ser\u00e1 apresentar Fl\u00e1vio como alternativa ao governo Lula.<\/p>\n<p class=\"wp-block-paragraph\">\u201cApresentaremos uma alternativa de esperan\u00e7a, de mudan\u00e7a, de possibilidade de que essas pessoas tenham uma vida melhor do que elas vivem hoje. N\u00e3o apenas na quest\u00e3o dos pre\u00e7os dos alimentos, que \u00e9 muito forte, mas a sensa\u00e7\u00e3o de que o governo \u00e9 um governo corrupto e ineficiente e que, na quest\u00e3o da seguran\u00e7a p\u00fablica, o governo prefere privilegiar o criminoso e n\u00e3o o cidad\u00e3o\u201d, disse.<\/p>\n<p class=\"wp-block-paragraph\"><strong>Nordeste<\/strong><\/p>\n<p class=\"wp-block-paragraph\">Marinho tamb\u00e9m avaliou o cen\u00e1rio eleitoral no Nordeste. Segundo ele, Lula deve manter a lideran\u00e7a na regi\u00e3o, mas com uma vantagem menor em rela\u00e7\u00e3o \u00e0 elei\u00e7\u00e3o de 2022.<\/p>\n<p class=\"wp-block-paragraph\">\u201cProporcionalmente, Lula est\u00e1 se saindo pior em rela\u00e7\u00e3o a 2022. Claro que ele vence no Nordeste, mas com uma diferen\u00e7a menor. Vai ser bem menor\u201d, afirmou.<\/p>\n<p class=\"wp-block-paragraph\">A campanha de Fl\u00e1vio come\u00e7ou a ampliar sua presen\u00e7a na regi\u00e3o. Na semana passada, o candidato esteve em Alagoas, onde participou de agendas pol\u00edticas e encontros com apoiadores. Cear\u00e1, Pernambuco e Bahia tamb\u00e9m est\u00e3o no planejamento da campanha.<\/p>\n<p class=\"wp-block-paragraph\"><strong>Congresso<\/strong><\/p>\n<p class=\"wp-block-paragraph\">Durante o evento, Marinho criticou ainda a articula\u00e7\u00e3o entre Lula e os presidentes da C\u00e2mara, Hugo Motta (Republicanos-PB), e do Senado, Davi Alcolumbre (Uni\u00e3o-AP), para acelerar a vota\u00e7\u00e3o de propostas de interesse do governo.<\/p>\n<p class=\"wp-block-paragraph\">Para o senador, o calend\u00e1rio de vota\u00e7\u00f5es n\u00e3o deveria ser influenciado pela disputa eleitoral.<\/p>\n<p class=\"wp-block-paragraph\">\u201cEssa vota\u00e7\u00e3o n\u00e3o est\u00e1 levando em considera\u00e7\u00e3o o interesse p\u00fablico ou do pa\u00eds, est\u00e1 levando em considera\u00e7\u00e3o a necessidade de se manter um presidente no poder\u201d, afirmou.<\/p>\n<p class=\"wp-block-paragraph\">Entre as propostas que devem avan\u00e7ar est\u00e1 a PEC que prev\u00ea o fim da escala 6\u00d71. Marinho defendeu que a discuss\u00e3o sobre a mudan\u00e7a na jornada de trabalho ocorra depois das elei\u00e7\u00f5es.<\/p>\n<\/div>\n<p><script>!function(f,b,e,v,n,t,s){if(f.fbq)return;n=f.fbq=function(){n.callMethod?n.callMethod.apply(n,arguments):n.queue.push(arguments)};if(!f._fbq)f._fbq=n;n.push=n;n.loaded=!0;n.version='2.0';n.queue=[];t=b.createElement(e);t.async=!0;t.src=v;s=b.getElementsByTagName(e)[0];s.parentNode.insertBefore(t,s)}(window,document,'script','https:\/\/connect.facebook.net\/en_US\/fbevents.js');fbq('init','1423865622537930');fbq('track','PageView');<\/script><br \/>\n<br \/><br \/>\n<br \/><a href=\"https:\/\/claudiodantas.com.br\/marinho-flavio-concentrara-campanha-sudeste\/\">Source link <\/a><\/p>","protected":false},"excerpt":{"rendered":"<p>A campanha do senador Fl\u00e1vio Bolsonaro (PL-RJ) \u00e0 Presid\u00eancia vai ampliar a presen\u00e7a no Sudeste na reta final do primeiro turno. A estrat\u00e9gia foi apresentada nesta segunda-feira (31) pelo senador&hellip;<\/p>","protected":false},"author":1,"featured_media":141541,"comment_status":"closed","ping_status":"open","sticky":false,"template":"","format":"standard","meta":{"content-type":"","footnotes":""},"categories":[16],"tags":[],"class_list":["post-141540","post","type-post","status-publish","format-standard","has-post-thumbnail","hentry","category-noticias"],"_links":{"self":[{"href":"https:\/\/tvbrazilusa.com\/pt\/wp-json\/wp\/v2\/posts\/141540","targetHints":{"allow":["GET"]}}],"collection":[{"href":"https:\/\/tvbrazilusa.com\/pt\/wp-json\/wp\/v2\/posts"}],"about":[{"href":"https:\/\/tvbrazilusa.com\/pt\/wp-json\/wp\/v2\/types\/post"}],"author":[{"embeddable":true,"href":"https:\/\/tvbrazilusa.com\/pt\/wp-json\/wp\/v2\/users\/1"}],"replies":[{"embeddable":true,"href":"https:\/\/tvbrazilusa.com\/pt\/wp-json\/wp\/v2\/comments?post=141540"}],"version-history":[{"count":1,"href":"https:\/\/tvbrazilusa.com\/pt\/wp-json\/wp\/v2\/posts\/141540\/revisions"}],"predecessor-version":[{"id":141542,"href":"https:\/\/tvbrazilusa.com\/pt\/wp-json\/wp\/v2\/posts\/141540\/revisions\/141542"}],"wp:featuredmedia":[{"embeddable":true,"href":"https:\/\/tvbrazilusa.com\/pt\/wp-json\/wp\/v2\/media\/141541"}],"wp:attachment":[{"href":"https:\/\/tvbrazilusa.com\/pt\/wp-json\/wp\/v2\/media?parent=141540"}],"wp:term":[{"taxonomy":"category","embeddable":true,"href":"https:\/\/tvbrazilusa.com\/pt\/wp-json\/wp\/v2\/categories?post=141540"},{"taxonomy":"post_tag","embeddable":true,"href":"https:\/\/tvbrazilusa.com\/pt\/wp-json\/wp\/v2\/tags?post=141540"}],"curies":[{"name":"wp","href":"https:\/\/api.w.org\/{rel}","templated":true}]}}