{"id":141543,"date":"2026-08-31T20:57:28","date_gmt":"2026-08-31T20:57:28","guid":{"rendered":"https:\/\/tvbrazilusa.com\/2026\/08\/31\/renan-reage-a-decisao-de-toffoli-vou-lutar-na-justica\/"},"modified":"2026-08-31T21:01:27","modified_gmt":"2026-08-31T21:01:27","slug":"renan-reage-a-decisao-de-toffoli-vou-lutar-na-justica","status":"publish","type":"post","link":"https:\/\/tvbrazilusa.com\/pt\/2026\/08\/31\/renan-reage-a-decisao-de-toffoli-vou-lutar-na-justica\/","title":{"rendered":"Renan reage a decis\u00e3o de Toffoli: \u201cVou lutar na Justi\u00e7a\u201d"},"content":{"rendered":"<script async src=\"https:\/\/pagead2.googlesyndication.com\/pagead\/js\/adsbygoogle.js?client=ca-pub-8864793242727901\"\r\n     crossorigin=\"anonymous\"><\/script>\n<div id=\"cd-article-content\" itemprop=\"articleBody\">\n<p class=\"wp-block-paragraph\">O <a href=\"https:\/\/claudiodantas.com.br\/tag\/renan-santos\/\" data-type=\"post_tag\" data-id=\"6871\">candidato \u00e0 Presid\u00eancia da Rep\u00fablica pelo Miss\u00e3o, Renan Santos<\/a>, afirmou nesta segunda-feira (31) que vai recorrer da decis\u00e3o do ministro Dias Toffoli, do <a href=\"https:\/\/www.tse.jus.br\/\" target=\"_blank\" rel=\"noopener\">Tribunal Superior Eleitoral (TSE)<\/a>, que restringiu sua campanha eleitoral nas redes sociais. Em v\u00eddeo publicado nas redes, Renan classificou a medida como \u201cilegal\u201d e \u201cpersecut\u00f3ria\u201d e disse que n\u00e3o pretende recuar.<\/p>\n<p><a href=\"https:\/\/whatsapp.com\/channel\/0029VaTFkH2HVvTbkE883x1x\" target=\"_blank\" class=\"whatsapp-channel-message\" rel=\"noopener\">\u2705 Siga o canal do Claudio Dantas no WhatsApp<\/a><\/p>\n<p class=\"wp-block-paragraph\">\u201cEu n\u00e3o vou desistir, eu vou lutar na Justi\u00e7a\u201d, declarou.<\/p>\n<p class=\"wp-block-paragraph\">Renan afirmou que pretende recorrer ao pr\u00f3prio TSE para tentar derrubar a decis\u00e3o. \u201cPrimeiro eu quero agradecer a todo mundo que est\u00e1 lutando com a gente. A gente vai continuar lutando e a gente vai ir ao TSE para derrubar essa decis\u00e3o absolutamente injusta e ilegal. A decis\u00e3o \u00e9 ilegal, a decis\u00e3o \u00e9 persecut\u00f3ria\u201d, disse.<\/p>\n<p class=\"wp-block-paragraph\">O candidato tamb\u00e9m relacionou a decis\u00e3o \u00e0s manifesta\u00e7\u00f5es que convocou contra Toffoli ao longo do \u00faltimo ano, em meio \u00e0s discuss\u00f5es envolvendo o caso Banco Master. Segundo Renan, foram quatro atos em S\u00e3o Paulo nos quais o nome do ministro foi citado.<\/p>\n<p class=\"wp-block-paragraph\">\u201cA decis\u00e3o \u00e9 ilegal, a decis\u00e3o \u00e9 persecut\u00f3ria. Curiosamente, eu convoquei tamb\u00e9m quatro manifesta\u00e7\u00f5es nesse \u00faltimo ano contra o senhor Dias Toffoli, contra o envolvimento n\u00e3o apenas dele, mas de todas essas pessoas no esc\u00e2ndalo do Banco Master. As manifesta\u00e7\u00f5es tomaram as ruas de S\u00e3o Paulo quatro vezes. O nome do Dias Toffoli foi mencionado e cartazes foram feitos todas essas vezes\u201d, afirmou.<\/p>\n<p class=\"wp-block-paragraph\">Renan disse ainda considerar que est\u00e1 sendo punido por posi\u00e7\u00f5es que assumiu antes de disputar a Presid\u00eancia.<\/p>\n<p class=\"wp-block-paragraph\">\u201cEu estou pagando o pre\u00e7o por ter defendido o que eu defendi. Eu sei o que aconteceu. Falar que minhas redes foram suspensas porque eu estou abusando do poder econ\u00f4mico por conta de um problema t\u00e9cnico que centenas de outros candidatos, que se h\u00e1 milhares tamb\u00e9m tiveram durante o registro das candidaturas, chega a ser absurdo\u201d, declarou.<\/p>\n<p class=\"wp-block-paragraph\"><strong>Decis\u00e3o do TSE<\/strong><\/p>\n<p class=\"wp-block-paragraph\">Toffoli, relator do registro de candidatura de Renan, determinou a suspens\u00e3o da propaganda eleitoral em 16 perfis que, segundo a decis\u00e3o, foram comunicados \u00e0 Justi\u00e7a Eleitoral fora do prazo. O candidato poder\u00e1 continuar utilizando o site e o perfil no X que foram informados no registro inicial.<\/p>\n<p class=\"wp-block-paragraph\">O ministro tamb\u00e9m determinou que Renan e o Miss\u00e3o prestem esclarecimentos em at\u00e9 24 horas sobre as contas utilizadas pela campanha, incluindo as datas de cria\u00e7\u00e3o e o in\u00edcio da utiliza\u00e7\u00e3o para propaganda eleitoral. O descumprimento pode afetar o registro da candidatura.<\/p>\n<p class=\"wp-block-paragraph\">Na avalia\u00e7\u00e3o de Toffoli, houve uma \u201comiss\u00e3o estrat\u00e9gica\u201d na comunica\u00e7\u00e3o das contas \u00e0 Justi\u00e7a Eleitoral. A regra exige que os candidatos informem previamente os perfis que ser\u00e3o utilizados na propaganda para evitar vantagens decorrentes da distribui\u00e7\u00e3o algor\u00edtmica de conte\u00fado nas plataformas.<\/p>\n<p class=\"wp-block-paragraph\">Renan contestou a decis\u00e3o e afirmou que a medida n\u00e3o deveria atingir uma candidatura presidencial.<\/p>\n<p class=\"wp-block-paragraph\">\u201cNenhuma candidatura deve ser suspensa assim. Nesse instante, a pr\u00f3pria imprensa que me critica est\u00e1 dizendo que a decis\u00e3o \u00e9 antidemocr\u00e1tica e absurda. Mas o que eu posso fazer? Eu poderia dizer assim, decis\u00e3o ilegal n\u00e3o se cumpre\u201d, afirmou.<\/p>\n<p class=\"wp-block-paragraph\">Ap\u00f3s a decis\u00e3o, o candidato tamb\u00e9m alterou as imagens de seus perfis nas redes sociais. A nova foto mostra seu rosto em preto e branco, com uma faixa vermelha sobre os olhos e a palavra \u201ccensurado\u201d.<\/p>\n<\/div>\n<p><script>!function(f,b,e,v,n,t,s){if(f.fbq)return;n=f.fbq=function(){n.callMethod?n.callMethod.apply(n,arguments):n.queue.push(arguments)};if(!f._fbq)f._fbq=n;n.push=n;n.loaded=!0;n.version='2.0';n.queue=[];t=b.createElement(e);t.async=!0;t.src=v;s=b.getElementsByTagName(e)[0];s.parentNode.insertBefore(t,s)}(window,document,'script','https:\/\/connect.facebook.net\/en_US\/fbevents.js');fbq('init','1423865622537930');fbq('track','PageView');<\/script><br \/>\n<br \/><br \/>\n<br \/><a href=\"https:\/\/claudiodantas.com.br\/renan-reage-a-decisao-de-toffoli\/\">Source link <\/a><\/p>","protected":false},"excerpt":{"rendered":"<p>O candidato \u00e0 Presid\u00eancia da Rep\u00fablica pelo Miss\u00e3o, Renan Santos, afirmou nesta segunda-feira (31) que vai recorrer da decis\u00e3o do ministro Dias Toffoli, do Tribunal Superior Eleitoral (TSE), que restringiu&hellip;<\/p>","protected":false},"author":1,"featured_media":141544,"comment_status":"closed","ping_status":"open","sticky":false,"template":"","format":"standard","meta":{"content-type":"","footnotes":""},"categories":[16],"tags":[],"class_list":["post-141543","post","type-post","status-publish","format-standard","has-post-thumbnail","hentry","category-noticias"],"_links":{"self":[{"href":"https:\/\/tvbrazilusa.com\/pt\/wp-json\/wp\/v2\/posts\/141543","targetHints":{"allow":["GET"]}}],"collection":[{"href":"https:\/\/tvbrazilusa.com\/pt\/wp-json\/wp\/v2\/posts"}],"about":[{"href":"https:\/\/tvbrazilusa.com\/pt\/wp-json\/wp\/v2\/types\/post"}],"author":[{"embeddable":true,"href":"https:\/\/tvbrazilusa.com\/pt\/wp-json\/wp\/v2\/users\/1"}],"replies":[{"embeddable":true,"href":"https:\/\/tvbrazilusa.com\/pt\/wp-json\/wp\/v2\/comments?post=141543"}],"version-history":[{"count":1,"href":"https:\/\/tvbrazilusa.com\/pt\/wp-json\/wp\/v2\/posts\/141543\/revisions"}],"predecessor-version":[{"id":141545,"href":"https:\/\/tvbrazilusa.com\/pt\/wp-json\/wp\/v2\/posts\/141543\/revisions\/141545"}],"wp:featuredmedia":[{"embeddable":true,"href":"https:\/\/tvbrazilusa.com\/pt\/wp-json\/wp\/v2\/media\/141544"}],"wp:attachment":[{"href":"https:\/\/tvbrazilusa.com\/pt\/wp-json\/wp\/v2\/media?parent=141543"}],"wp:term":[{"taxonomy":"category","embeddable":true,"href":"https:\/\/tvbrazilusa.com\/pt\/wp-json\/wp\/v2\/categories?post=141543"},{"taxonomy":"post_tag","embeddable":true,"href":"https:\/\/tvbrazilusa.com\/pt\/wp-json\/wp\/v2\/tags?post=141543"}],"curies":[{"name":"wp","href":"https:\/\/api.w.org\/{rel}","templated":true}]}}