{"id":141546,"date":"2026-08-31T21:04:18","date_gmt":"2026-08-31T21:04:18","guid":{"rendered":"https:\/\/tvbrazilusa.com\/2026\/08\/31\/flavio-e-zema-defendem-renan-apos-decisao-de-toffoli\/"},"modified":"2026-08-31T21:08:26","modified_gmt":"2026-08-31T21:08:26","slug":"flavio-e-zema-defendem-renan-apos-decisao-de-toffoli","status":"publish","type":"post","link":"https:\/\/tvbrazilusa.com\/pt\/2026\/08\/31\/flavio-e-zema-defendem-renan-apos-decisao-de-toffoli\/","title":{"rendered":"Fl\u00e1vio e Zema defendem Renan ap\u00f3s decis\u00e3o de Toffoli"},"content":{"rendered":"<p> <script async src=\"https:\/\/pagead2.googlesyndication.com\/pagead\/js\/adsbygoogle.js?client=ca-pub-8864793242727901\"\r\n     crossorigin=\"anonymous\"><\/script><br \/>\n<\/p>\n<div id=\"cd-article-content\" itemprop=\"articleBody\">\n<p class=\"wp-block-paragraph\">O senador Fl\u00e1vio Bolsonaro (PL-RJ) e o ex-governador de Minas Gerais <a href=\"https:\/\/claudiodantas.com.br\/tag\/zema\/\" data-type=\"post_tag\" data-id=\"5145\">Romeu Zema (Novo)<\/a> sa\u00edram em defesa do candidato \u00e0 Presid\u00eancia pelo Miss\u00e3o,<a href=\"https:\/\/claudiodantas.com.br\/tag\/renan-santos\/\" data-type=\"post_tag\" data-id=\"6871\"> Renan Santos<\/a>, ap\u00f3s o ministro Dias Toffoli, do Tribunal Superior Eleitoral (TSE), restringir temporariamente a campanha do presidenci\u00e1vel. A decis\u00e3o suspendeu a participa\u00e7\u00e3o de Renan em debates, os repasses e gastos de recursos do Fundo Especial de Financiamento de Campanha (FEFC) e a propaganda eleitoral em perfis digitais n\u00e3o informados dentro do prazo \u00e0 Justi\u00e7a Eleitoral.<\/p>\n<p><a href=\"https:\/\/whatsapp.com\/channel\/0029VaTFkH2HVvTbkE883x1x\" target=\"_blank\" class=\"whatsapp-channel-message\" rel=\"noopener\">\u2705 Siga o canal do Claudio Dantas no WhatsApp<\/a><\/p>\n<p class=\"wp-block-paragraph\">Fl\u00e1vio se manifestou nas redes sociais ap\u00f3s a divulga\u00e7\u00e3o da decis\u00e3o. O senador <a href=\"https:\/\/x.com\/FlavioBolsonaro\/status\/2094509637403910605?s=20\">afirmou <\/a>esperar que Renan consiga restabelecer sua candidatura e relacionou o epis\u00f3dio ao bloqueio das redes sociais do ex-presidente Jair Bolsonaro.<\/p>\n<blockquote class=\"wp-block-quote is-layout-flow wp-block-quote-is-layout-flow\">\n<p class=\"wp-block-paragraph\">\u201cEspero que o candidato Renan Santos restabele\u00e7a sua candidatura. O Presidente Jair Bolsonaro est\u00e1 com suas redes sociais bloqueadas h\u00e1 mais de um ano e a censura n\u00e3o pode mais ser banalizada no Brasil!\u201d<\/p>\n<figure class=\"wp-block-embed is-type-rich is-provider-x wp-block-embed-x\">\n<div class=\"wp-block-embed__wrapper\">\n<blockquote class=\"twitter-tweet\" data-width=\"500\" data-dnt=\"true\">\n<p lang=\"pt\" dir=\"ltr\">Espero que o candidato Renan Santos restabele\u00e7a sua candidatura.<\/p>\n<p>O Presidente <a href=\"https:\/\/x.com\/jairbolsonaro?ref_src=twsrc%5Etfw\">@jairbolsonaro<\/a> est\u00e1 com suas redes sociais bloqueadas h\u00e1 mais de um ano e a censura n\u00e3o pode mais ser banalizada no Brasil! <a href=\"https:\/\/t.co\/7yTme3GNTB\">pic.twitter.com\/7yTme3GNTB<\/a><\/p>\n<p>\u2014 Fl\u00e1vio Bolsonaro (@FlavioBolsonaro) <a href=\"https:\/\/x.com\/FlavioBolsonaro\/status\/2094509637403910605?ref_src=twsrc%5Etfw\">August 31, 2026<\/a><\/p><\/blockquote>\n<\/div>\n<\/figure>\n<\/blockquote>\n<p class=\"wp-block-paragraph\">Zema tamb\u00e9m criticou a decis\u00e3o. O candidato do Novo afirmou discordar de Renan em diversos pontos, mas questionou a medida adotada por Toffoli.<\/p>\n<blockquote class=\"wp-block-quote is-layout-flow wp-block-quote-is-layout-flow\">\n<p class=\"wp-block-paragraph\">\u201cDiscordo em muitos pontos do Renan, mas o que o Toffoli acaba de fazer \u00e9 um absurdo. N\u00e3o ficarei calado por ser um concorrente. O buraco \u00e9 muito mais embaixo\u201d<\/p>\n<\/blockquote>\n<p class=\"wp-block-paragraph\">Em outra publica\u00e7\u00e3o, <a href=\"https:\/\/x.com\/RomeuZema\/status\/2094499454791581738?s=20\">Zema <\/a>ampliou a cr\u00edtica ao STF e afirmou que decis\u00f5es como a de Toffoli representam um risco para a democracia.<\/p>\n<blockquote class=\"wp-block-quote is-layout-flow wp-block-quote-is-layout-flow\">\n<p class=\"wp-block-paragraph\">\u201cN\u00e3o existe democracia que se sustente dessa forma, com um supremo j\u00e1 desgastado por diversas decis\u00f5es, inqu\u00e9ritos e ESQUEMAS que s\u00f3 mancham a institui\u00e7\u00e3o e o Brasil mundo afora. Chega de intoc\u00e1veis\u201d<\/p>\n<figure class=\"wp-block-embed is-type-rich is-provider-x wp-block-embed-x\">\n<div class=\"wp-block-embed__wrapper\">\n<blockquote class=\"twitter-tweet\" data-width=\"500\" data-dnt=\"true\">\n<p lang=\"pt\" dir=\"ltr\">Discordo em muitos pontos do Renan, mas o que o Toffoli acaba de fazer \u00e9 um absurdo.<\/p>\n<p>N\u00e3o ficarei calado por ser um concorrente. O buraco \u00e9 muito mais embaixo.<\/p>\n<p>N\u00e3o existe democracia que se sustente dessa forma, com um supremo j\u00e1 desgastado por diversas decis\u00f5es, inqu\u00e9ritos e\u2026<\/p>\n<p>\u2014 Romeu Zema (@RomeuZema) <a href=\"https:\/\/x.com\/RomeuZema\/status\/2094499454791581738?ref_src=twsrc%5Etfw\">August 31, 2026<\/a><\/p><\/blockquote>\n<\/div>\n<\/figure>\n<\/blockquote>\n<h3 class=\"wp-block-heading\">Decis\u00e3o de Toffoli<\/h3>\n<p class=\"wp-block-paragraph\">A decis\u00e3o foi tomada ap\u00f3s Toffoli apontar que a campanha de Renan informou \u00e0 Justi\u00e7a Eleitoral 16 perfis utilizados para propaganda somente em 19 de agosto, 12 dias depois do pedido de registro da candidatura, apresentado em 7 de agosto.<\/p>\n<p class=\"wp-block-paragraph\">Segundo o ministro, ao menos um dos perfis informados posteriormente tinha cerca de 2,4 milh\u00f5es de seguidores e j\u00e1 veiculava propaganda eleitoral. A decis\u00e3o registra ainda que a conta aparecia nas recomenda\u00e7\u00f5es de outros candidatos.<\/p>\n<p class=\"wp-block-paragraph\">Toffoli considerou que a comunica\u00e7\u00e3o tardia dos perfis poderia afetar a fiscaliza\u00e7\u00e3o da propaganda e o funcionamento dos sistemas de recomenda\u00e7\u00e3o das plataformas. No documento, o ministro afirma que a omiss\u00e3o das informa\u00e7\u00f5es pode representar <strong>\u201cind\u00edcio de fraude \u00e0 lei\u201d<\/strong>.<\/p>\n<p class=\"wp-block-paragraph\">O relator determinou a suspens\u00e3o da propaganda eleitoral digital da chapa em endere\u00e7os n\u00e3o informados tempestivamente. Tamb\u00e9m suspendeu os repasses do FEFC e os gastos com recursos j\u00e1 recebidos. O Miss\u00e3o recebeu R$ 3,3 milh\u00f5es do fundo para a disputa.<\/p>\n<p class=\"wp-block-paragraph\">A participa\u00e7\u00e3o de Renan em debates tamb\u00e9m foi suspensa. A ordem alcan\u00e7a debates em r\u00e1dio, televis\u00e3o, podcasts e outros meios de comunica\u00e7\u00e3o. Em caso de descumprimento, a multa estabelecida \u00e9 de R$ 50 mil por ato.<\/p>\n<h3 class=\"wp-block-heading\">Miss\u00e3o prepara recurso<\/h3>\n<p class=\"wp-block-paragraph\">A campanha pretende apresentar um mandado de seguran\u00e7a ao TSE para tentar reverter as restri\u00e7\u00f5es. Kim Kataguiri, coordenador da \u00e1rea econ\u00f4mica da campanha, classificou a decis\u00e3o como ilegal e desproporcional e afirmou que todas as contas utilizadas por Renan foram posteriormente informadas \u00e0 Justi\u00e7a Eleitoral.<\/p>\n<figure class=\"wp-block-image size-large\"><figcaption class=\"wp-element-caption\"><em>Renan Santos. Foto: Reprodu\u00e7\u00e3o do Youtube <\/em><\/figcaption><\/figure>\n<p class=\"wp-block-paragraph\">O deputado tamb\u00e9m questionou a decis\u00e3o monocr\u00e1tica e afirmou que a campanha pretende buscar a an\u00e1lise do caso pelos demais ministros do TSE.<\/p>\n<p class=\"wp-block-paragraph\">Enquanto aguarda a an\u00e1lise do recurso, a campanha deve concentrar parte das atividades em a\u00e7\u00f5es presenciais e na mobiliza\u00e7\u00e3o de apoiadores.<\/p>\n<p class=\"wp-block-paragraph\"><strong>Importante:<\/strong> a decis\u00e3o \u00e9 cautelar e determina as restri\u00e7\u00f5es <strong>\u201cat\u00e9 ulterior decis\u00e3o nestes autos\u201d<\/strong>. Portanto, ela n\u00e3o equivale, por si s\u00f3, a uma decis\u00e3o definitiva de indeferimento do registro de candidatura.<\/p>\n<\/div>\n<p><script async src=\"\/\/platform.twitter.com\/widgets.js\" charset=\"utf-8\"><\/script><script>!function(f,b,e,v,n,t,s){if(f.fbq)return;n=f.fbq=function(){n.callMethod?n.callMethod.apply(n,arguments):n.queue.push(arguments)};if(!f._fbq)f._fbq=n;n.push=n;n.loaded=!0;n.version='2.0';n.queue=[];t=b.createElement(e);t.async=!0;t.src=v;s=b.getElementsByTagName(e)[0];s.parentNode.insertBefore(t,s)}(window,document,'script','https:\/\/connect.facebook.net\/en_US\/fbevents.js');fbq('init','1423865622537930');fbq('track','PageView');<\/script><br \/>\n<br \/><br \/>\n<br \/><a href=\"https:\/\/claudiodantas.com.br\/flavio-e-zema-defendem-renan-decisao-toffoli\/\">Source link <\/a><\/p>","protected":false},"excerpt":{"rendered":"<p>O senador Fl\u00e1vio Bolsonaro (PL-RJ) e o ex-governador de Minas Gerais Romeu Zema (Novo) sa\u00edram em defesa do candidato \u00e0 Presid\u00eancia pelo Miss\u00e3o, Renan Santos, ap\u00f3s o ministro Dias Toffoli,&hellip;<\/p>","protected":false},"author":1,"featured_media":141547,"comment_status":"closed","ping_status":"open","sticky":false,"template":"","format":"standard","meta":{"content-type":"","footnotes":""},"categories":[16],"tags":[],"class_list":["post-141546","post","type-post","status-publish","format-standard","has-post-thumbnail","hentry","category-noticias"],"_links":{"self":[{"href":"https:\/\/tvbrazilusa.com\/pt\/wp-json\/wp\/v2\/posts\/141546","targetHints":{"allow":["GET"]}}],"collection":[{"href":"https:\/\/tvbrazilusa.com\/pt\/wp-json\/wp\/v2\/posts"}],"about":[{"href":"https:\/\/tvbrazilusa.com\/pt\/wp-json\/wp\/v2\/types\/post"}],"author":[{"embeddable":true,"href":"https:\/\/tvbrazilusa.com\/pt\/wp-json\/wp\/v2\/users\/1"}],"replies":[{"embeddable":true,"href":"https:\/\/tvbrazilusa.com\/pt\/wp-json\/wp\/v2\/comments?post=141546"}],"version-history":[{"count":1,"href":"https:\/\/tvbrazilusa.com\/pt\/wp-json\/wp\/v2\/posts\/141546\/revisions"}],"predecessor-version":[{"id":141548,"href":"https:\/\/tvbrazilusa.com\/pt\/wp-json\/wp\/v2\/posts\/141546\/revisions\/141548"}],"wp:featuredmedia":[{"embeddable":true,"href":"https:\/\/tvbrazilusa.com\/pt\/wp-json\/wp\/v2\/media\/141547"}],"wp:attachment":[{"href":"https:\/\/tvbrazilusa.com\/pt\/wp-json\/wp\/v2\/media?parent=141546"}],"wp:term":[{"taxonomy":"category","embeddable":true,"href":"https:\/\/tvbrazilusa.com\/pt\/wp-json\/wp\/v2\/categories?post=141546"},{"taxonomy":"post_tag","embeddable":true,"href":"https:\/\/tvbrazilusa.com\/pt\/wp-json\/wp\/v2\/tags?post=141546"}],"curies":[{"name":"wp","href":"https:\/\/api.w.org\/{rel}","templated":true}]}}