{"id":141552,"date":"2026-08-31T22:58:31","date_gmt":"2026-08-31T22:58:31","guid":{"rendered":"https:\/\/tvbrazilusa.com\/2026\/08\/31\/434-dizem-que-caso-lulinha-piora-muito-imagem-do-governo-lula-paulo-figueiredo\/"},"modified":"2026-08-31T22:59:25","modified_gmt":"2026-08-31T22:59:25","slug":"434-dizem-que-caso-lulinha-piora-muito-imagem-do-governo-lula-paulo-figueiredo","status":"publish","type":"post","link":"https:\/\/tvbrazilusa.com\/pt\/2026\/08\/31\/434-dizem-que-caso-lulinha-piora-muito-imagem-do-governo-lula-paulo-figueiredo\/","title":{"rendered":"43,4% dizem que caso Lulinha piora muito imagem do governo Lula &#8211; Paulo Figueiredo"},"content":{"rendered":"<p> <script async src=\"https:\/\/pagead2.googlesyndication.com\/pagead\/js\/adsbygoogle.js?client=ca-pub-8864793242727901\"\r\n     crossorigin=\"anonymous\"><\/script><br \/>\n<\/p>\n<div id=\"wtr-content\" data-bg=\"#FFFFFF\" data-fg=\"#006d91\" data-width=\"25\" data-mute=\"1\" data-fgopacity=\"1.00\" data-mutedopacity=\"0.5\" data-placement=\"bottom\" data-placement-offset=\"0\" data-content-offset=\"262\" data-placement-touch=\"bottom\" data-placement-offset-touch=\"0\" data-transparent=\"\" data-shadow=\"0\" data-touch=\"1\" data-non-touch=\"1\" data-comments=\"0\" data-commentsbg=\"transparent\" data-location=\"page\" data-mutedfg=\"#006d91\" data-endfg=\"#006d91\" data-rtl=\"\">\n<h4 class=\"wp-block-heading\">Levantamento AtlasIntel\/Bloomberg mostra ainda que 52,6% suspeitam de tentativa de influ\u00eancia sobre decis\u00f5es do governo<\/h4>\n<p class=\"wp-block-paragraph\">A pesquisa AtlasIntel\/Bloomberg divulgada nesta segunda-feira, 31, revela que 43,4% dos entrevistados avaliam que as investiga\u00e7\u00f5es que envolvem F\u00e1bio Lu\u00eds Lula da Silva, o Lulinha, filho do presidente Luiz In\u00e1cio Lula da Silva, \u201cpiora muito\u201d a imagem do governo federal.<\/p>\n<p class=\"wp-block-paragraph\">Outros 17,3% consideram que o caso \u201cpiora um pouco\u201d a imagem da gest\u00e3o. Para 37,4%, por\u00e9m, a investiga\u00e7\u00e3o \u201cn\u00e3o afeta\u201d o governo. J\u00e1 1,9% afirma que ela \u201cmelhora\u201d a imagem da administra\u00e7\u00e3o federal.<\/p>\n<p class=\"wp-block-paragraph\">Sobre o impacto na tentativa de reelei\u00e7\u00e3o de Lula, 36% dizem que o caso \u201cn\u00e3o prejudica\u201d. Outros 34,8% avaliam que \u201cprejudica muito\u201d, enquanto 24,6% afirmam que \u201cprejudica um pouco\u201d. O porcentual dos que \u201cn\u00e3o sabem\u201d \u00e9 de 4,6%.<\/p>\n<h4 class=\"wp-block-heading\">Maioria v\u00ea tentativa de influ\u00eancia de Lulinha<\/h4>\n<p class=\"wp-block-paragraph\">A pesquisa tamb\u00e9m mostra desconfian\u00e7a sobre a conduta de Lulinha. Para 52,6% dos entrevistados, ele tentou influenciar decis\u00f5es do governo para beneficiar empres\u00e1rios. Outros 26,3% acreditam na inoc\u00eancia dele. J\u00e1 21,1% n\u00e3o souberam responder.<\/p>\n<p class=\"wp-block-paragraph\">O\u00a0Supremo Tribunal Federal\u00a0autorizou tr\u00eas investiga\u00e7\u00f5es contra Lulinha a partir do fim de julho. As apura\u00e7\u00f5es come\u00e7aram depois da divulga\u00e7\u00e3o de sua rela\u00e7\u00e3o com Roberta Luchsinger, empres\u00e1ria investigada na Opera\u00e7\u00e3o Sem Desconto, que apura fraudes no\u00a0INSS.<\/p>\n<p class=\"wp-block-paragraph\">A\u00a0Pol\u00edcia Federal\u00a0apreendeu o celular da empres\u00e1ria em dezembro do ano passado. A per\u00edcia do aparelho foi usada nas investiga\u00e7\u00f5es. Relat\u00f3rios da PF e trechos de conversas indicam poss\u00edvel interlocu\u00e7\u00e3o entre Lulinha, Roberta Luchsinger e Marco Aur\u00e9lio Santana Ribeiro, ex-chefe de gabinete de Lula.<\/p>\n<p class=\"wp-block-paragraph\">Os investigadores apuram se o grupo atuava para influenciar decis\u00f5es do governo federal. Lulinha, Roberta Luchsinger e Marco Aur\u00e9lio Santana Ribeiro negam a pr\u00e1tica de qualquer ato il\u00edcito ou irregularidade.<\/p>\n<p class=\"wp-block-paragraph\"><strong><a href=\"https:\/\/revistaoeste.com\/politica\/434-dizem-que-caso-lulinha-piora-muito-imagem-do-governo-lula\/\">Cr\u00e9dito Revista Oeste<\/a><\/strong><\/p>\n<\/div>\n<p><br \/>\n<br \/><a href=\"https:\/\/paulofigueiredoshow.com\/434-dizem-que-caso-lulinha-piora-muito-imagem-do-governo-lula\/\">Source link <\/a><\/p>","protected":false},"excerpt":{"rendered":"<p>Levantamento AtlasIntel\/Bloomberg mostra ainda que 52,6% suspeitam de tentativa de influ\u00eancia sobre decis\u00f5es do governo A pesquisa AtlasIntel\/Bloomberg divulgada nesta segunda-feira, 31, revela que 43,4% dos entrevistados avaliam que as&hellip;<\/p>","protected":false},"author":1,"featured_media":137355,"comment_status":"closed","ping_status":"open","sticky":false,"template":"","format":"standard","meta":{"content-type":"","footnotes":""},"categories":[16],"tags":[],"class_list":["post-141552","post","type-post","status-publish","format-standard","has-post-thumbnail","hentry","category-noticias"],"_links":{"self":[{"href":"https:\/\/tvbrazilusa.com\/pt\/wp-json\/wp\/v2\/posts\/141552","targetHints":{"allow":["GET"]}}],"collection":[{"href":"https:\/\/tvbrazilusa.com\/pt\/wp-json\/wp\/v2\/posts"}],"about":[{"href":"https:\/\/tvbrazilusa.com\/pt\/wp-json\/wp\/v2\/types\/post"}],"author":[{"embeddable":true,"href":"https:\/\/tvbrazilusa.com\/pt\/wp-json\/wp\/v2\/users\/1"}],"replies":[{"embeddable":true,"href":"https:\/\/tvbrazilusa.com\/pt\/wp-json\/wp\/v2\/comments?post=141552"}],"version-history":[{"count":1,"href":"https:\/\/tvbrazilusa.com\/pt\/wp-json\/wp\/v2\/posts\/141552\/revisions"}],"predecessor-version":[{"id":141553,"href":"https:\/\/tvbrazilusa.com\/pt\/wp-json\/wp\/v2\/posts\/141552\/revisions\/141553"}],"wp:featuredmedia":[{"embeddable":true,"href":"https:\/\/tvbrazilusa.com\/pt\/wp-json\/wp\/v2\/media\/137355"}],"wp:attachment":[{"href":"https:\/\/tvbrazilusa.com\/pt\/wp-json\/wp\/v2\/media?parent=141552"}],"wp:term":[{"taxonomy":"category","embeddable":true,"href":"https:\/\/tvbrazilusa.com\/pt\/wp-json\/wp\/v2\/categories?post=141552"},{"taxonomy":"post_tag","embeddable":true,"href":"https:\/\/tvbrazilusa.com\/pt\/wp-json\/wp\/v2\/tags?post=141552"}],"curies":[{"name":"wp","href":"https:\/\/api.w.org\/{rel}","templated":true}]}}