{"id":141557,"date":"2026-08-31T23:09:00","date_gmt":"2026-08-31T23:09:00","guid":{"rendered":"https:\/\/tvbrazilusa.com\/2026\/08\/31\/banqueiro-andre-esteves-se-reuniu-com-trump-nos-eua-paulo-figueiredo\/"},"modified":"2026-08-31T23:11:25","modified_gmt":"2026-08-31T23:11:25","slug":"banqueiro-andre-esteves-se-reuniu-com-trump-nos-eua-paulo-figueiredo","status":"publish","type":"post","link":"https:\/\/tvbrazilusa.com\/pt\/2026\/08\/31\/banqueiro-andre-esteves-se-reuniu-com-trump-nos-eua-paulo-figueiredo\/","title":{"rendered":"Banqueiro Andr\u00e9 Esteves se reuniu com Trump nos EUA &#8211; Paulo Figueiredo"},"content":{"rendered":"<p> <script async src=\"https:\/\/pagead2.googlesyndication.com\/pagead\/js\/adsbygoogle.js?client=ca-pub-8864793242727901\"\r\n     crossorigin=\"anonymous\"><\/script><br \/>\n<\/p>\n<div id=\"wtr-content\" data-bg=\"#FFFFFF\" data-fg=\"#006d91\" data-width=\"25\" data-mute=\"1\" data-fgopacity=\"1.00\" data-mutedopacity=\"0.5\" data-placement=\"bottom\" data-placement-offset=\"0\" data-content-offset=\"262\" data-placement-touch=\"bottom\" data-placement-offset-touch=\"0\" data-transparent=\"\" data-shadow=\"0\" data-touch=\"1\" data-non-touch=\"1\" data-comments=\"0\" data-commentsbg=\"transparent\" data-location=\"page\" data-mutedfg=\"#006d91\" data-endfg=\"#006d91\" data-rtl=\"\">\n<h4 class=\"wp-block-heading\">Encontro entre banqueiro Andr\u00e9 Esteves e Donald Trump ocorreu no s\u00e1bado (29\/8), nos EUA, e durou 45 minutos<\/h4>\n<p class=\"wp-block-paragraph\">O banqueiro Andr\u00e9 Esteves, dono do BTG Pactual, se reuniu com o presidente Donald Trump na tarde do \u00faltimo s\u00e1bado (29\/8), nos Estados Unidos.<\/p>\n<p class=\"wp-block-paragraph\">O encontro entre Esteves e Trump, segundo apurou a coluna, durou 45 minutos e aconteceu no Trump National Golf Club, nos arredores de Washington D.C.<\/p>\n<p class=\"wp-block-paragraph\">O banqueiro fez quest\u00e3o de informar o Pal\u00e1cio do Planalto sobre sua reuni\u00e3o com Trump, que contou ainda com a presen\u00e7a de Susie Wiles, chefe de gabinete de Trump.<\/p>\n<p class=\"wp-block-paragraph\">Segundo interlocutores de Andr\u00e9 Esteves, durante a conversa, Trump colheu impress\u00f5es sobre o desenvolvimento do Brasil e da Am\u00e9rica Latina.<\/p>\n<p class=\"wp-block-paragraph\">Andr\u00e9 Esteves j\u00e1 voltou ao Brasil. Na noite desta segunda-feira (31\/8), ele participar\u00e1 de jantar com o presidente Lula e outros empres\u00e1rios e banqueiros em Bras\u00edlia.<\/p>\n<p class=\"wp-block-paragraph\">O dono do BTG Pactual tamb\u00e9m esteve recentemente com Fl\u00e1vio Bolsonaro (PL). Como revelou a coluna, os dois jantaram em 19 de agosto, na casa do senador, em Bras\u00edlia.<\/p>\n<p class=\"wp-block-paragraph\"><strong><a href=\"https:\/\/www.metropoles.com\/colunas\/igor-gadelha\/exclusivo-banqueiro-andre-esteves-se-reune-com-trump-nos-eua\">Cr\u00e9dito Metr\u00f3poles<\/a><\/strong><\/p>\n<\/div>\n<p><br \/>\n<br \/><a href=\"https:\/\/paulofigueiredoshow.com\/banqueiro-andre-esteves-se-reuniu-com-trump-nos-eua\/\">Source link <\/a><\/p>","protected":false},"excerpt":{"rendered":"<p>Encontro entre banqueiro Andr\u00e9 Esteves e Donald Trump ocorreu no s\u00e1bado (29\/8), nos EUA, e durou 45 minutos O banqueiro Andr\u00e9 Esteves, dono do BTG Pactual, se reuniu com o&hellip;<\/p>","protected":false},"author":1,"featured_media":136173,"comment_status":"closed","ping_status":"open","sticky":false,"template":"","format":"standard","meta":{"content-type":"","footnotes":""},"categories":[16],"tags":[],"class_list":["post-141557","post","type-post","status-publish","format-standard","has-post-thumbnail","hentry","category-noticias"],"_links":{"self":[{"href":"https:\/\/tvbrazilusa.com\/pt\/wp-json\/wp\/v2\/posts\/141557","targetHints":{"allow":["GET"]}}],"collection":[{"href":"https:\/\/tvbrazilusa.com\/pt\/wp-json\/wp\/v2\/posts"}],"about":[{"href":"https:\/\/tvbrazilusa.com\/pt\/wp-json\/wp\/v2\/types\/post"}],"author":[{"embeddable":true,"href":"https:\/\/tvbrazilusa.com\/pt\/wp-json\/wp\/v2\/users\/1"}],"replies":[{"embeddable":true,"href":"https:\/\/tvbrazilusa.com\/pt\/wp-json\/wp\/v2\/comments?post=141557"}],"version-history":[{"count":1,"href":"https:\/\/tvbrazilusa.com\/pt\/wp-json\/wp\/v2\/posts\/141557\/revisions"}],"predecessor-version":[{"id":141558,"href":"https:\/\/tvbrazilusa.com\/pt\/wp-json\/wp\/v2\/posts\/141557\/revisions\/141558"}],"wp:featuredmedia":[{"embeddable":true,"href":"https:\/\/tvbrazilusa.com\/pt\/wp-json\/wp\/v2\/media\/136173"}],"wp:attachment":[{"href":"https:\/\/tvbrazilusa.com\/pt\/wp-json\/wp\/v2\/media?parent=141557"}],"wp:term":[{"taxonomy":"category","embeddable":true,"href":"https:\/\/tvbrazilusa.com\/pt\/wp-json\/wp\/v2\/categories?post=141557"},{"taxonomy":"post_tag","embeddable":true,"href":"https:\/\/tvbrazilusa.com\/pt\/wp-json\/wp\/v2\/tags?post=141557"}],"curies":[{"name":"wp","href":"https:\/\/api.w.org\/{rel}","templated":true}]}}