{"id":141559,"date":"2026-08-31T23:12:42","date_gmt":"2026-08-31T23:12:42","guid":{"rendered":"https:\/\/tvbrazilusa.com\/2026\/08\/31\/bc-divida-publica-sobe-para-825-do-pib-maior-nivel-em-mais-de-5-anos-paulo-figueiredo\/"},"modified":"2026-08-31T23:17:29","modified_gmt":"2026-08-31T23:17:29","slug":"bc-divida-publica-sobe-para-825-do-pib-maior-nivel-em-mais-de-5-anos-paulo-figueiredo","status":"publish","type":"post","link":"https:\/\/tvbrazilusa.com\/pt\/2026\/08\/31\/bc-divida-publica-sobe-para-825-do-pib-maior-nivel-em-mais-de-5-anos-paulo-figueiredo\/","title":{"rendered":"BC: D\u00edvida p\u00fablica sobe para 82,5% do PIB, maior n\u00edvel em mais de 5 anos &#8211; Paulo Figueiredo"},"content":{"rendered":"<p> <script async src=\"https:\/\/pagead2.googlesyndication.com\/pagead\/js\/adsbygoogle.js?client=ca-pub-8864793242727901\"\r\n     crossorigin=\"anonymous\"><\/script><br \/>\n<\/p>\n<div id=\"wtr-content\" data-bg=\"#FFFFFF\" data-fg=\"#006d91\" data-width=\"25\" data-mute=\"1\" data-fgopacity=\"1.00\" data-mutedopacity=\"0.5\" data-placement=\"bottom\" data-placement-offset=\"0\" data-content-offset=\"262\" data-placement-touch=\"bottom\" data-placement-offset-touch=\"0\" data-transparent=\"\" data-shadow=\"0\" data-touch=\"1\" data-non-touch=\"1\" data-comments=\"0\" data-commentsbg=\"transparent\" data-location=\"page\" data-mutedfg=\"#006d91\" data-endfg=\"#006d91\" data-rtl=\"\">\n<h4 class=\"wp-block-heading\">Endividamento chegou a R$ 10,9 trilh\u00f5es e atingiu o maior n\u00edvel desde abril de 2021, durante a pandemia<\/h4>\n<p class=\"wp-block-paragraph\">A\u00a0d\u00edvida bruta do governo geral (DBGG)\u00a0chegou a R$ 10,9 trilh\u00f5es em\u00a0julho, o equivalente a 82,5% do\u00a0PIB, de acordo com dados divulgados nesta manh\u00e3 (31) pelo\u00a0Banco Central (BC). O indicador avan\u00e7ou 0,6 ponto percentual em rela\u00e7\u00e3o a junho e acumula alta de 3,9 pontos percentuais em 2026.<a href=\"https:\/\/whatsapp.com\/channel\/0029VaTFkH2HVvTbkE883x1x\"\/><\/p>\n<p class=\"wp-block-paragraph\">O resultado \u00e9 o maior desde abril de 2021, ainda sob os efeitos da pandemia de Covid-19, quando a d\u00edvida alcan\u00e7ou 82,6% do PIB. O c\u00e1lculo considera os d\u00e9bitos do governo federal, do INSS (Instituto Nacional do Seguro Social) e das administra\u00e7\u00f5es estaduais e municipais.<\/p>\n<p class=\"wp-block-paragraph\">A press\u00e3o sobre o endividamento em julho veio principalmente dos juros nominais apropriados, que elevaram o indicador em 0,8 ponto percentual. As emiss\u00f5es l\u00edquidas de d\u00edvida acrescentaram outros 0,2 ponto percentual. Em sentido contr\u00e1rio, o crescimento do PIB nominal reduziu a rela\u00e7\u00e3o em 0,5 ponto percentual.<\/p>\n<p class=\"wp-block-paragraph\">Desde o in\u00edcio do ano, os juros nominais j\u00e1 adicionaram 5,7 pontos percentuais \u00e0 d\u00edvida bruta. As emiss\u00f5es l\u00edquidas contribu\u00edram com 1,5 ponto percentual, enquanto a expans\u00e3o do PIB nominal ajudou a reduzir o indicador em 3,1 pontos percentuais.<\/p>\n<p class=\"wp-block-paragraph\">O avan\u00e7o do endividamento ocorre em um cen\u00e1rio de d\u00e9ficit p\u00fablico e aumento das despesas com juros. Ao fim de 2022, antes do in\u00edcio do terceiro mandato de Lula, a d\u00edvida correspondia a 71,7% do PIB. Desde ent\u00e3o, o indicador subiu mais de 10 pontos percentuais.<\/p>\n<p class=\"wp-block-paragraph\">Com a trajet\u00f3ria de alta, a d\u00edvida voltou aos n\u00edveis registrados durante a pandemia. O pico da s\u00e9rie ocorreu em dezembro de 2020, quando o endividamento chegou a 87,7% do PIB.<\/p>\n<p class=\"wp-block-paragraph\">O Banco Central tamb\u00e9m acompanha o d\u00e9ficit nominal, que inclui o resultado das contas p\u00fablicas e os gastos com juros da d\u00edvida. No acumulado de 12 meses at\u00e9 julho, o d\u00e9ficit nominal chegou a R$ 1,239 trilh\u00e3o, equivalente a 9,34% do PIB. O resultado representa uma redu\u00e7\u00e3o de 0,64 p.p. do PIB em rela\u00e7\u00e3o ao m\u00eas anterior.<\/p>\n<p class=\"wp-block-paragraph\"><strong><a href=\"https:\/\/claudiodantas.com.br\/bc-divida-publica-82-pib-maior-nivel-5-anos\/\">Cr\u00e9dito Cl\u00e1udio Dantas<\/a><\/strong><\/p>\n<\/div>\n<p><br \/>\n<br \/><a href=\"https:\/\/paulofigueiredoshow.com\/bc-divida-publica-sobe-para-825-do-pib-maior-nivel-em-mais-de-5-anos\/\">Source link <\/a><\/p>","protected":false},"excerpt":{"rendered":"<p>Endividamento chegou a R$ 10,9 trilh\u00f5es e atingiu o maior n\u00edvel desde abril de 2021, durante a pandemia A\u00a0d\u00edvida bruta do governo geral (DBGG)\u00a0chegou a R$ 10,9 trilh\u00f5es em\u00a0julho, o&hellip;<\/p>","protected":false},"author":1,"featured_media":141560,"comment_status":"closed","ping_status":"open","sticky":false,"template":"","format":"standard","meta":{"content-type":"","footnotes":""},"categories":[16],"tags":[],"class_list":["post-141559","post","type-post","status-publish","format-standard","has-post-thumbnail","hentry","category-noticias"],"_links":{"self":[{"href":"https:\/\/tvbrazilusa.com\/pt\/wp-json\/wp\/v2\/posts\/141559","targetHints":{"allow":["GET"]}}],"collection":[{"href":"https:\/\/tvbrazilusa.com\/pt\/wp-json\/wp\/v2\/posts"}],"about":[{"href":"https:\/\/tvbrazilusa.com\/pt\/wp-json\/wp\/v2\/types\/post"}],"author":[{"embeddable":true,"href":"https:\/\/tvbrazilusa.com\/pt\/wp-json\/wp\/v2\/users\/1"}],"replies":[{"embeddable":true,"href":"https:\/\/tvbrazilusa.com\/pt\/wp-json\/wp\/v2\/comments?post=141559"}],"version-history":[{"count":1,"href":"https:\/\/tvbrazilusa.com\/pt\/wp-json\/wp\/v2\/posts\/141559\/revisions"}],"predecessor-version":[{"id":141561,"href":"https:\/\/tvbrazilusa.com\/pt\/wp-json\/wp\/v2\/posts\/141559\/revisions\/141561"}],"wp:featuredmedia":[{"embeddable":true,"href":"https:\/\/tvbrazilusa.com\/pt\/wp-json\/wp\/v2\/media\/141560"}],"wp:attachment":[{"href":"https:\/\/tvbrazilusa.com\/pt\/wp-json\/wp\/v2\/media?parent=141559"}],"wp:term":[{"taxonomy":"category","embeddable":true,"href":"https:\/\/tvbrazilusa.com\/pt\/wp-json\/wp\/v2\/categories?post=141559"},{"taxonomy":"post_tag","embeddable":true,"href":"https:\/\/tvbrazilusa.com\/pt\/wp-json\/wp\/v2\/tags?post=141559"}],"curies":[{"name":"wp","href":"https:\/\/api.w.org\/{rel}","templated":true}]}}