{"id":141562,"date":"2026-08-31T23:19:28","date_gmt":"2026-08-31T23:19:28","guid":{"rendered":"https:\/\/tvbrazilusa.com\/2026\/08\/31\/lula-decreta-agua-gratuita-em-eventos\/"},"modified":"2026-08-31T23:23:21","modified_gmt":"2026-08-31T23:23:21","slug":"lula-decreta-agua-gratuita-em-eventos","status":"publish","type":"post","link":"https:\/\/tvbrazilusa.com\/pt\/2026\/08\/31\/lula-decreta-agua-gratuita-em-eventos\/","title":{"rendered":"Lula decreta \u00e1gua gratuita em eventos"},"content":{"rendered":"<script async src=\"https:\/\/pagead2.googlesyndication.com\/pagead\/js\/adsbygoogle.js?client=ca-pub-8864793242727901\"\r\n     crossorigin=\"anonymous\"><\/script>\n<div id=\"cd-article-content\" itemprop=\"articleBody\">\n<p class=\"wp-block-paragraph\">A pouco mais de um m\u00eas do primeiro turno das elei\u00e7\u00f5es federais, o <a href=\"https:\/\/claudiodantas.com.br\/tag\/lula-pt-2\/\" data-type=\"post_tag\" data-id=\"14303\">presidente Lula (PT)<\/a> assinou nesta segunda-feira (31) dois decretos que criam novas regras para eventos p\u00fablicos e culturais. Uma das medidas determina que eventos com mais de mil participantes ofere\u00e7am \u00e1gua pot\u00e1vel gratuitamente e permitam a entrada do p\u00fablico com recipientes pr\u00f3prios.<\/p>\n<p><a href=\"https:\/\/whatsapp.com\/channel\/0029VaTFkH2HVvTbkE883x1x\" target=\"_blank\" class=\"whatsapp-channel-message\" rel=\"noopener\">\u2705 Siga o canal do Claudio Dantas no WhatsApp<\/a><\/p>\n<p class=\"wp-block-paragraph\">A medida foi anunciada em uma cerim\u00f4nia no <a href=\"https:\/\/www.gov.br\/planalto\/pt-br\/conheca-a-presidencia\/palacios-e-residencias\/palacio-do-planalto\" target=\"_blank\" rel=\"noopener\">Pal\u00e1cio do Planalto<\/a> que contou com representantes de grupos de f\u00e3s de artistas internacionais, como Taylor Swift, BTS, BLACKPINK, Lady Gaga, Harry Styles e Olivia Rodrigo. A aproxima\u00e7\u00e3o com os chamados fandoms ocorre em um momento em que o governo busca ampliar sua comunica\u00e7\u00e3o com o p\u00fablico jovem.<\/p>\n<p class=\"wp-block-paragraph\">Durante o evento, Lula atribuiu aos grupos de f\u00e3s parte da motiva\u00e7\u00e3o para a cria\u00e7\u00e3o das novas regras.<\/p>\n<p class=\"wp-block-paragraph\">\u201cSe n\u00e3o fossem voc\u00eas, a gente n\u00e3o estaria fazendo esse decreto. Ou seja, em algum momento voc\u00eas resolveram gritar. Em algum momento voc\u00eas resolveram chamar a aten\u00e7\u00e3o de algu\u00e9m de que n\u00e3o era justo voc\u00eas fazerem um sacrif\u00edcio.\u201d<\/p>\n<p class=\"wp-block-paragraph\">O decreto estabelece que eventos com previs\u00e3o de p\u00fablico superior a mil pessoas, sejam eles shows, festivais, feiras, congressos ou confer\u00eancias, dever\u00e3o disponibilizar pontos de acesso gratuito \u00e0 \u00e1gua pot\u00e1vel. A obriga\u00e7\u00e3o vale para ambientes abertos e fechados e n\u00e3o depender\u00e1 de situa\u00e7\u00f5es de calor extremo.<\/p>\n<p class=\"wp-block-paragraph\">Al\u00e9m disso, o p\u00fablico poder\u00e1 levar \u00e1gua para dentro dos locais, observadas eventuais restri\u00e7\u00f5es de seguran\u00e7a definidas pelos organizadores, como a proibi\u00e7\u00e3o de recipientes de vidro.<\/p>\n<p class=\"wp-block-paragraph\">A nova regra transforma em permanente uma pol\u00edtica adotada de forma emergencial pelo governo ap\u00f3s a morte de Ana Clara Benevides, de 23 anos, durante um show de Taylor Swift no Rio de Janeiro, em novembro de 2023. Na ocasi\u00e3o, a jovem passou mal durante uma onda de calor e morreu ap\u00f3s uma parada cardiorrespirat\u00f3ria.<\/p>\n<p class=\"wp-block-paragraph\"><strong>Eleitorado jovem<\/strong><\/p>\n<p class=\"wp-block-paragraph\">A cerim\u00f4nia no Planalto foi acompanhada por ministros e representantes de fandoms, em uma sinaliza\u00e7\u00e3o pol\u00edtica direcionada especialmente ao p\u00fablico jovem.<\/p>\n<p class=\"wp-block-paragraph\">Al\u00e9m da medida sobre \u00e1gua, Lula assinou um segundo decreto com regras para a comercializa\u00e7\u00e3o de ingressos. O texto estabelece mecanismos contra compras automatizadas em massa, inclusive por rob\u00f4s, al\u00e9m de exigir maior transpar\u00eancia nas filas virtuais, pre\u00e7os, taxas e sistemas de revenda.<\/p>\n<p class=\"wp-block-paragraph\">As plataformas de comercializa\u00e7\u00e3o tamb\u00e9m dever\u00e3o informar quando atuarem como canais de revenda, indicar o pre\u00e7o original do ingresso e identificar pr\u00e1ticas organizadas de revenda.<\/p>\n<p class=\"wp-block-paragraph\">As duas medidas entram em vigor 30 dias ap\u00f3s a publica\u00e7\u00e3o no Di\u00e1rio Oficial da Uni\u00e3o (Doud).<\/p>\n<p class=\"wp-block-paragraph\">Embora tenham sido apresentadas pelo governo como medidas de prote\u00e7\u00e3o ao consumidor, o momento pol\u00edtico da iniciativa chama aten\u00e7\u00e3o. A assinatura ocorre \u00e0s v\u00e9speras da reta final da elei\u00e7\u00e3o presidencial e em uma cerim\u00f4nia constru\u00edda em torno de demandas de grupos ligados a artistas com forte apelo entre os jovens.<\/p>\n<\/div>\n<p><script>!function(f,b,e,v,n,t,s){if(f.fbq)return;n=f.fbq=function(){n.callMethod?n.callMethod.apply(n,arguments):n.queue.push(arguments)};if(!f._fbq)f._fbq=n;n.push=n;n.loaded=!0;n.version='2.0';n.queue=[];t=b.createElement(e);t.async=!0;t.src=v;s=b.getElementsByTagName(e)[0];s.parentNode.insertBefore(t,s)}(window,document,'script','https:\/\/connect.facebook.net\/en_US\/fbevents.js');fbq('init','1423865622537930');fbq('track','PageView');<\/script><br \/>\n<br \/><br \/>\n<br \/><a href=\"https:\/\/claudiodantas.com.br\/lula-decreta-agua-gratuita-em-eventos\/\">Source link <\/a><\/p>","protected":false},"excerpt":{"rendered":"<p>A pouco mais de um m\u00eas do primeiro turno das elei\u00e7\u00f5es federais, o presidente Lula (PT) assinou nesta segunda-feira (31) dois decretos que criam novas regras para eventos p\u00fablicos e&hellip;<\/p>","protected":false},"author":1,"featured_media":141563,"comment_status":"closed","ping_status":"open","sticky":false,"template":"","format":"standard","meta":{"content-type":"","footnotes":""},"categories":[16],"tags":[],"class_list":["post-141562","post","type-post","status-publish","format-standard","has-post-thumbnail","hentry","category-noticias"],"_links":{"self":[{"href":"https:\/\/tvbrazilusa.com\/pt\/wp-json\/wp\/v2\/posts\/141562","targetHints":{"allow":["GET"]}}],"collection":[{"href":"https:\/\/tvbrazilusa.com\/pt\/wp-json\/wp\/v2\/posts"}],"about":[{"href":"https:\/\/tvbrazilusa.com\/pt\/wp-json\/wp\/v2\/types\/post"}],"author":[{"embeddable":true,"href":"https:\/\/tvbrazilusa.com\/pt\/wp-json\/wp\/v2\/users\/1"}],"replies":[{"embeddable":true,"href":"https:\/\/tvbrazilusa.com\/pt\/wp-json\/wp\/v2\/comments?post=141562"}],"version-history":[{"count":1,"href":"https:\/\/tvbrazilusa.com\/pt\/wp-json\/wp\/v2\/posts\/141562\/revisions"}],"predecessor-version":[{"id":141564,"href":"https:\/\/tvbrazilusa.com\/pt\/wp-json\/wp\/v2\/posts\/141562\/revisions\/141564"}],"wp:featuredmedia":[{"embeddable":true,"href":"https:\/\/tvbrazilusa.com\/pt\/wp-json\/wp\/v2\/media\/141563"}],"wp:attachment":[{"href":"https:\/\/tvbrazilusa.com\/pt\/wp-json\/wp\/v2\/media?parent=141562"}],"wp:term":[{"taxonomy":"category","embeddable":true,"href":"https:\/\/tvbrazilusa.com\/pt\/wp-json\/wp\/v2\/categories?post=141562"},{"taxonomy":"post_tag","embeddable":true,"href":"https:\/\/tvbrazilusa.com\/pt\/wp-json\/wp\/v2\/tags?post=141562"}],"curies":[{"name":"wp","href":"https:\/\/api.w.org\/{rel}","templated":true}]}}