{"id":141565,"date":"2026-08-31T23:04:29","date_gmt":"2026-08-31T23:04:29","guid":{"rendered":"https:\/\/tvbrazilusa.com\/2026\/08\/31\/flavio-diz-que-indicara-ao-stf-ministros-contrarios-ao-aborto-drogas-e-injusticas-paulo-figueiredo\/"},"modified":"2026-08-31T23:29:32","modified_gmt":"2026-08-31T23:29:32","slug":"flavio-diz-que-indicara-ao-stf-ministros-contrarios-ao-aborto-drogas-e-injusticas-paulo-figueiredo","status":"publish","type":"post","link":"https:\/\/tvbrazilusa.com\/pt\/2026\/08\/31\/flavio-diz-que-indicara-ao-stf-ministros-contrarios-ao-aborto-drogas-e-injusticas-paulo-figueiredo\/","title":{"rendered":"Fl\u00e1vio diz que indicar\u00e1 ao STF ministros \u201ccontr\u00e1rios ao aborto, drogas e injusti\u00e7as\u201d &#8211; Paulo Figueiredo"},"content":{"rendered":"<p> <script async src=\"https:\/\/pagead2.googlesyndication.com\/pagead\/js\/adsbygoogle.js?client=ca-pub-8864793242727901\"\r\n     crossorigin=\"anonymous\"><\/script><br \/>\n<\/p>\n<div id=\"wtr-content\" data-bg=\"#FFFFFF\" data-fg=\"#006d91\" data-width=\"25\" data-mute=\"1\" data-fgopacity=\"1.00\" data-mutedopacity=\"0.5\" data-placement=\"bottom\" data-placement-offset=\"0\" data-content-offset=\"262\" data-placement-touch=\"bottom\" data-placement-offset-touch=\"0\" data-transparent=\"\" data-shadow=\"0\" data-touch=\"1\" data-non-touch=\"1\" data-comments=\"0\" data-commentsbg=\"transparent\" data-location=\"page\" data-mutedfg=\"#006d91\" data-endfg=\"#006d91\" data-rtl=\"\">\n<p class=\"wp-block-paragraph\">O candidato \u00e0 Presid\u00eancia Fl\u00e1vio Bolsonaro (PL) afirmou neste domingo (30) que pretende indicar ao Supremo Tribunal Federal (STF) ministros contr\u00e1rios ao aborto e \u00e0s drogas caso seja eleito. O senador tamb\u00e9m disse que buscar\u00e1 nomes \u201cpatriotas\u201d e comprometidos com a seguran\u00e7a jur\u00eddica para, segundo ele, recuperar a \u201ccredibilidade\u201d da Corte.<\/p>\n<p class=\"wp-block-paragraph\">\u201cVou indicar homens e mulheres que sejam comprometidos em serem contra o aborto, em serem contra as drogas e que n\u00e3o usem a caneta para fazer injusti\u00e7a com ningu\u00e9m\u201d, afirmou Fl\u00e1vio em entrevista ao programa\u00a0<em>Domingo Espetacular<\/em>, da\u00a0<em>Record<\/em>.<\/p>\n<p class=\"wp-block-paragraph\">Segundo ele, os indicados dever\u00e3o ter o perfil de pessoas que possam \u201ctrazer seguran\u00e7a jur\u00eddica de volta e resgatar a credibilidade do Supremo\u201d. J\u00e1 no campo da seguran\u00e7a p\u00fablica, Fl\u00e1vio afirmou que uma das primeiras medidas de seu eventual governo seria classificar organiza\u00e7\u00f5es criminosas como PCC, Comando Vermelho e mil\u00edcias como organiza\u00e7\u00f5es terroristas.<\/p>\n<p class=\"wp-block-paragraph\">\u201cN\u00f3s vamos tratar o crime organizado como uma amea\u00e7a \u00e0 seguran\u00e7a nacional\u201d, explicou.<\/p>\n<p class=\"wp-block-paragraph\">Questionado sobre a\u00a0proposta que trata sobre o fim da escala 6\u00d71, o candidato evitou dizer como pretende votar no Senado. Em vez de apoiar ou rejeitar diretamente a proposta em discuss\u00e3o no Congresso, defendeu que trabalhador e empregador tenham liberdade para estabelecer a jornada.<\/p>\n<p class=\"wp-block-paragraph\">\u201cEu defendo a liberdade do trabalhador. O trabalhador vai trabalhar quantas horas ele quiser. Ele vai ter a flexibilidade, a liberdade de decidir e vai ser remunerado pela quantidade de horas que ele quer trabalhar\u201d, afirmou.<\/p>\n<h4 class=\"wp-block-heading\">Filme Dark Horse e o papel de Jair Bolsonaro<\/h4>\n<p class=\"wp-block-paragraph\">Fl\u00e1vio tamb\u00e9m foi questionado sobre o financiamento do filme\u00a0\u201cDark Horse\u201d, que conta a trajet\u00f3ria de Jair Bolsonaro. O senador negou irregularidades e afirmou que a produ\u00e7\u00e3o n\u00e3o recebeu dinheiro p\u00fablico.<\/p>\n<p class=\"wp-block-paragraph\">Segundo Fl\u00e1vio, a produtora respons\u00e1vel pelo filme fez a presta\u00e7\u00e3o de contas e uma per\u00edcia teria conclu\u00eddo que n\u00e3o houve utiliza\u00e7\u00e3o de recursos p\u00fablicos ou irregularidades. Ele tamb\u00e9m ressaltou que o patroc\u00ednio come\u00e7ou em 2025, quando Jair Bolsonaro j\u00e1 havia deixado a Presid\u00eancia.<\/p>\n<p class=\"wp-block-paragraph\">\u201cN\u00e3o tem absolutamente nada de errado em um filho buscar um patroc\u00ednio privado, para uma empresa privada, sem nada de dinheiro p\u00fablico. N\u00e3o fui buscar a Lei Rouanet\u201d, afirmou.<\/p>\n<p class=\"wp-block-paragraph\">O longa ganhou notoriedade ap\u00f3s a divulga\u00e7\u00e3o, pelo site\u00a0<em>Intercept Brasil<\/em>, de conversas entre o candidato do PL \u00e0 Presid\u00eancia e o ex-banqueiro Daniel Vorcaro, do Banco Master, nas quais o filho de Jair Bolsonaro solicita recursos para financiar a produ\u00e7\u00e3o cinematogr\u00e1fica.<\/p>\n<p class=\"wp-block-paragraph\">Segundo o Intercept, Vorcaro chegou a pagar R$ 61 milh\u00f5es para a produ\u00e7\u00e3o do filme \u201cDark Horse\u201d entre fevereiro e maio de 2025.<\/p>\n<p class=\"wp-block-paragraph\">Ainda durante a entrevista \u00e0\u00a0<em>Record<\/em>, foi questionado ao candidato do PL sobre qual seria o papel ex-presidente Jair Bolsonaro em um eventual governo. Fl\u00e1vio afirmou que pretende manter o pai pr\u00f3ximo e ouvi-lo como conselheiro caso seja eleito.<\/p>\n<p class=\"wp-block-paragraph\">\u201cSe ele quiser participar, vai participar. Se n\u00e3o quiser, n\u00e3o vai. Isso \u00e9 uma decis\u00e3o dele. Eu quero meu pai perto de mim, mas a decis\u00e3o \u00e9 dele\u201d, disse.<\/p>\n<p class=\"wp-block-paragraph\">Atualmente o ex-presidente cumpre pris\u00e3o domiciliar ap\u00f3s ser\u00a0condenado por suposta tentativa de golpe de Estado pelo STF. \u201cMeu pai foi condenado pelos inimigos dele. N\u00e3o foi pela Justi\u00e7a, foi por pessoas que s\u00e3o inimigas dele\u201d, disse Fl\u00e1vio.<\/p>\n<p class=\"wp-block-paragraph\">O candidato tamb\u00e9m defendeu a anistia para os condenados pelos atos de 8 de janeiro e afirmou que, caso o Congresso n\u00e3o aprove uma medida nesse sentido, pretende conceder indultos dentro das prerrogativas presidenciais.<\/p>\n<p class=\"wp-block-paragraph\"><strong><a href=\"https:\/\/www.gazetadopovo.com.br\/eleicoes\/2026\/flavio-aposta-em-mudancas-no-stf-para-recuperar-credibilidade-da-corte\/\">Cr\u00e9dito Gazeta do Povo<\/a><\/strong><\/p>\n<\/div>\n<p><br \/>\n<br \/><a href=\"https:\/\/paulofigueiredoshow.com\/flavio-diz-que-indicara-ao-stf-ministros-contrarios-ao-aborto-drogas-e-injusticas\/\">Source link <\/a><\/p>","protected":false},"excerpt":{"rendered":"<p>O candidato \u00e0 Presid\u00eancia Fl\u00e1vio Bolsonaro (PL) afirmou neste domingo (30) que pretende indicar ao Supremo Tribunal Federal (STF) ministros contr\u00e1rios ao aborto e \u00e0s drogas caso seja eleito. O&hellip;<\/p>","protected":false},"author":1,"featured_media":136658,"comment_status":"closed","ping_status":"open","sticky":false,"template":"","format":"standard","meta":{"content-type":"","footnotes":""},"categories":[16],"tags":[],"class_list":["post-141565","post","type-post","status-publish","format-standard","has-post-thumbnail","hentry","category-noticias"],"_links":{"self":[{"href":"https:\/\/tvbrazilusa.com\/pt\/wp-json\/wp\/v2\/posts\/141565","targetHints":{"allow":["GET"]}}],"collection":[{"href":"https:\/\/tvbrazilusa.com\/pt\/wp-json\/wp\/v2\/posts"}],"about":[{"href":"https:\/\/tvbrazilusa.com\/pt\/wp-json\/wp\/v2\/types\/post"}],"author":[{"embeddable":true,"href":"https:\/\/tvbrazilusa.com\/pt\/wp-json\/wp\/v2\/users\/1"}],"replies":[{"embeddable":true,"href":"https:\/\/tvbrazilusa.com\/pt\/wp-json\/wp\/v2\/comments?post=141565"}],"version-history":[{"count":1,"href":"https:\/\/tvbrazilusa.com\/pt\/wp-json\/wp\/v2\/posts\/141565\/revisions"}],"predecessor-version":[{"id":141566,"href":"https:\/\/tvbrazilusa.com\/pt\/wp-json\/wp\/v2\/posts\/141565\/revisions\/141566"}],"wp:featuredmedia":[{"embeddable":true,"href":"https:\/\/tvbrazilusa.com\/pt\/wp-json\/wp\/v2\/media\/136658"}],"wp:attachment":[{"href":"https:\/\/tvbrazilusa.com\/pt\/wp-json\/wp\/v2\/media?parent=141565"}],"wp:term":[{"taxonomy":"category","embeddable":true,"href":"https:\/\/tvbrazilusa.com\/pt\/wp-json\/wp\/v2\/categories?post=141565"},{"taxonomy":"post_tag","embeddable":true,"href":"https:\/\/tvbrazilusa.com\/pt\/wp-json\/wp\/v2\/tags?post=141565"}],"curies":[{"name":"wp","href":"https:\/\/api.w.org\/{rel}","templated":true}]}}