{"id":141567,"date":"2026-08-31T23:02:57","date_gmt":"2026-08-31T23:02:57","guid":{"rendered":"https:\/\/tvbrazilusa.com\/2026\/08\/31\/carlos-bolsonaro-visita-o-pai-e-pede-que-ex-presidente-fique-bem-paulo-figueiredo\/"},"modified":"2026-08-31T23:35:35","modified_gmt":"2026-08-31T23:35:35","slug":"carlos-bolsonaro-visita-o-pai-e-pede-que-ex-presidente-fique-bem-paulo-figueiredo","status":"publish","type":"post","link":"https:\/\/tvbrazilusa.com\/pt\/2026\/08\/31\/carlos-bolsonaro-visita-o-pai-e-pede-que-ex-presidente-fique-bem-paulo-figueiredo\/","title":{"rendered":"Carlos Bolsonaro visita o pai e pede que ex-presidente \u201cfique bem\u201d &#8211; Paulo Figueiredo"},"content":{"rendered":"<p> <script async src=\"https:\/\/pagead2.googlesyndication.com\/pagead\/js\/adsbygoogle.js?client=ca-pub-8864793242727901\"\r\n     crossorigin=\"anonymous\"><\/script><br \/>\n<\/p>\n<div id=\"wtr-content\" data-bg=\"#FFFFFF\" data-fg=\"#006d91\" data-width=\"25\" data-mute=\"1\" data-fgopacity=\"1.00\" data-mutedopacity=\"0.5\" data-placement=\"bottom\" data-placement-offset=\"0\" data-content-offset=\"262\" data-placement-touch=\"bottom\" data-placement-offset-touch=\"0\" data-transparent=\"\" data-shadow=\"0\" data-touch=\"1\" data-non-touch=\"1\" data-comments=\"0\" data-commentsbg=\"transparent\" data-location=\"page\" data-mutedfg=\"#006d91\" data-endfg=\"#006d91\" data-rtl=\"\">\n<p class=\"wp-block-paragraph\">O ex-vereador e candidato ao Senado por Santa Catarina, Carlos Bolsonaro (PL-SC), visitou neste s\u00e1bado (29) o pai,\u00a0Jair Bolsonaro\u00a0(PL), em sua resid\u00eancia em Bras\u00edlia onde cumpre pris\u00e3o domiciliar. O pol\u00edtico chamou a situa\u00e7\u00e3o de \u201cc\u00e1rcere\u201d pelo\u00a0cumprimento da pena de 27 anos e tr\u00eas meses\u00a0por supostamente liderar uma alegada tentativa de golpe de Estado ap\u00f3s as elei\u00e7\u00f5es de 2022.<\/p>\n<p class=\"wp-block-paragraph\">Em uma postagem nas redes sociais, Carlos Bolsonaro publicou uma imagem em que aparece com o pai e diz que levou a ele informa\u00e7\u00f5es e declara\u00e7\u00f5es de aliados e apoiadores.<\/p>\n<p class=\"wp-block-paragraph\">\u201cFique bem, porque precisamos de voc\u00ea bem para que n\u00f3s tamb\u00e9m fiquemos bem. Esse \u00e9 o acordo, e vamos cumpri-lo\u201d, disse o ex-vereador na mensagem.<\/p>\n<h4 class=\"wp-block-heading\">VEJA TAMB\u00c9M:<\/h4>\n<p class=\"wp-block-paragraph\">Na mesma mensagem, Carlos Bolsonaro diz que o pai mandou \u201cum baita abra\u00e7o\u201d a Santa Catarina, estado que ele concorrer\u00e1 ao Senado ap\u00f3s uma negocia\u00e7\u00e3o com o diret\u00f3rio regional do PL. O acordo provocou um racha no partido que lan\u00e7aria a deputada federal Caroline de Toni (PL) \u00e0 vaga, al\u00e9m de ter provocado fortes cr\u00edticas da deputada estadual Ana Campagnolo (PL-SC), que acabou levando uma cobran\u00e7a p\u00fablica do senador Fl\u00e1vio Bolsonaro (PL-RJ), candidato \u00e0 presid\u00eancia da Rep\u00fablica.<\/p>\n<p class=\"wp-block-paragraph\">Ainda na postagem sobre a visita, o ex-vereador afirmou que o pai vestia uma camisa do time Santa Cruz e que estava aparentemente bem, de acordo com uma imagem postada.<\/p>\n<h4 class=\"wp-block-heading\">VEJA TAMB\u00c9M:<\/h4>\n<p class=\"wp-block-paragraph\">Jair Bolsonaro est\u00e1 preso desde agosto do ano passado ap\u00f3s ser alvo de um mandado de pris\u00e3o preventiva emitido pelo ministro Alexandre de Moraes, do Supremo Tribunal Federal (STF), por supostamente influenciar nas investiga\u00e7\u00f5es que estavam em curso.<\/p>\n<p class=\"wp-block-paragraph\">Posteriormente \u00e0 condena\u00e7\u00e3o, ele foi levado \u00e0 Superintend\u00eancia da Pol\u00edcia Federal em Bras\u00edlia, depois ao 19\u00ba Batalh\u00e3o da Pol\u00edcia Militar no Complexo Penitenci\u00e1rio da Papuda e, em mar\u00e7o deste ano, \u00e0 pris\u00e3o domiciliar ap\u00f3s deixar o hospital em que passou por um tratamento de uma grave pneumonia adquirida no c\u00e1rcere.<\/p>\n<p class=\"wp-block-paragraph\"><strong><a href=\"https:\/\/www.gazetadopovo.com.br\/republica\/carlos-bolsonaro-visita-pai-pede-ex-presidente-fique-bem\/\">Cr\u00e9dito Gazeta do Povo<\/a><\/strong><\/p>\n<\/div>\n<p><br \/>\n<br \/><a href=\"https:\/\/paulofigueiredoshow.com\/carlos-bolsonaro-visita-o-pai-e-pede-que-ex-presidente-fique-bem\/\">Source link <\/a><\/p>","protected":false},"excerpt":{"rendered":"<p>O ex-vereador e candidato ao Senado por Santa Catarina, Carlos Bolsonaro (PL-SC), visitou neste s\u00e1bado (29) o pai,\u00a0Jair Bolsonaro\u00a0(PL), em sua resid\u00eancia em Bras\u00edlia onde cumpre pris\u00e3o domiciliar. O pol\u00edtico&hellip;<\/p>","protected":false},"author":1,"featured_media":128937,"comment_status":"closed","ping_status":"open","sticky":false,"template":"","format":"standard","meta":{"content-type":"","footnotes":""},"categories":[16],"tags":[],"class_list":["post-141567","post","type-post","status-publish","format-standard","has-post-thumbnail","hentry","category-noticias"],"_links":{"self":[{"href":"https:\/\/tvbrazilusa.com\/pt\/wp-json\/wp\/v2\/posts\/141567","targetHints":{"allow":["GET"]}}],"collection":[{"href":"https:\/\/tvbrazilusa.com\/pt\/wp-json\/wp\/v2\/posts"}],"about":[{"href":"https:\/\/tvbrazilusa.com\/pt\/wp-json\/wp\/v2\/types\/post"}],"author":[{"embeddable":true,"href":"https:\/\/tvbrazilusa.com\/pt\/wp-json\/wp\/v2\/users\/1"}],"replies":[{"embeddable":true,"href":"https:\/\/tvbrazilusa.com\/pt\/wp-json\/wp\/v2\/comments?post=141567"}],"version-history":[{"count":1,"href":"https:\/\/tvbrazilusa.com\/pt\/wp-json\/wp\/v2\/posts\/141567\/revisions"}],"predecessor-version":[{"id":141568,"href":"https:\/\/tvbrazilusa.com\/pt\/wp-json\/wp\/v2\/posts\/141567\/revisions\/141568"}],"wp:featuredmedia":[{"embeddable":true,"href":"https:\/\/tvbrazilusa.com\/pt\/wp-json\/wp\/v2\/media\/128937"}],"wp:attachment":[{"href":"https:\/\/tvbrazilusa.com\/pt\/wp-json\/wp\/v2\/media?parent=141567"}],"wp:term":[{"taxonomy":"category","embeddable":true,"href":"https:\/\/tvbrazilusa.com\/pt\/wp-json\/wp\/v2\/categories?post=141567"},{"taxonomy":"post_tag","embeddable":true,"href":"https:\/\/tvbrazilusa.com\/pt\/wp-json\/wp\/v2\/tags?post=141567"}],"curies":[{"name":"wp","href":"https:\/\/api.w.org\/{rel}","templated":true}]}}