{"id":141569,"date":"2026-08-31T23:37:28","date_gmt":"2026-08-31T23:37:28","guid":{"rendered":"https:\/\/tvbrazilusa.com\/2026\/08\/31\/lei-rouanet-aprovou-r-336-mil-para-projeto-de-socia-lulinha\/"},"modified":"2026-08-31T23:41:28","modified_gmt":"2026-08-31T23:41:28","slug":"lei-rouanet-aprovou-r-336-mil-para-projeto-de-socia-lulinha","status":"publish","type":"post","link":"https:\/\/tvbrazilusa.com\/pt\/2026\/08\/31\/lei-rouanet-aprovou-r-336-mil-para-projeto-de-socia-lulinha\/","title":{"rendered":"Lei Rouanet aprovou R$ 336 mil para projeto de s\u00f3cia Lulinha"},"content":{"rendered":"<p> <script async src=\"https:\/\/pagead2.googlesyndication.com\/pagead\/js\/adsbygoogle.js?client=ca-pub-8864793242727901\"\r\n     crossorigin=\"anonymous\"><\/script><br \/>\n<\/p>\n<div id=\"cd-article-content\" itemprop=\"articleBody\">\n<p class=\"wp-block-paragraph\">A <a href=\"https:\/\/claudiodantas.com.br\/tag\/lei-rouanet\/\" data-type=\"post_tag\" data-id=\"1428\">Lei Rouanet <\/a>autorizou, em 2015, a capta\u00e7\u00e3o de R$ 336.085 para um projeto ligado a<a href=\"https:\/\/claudiodantas.com.br\/tag\/roberta-luchsinger\/\" data-type=\"post_tag\" data-id=\"13782\"> Roberta Moreira Luchsinger<\/a>, atualmente investigada pela <a href=\"https:\/\/www.gov.br\/pf\/pt-br\" target=\"_blank\" rel=\"noopener\">Pol\u00edcia Federal (PF) <\/a>por suspeitas de tr\u00e1fico de influ\u00eancia e corrup\u00e7\u00e3o em neg\u00f3cios privados envolvendo \u00f3rg\u00e3os do governo Lula (PT). As informa\u00e7\u00f5es s\u00e3o da revista <em>Veja<\/em>. <\/p>\n<p><a href=\"https:\/\/whatsapp.com\/channel\/0029VaTFkH2HVvTbkE883x1x\" target=\"_blank\" class=\"whatsapp-channel-message\" rel=\"noopener\">\u2705 Siga o canal do Claudio Dantas no WhatsApp<\/a><\/p>\n<p class=\"wp-block-paragraph\">O projeto, apresentado durante o governo Dilma Rousseff (PT), previa a publica\u00e7\u00e3o de um livro de arte intitulado \u201cGastronomia em Verso e Prosa\u201d. A proposta pretendia combinar receitas, poesia e ensaios fotogr\u00e1ficos, com foco em alimenta\u00e7\u00e3o saud\u00e1vel.<\/p>\n<p class=\"wp-block-paragraph\">Apesar da autoriza\u00e7\u00e3o para buscar os recursos, o dinheiro n\u00e3o chegou a ser utilizado. Segundo os registros oficiais, a proponente n\u00e3o conseguiu captar o valor necess\u00e1rio junto a patrocinadores dentro do prazo estabelecido, encerrado entre novembro e dezembro de 2015. O processo acabou arquivado.<\/p>\n<p class=\"wp-block-paragraph\">O resumo publicado no Di\u00e1rio Oficial da Uni\u00e3o descrevia a proposta como uma obra destinada a \u201cunir poesia, gastronomia e fotografia\u201d. A publica\u00e7\u00e3o tamb\u00e9m afirmava que as receitas seriam apresentadas de maneira po\u00e9tica e acompanhadas de fotografias.<\/p>\n<p class=\"wp-block-paragraph\">Na \u00e9poca, Luchsinger tamb\u00e9m se dedicava \u00e0 gastronomia em S\u00e3o Paulo. Entre 2013 e 2015, ela divulgava aulas particulares sobre o tema ap\u00f3s afirmar ter perdido 35 quilos sem cirurgia ou medicamentos.<\/p>\n<figure class=\"wp-block-image\"><figcaption class=\"wp-element-caption\">O resumo publicado no Di\u00e1rio Oficial da Uni\u00e3o descrevia a proposta como uma obra destinada a \u201cunir poesia, gastronomia e fotografia. (DOU\/Reprodu\u00e7\u00e3o)<\/figcaption><\/figure>\n<p class=\"wp-block-paragraph\"><strong>Investiga\u00e7\u00e3o da PF<\/strong><\/p>\n<p class=\"wp-block-paragraph\">A autoriza\u00e7\u00e3o obtida pela Lei Rouanet h\u00e1 11 anos ganhou novo contexto diante da investiga\u00e7\u00e3o atual da Pol\u00edcia Federal sobre a atua\u00e7\u00e3o de Luchsinger.<\/p>\n<p class=\"wp-block-paragraph\">Segundo a investiga\u00e7\u00e3o, a empres\u00e1ria mantinha uma sociedade com F\u00e1bio Lu\u00eds Lula da Silva, o Lulinha, e Fernando Bittar para intermediar interesses privados junto ao governo federal.<\/p>\n<p class=\"wp-block-paragraph\">Os investigadores apontaram a exist\u00eancia de um n\u00facleo de atua\u00e7\u00e3o envolvendo os tr\u00eas. Segundo a conclus\u00e3o registrada pelos delegados, o grupo atuaria de forma coordenada na interlocu\u00e7\u00e3o de interesses privados perante \u00f3rg\u00e3os da administra\u00e7\u00e3o p\u00fablica.<\/p>\n<p class=\"wp-block-paragraph\">Mensagens obtidas durante a investiga\u00e7\u00e3o tamb\u00e9m registram conversas em que Luchsinger menciona sua proximidade com Lula. Em uma delas, afirma ter sido convidada pelo presidente a escolher um cargo no governo, mas diz ter recusado a possibilidade para permanecer na sociedade com Lulinha e Bittar.<\/p>\n<p class=\"wp-block-paragraph\">Lula negou recentemente ter oferecido um cargo \u00e0 empres\u00e1ria e a classificou como \u201cpilantra\u201d.<\/p>\n<p class=\"wp-block-paragraph\"><strong>Interlocu\u00e7\u00e3o no Minist\u00e9rio da Sa\u00fade<\/strong><\/p>\n<p class=\"wp-block-paragraph\">A investiga\u00e7\u00e3o tamb\u00e9m identificou movimenta\u00e7\u00f5es para aproximar Luchsinger de integrantes do Minist\u00e9rio da Sa\u00fade. Segundo a PF, Lulinha teria atuado para viabilizar uma reuni\u00e3o entre a empres\u00e1ria e Swedenberger Barbosa, ent\u00e3o secret\u00e1rio-executivo da pasta.<\/p>\n<p class=\"wp-block-paragraph\">Em uma mensagem enviada a Lulinha em mar\u00e7o de 2024, Luchsinger afirmou: \u201cPrecisamos 100% do Berge\u201d.<\/p>\n<p class=\"wp-block-paragraph\">Ap\u00f3s o encontro, segundo a investiga\u00e7\u00e3o, a empres\u00e1ria recebeu uma minuta relacionada \u00e0 autoriza\u00e7\u00e3o para produ\u00e7\u00e3o de medicamentos \u00e0 base de canabidiol.<\/p>\n<p class=\"wp-block-paragraph\">No mesmo per\u00edodo, Luchsinger realizou pagamentos em benef\u00edcio de Marcola, ex-assessor com acesso direto ao presidente Lula. Entre fevereiro e novembro de 2024, foram R$ 217 mil em despesas, incluindo faturas de cart\u00e3o, seguro, financiamento de ve\u00edculo e a compra de joias.<\/p>\n<p class=\"wp-block-paragraph\">Marcola afirma que os pagamentos fizeram parte de um empr\u00e9stimo posteriormente quitado. Luchsinger tamb\u00e9m sustenta essa vers\u00e3o. Ele n\u00e3o \u00e9 investigado no caso, segundo as informa\u00e7\u00f5es dispon\u00edveis.<\/p>\n<\/div>\n<p><script>!function(f,b,e,v,n,t,s){if(f.fbq)return;n=f.fbq=function(){n.callMethod?n.callMethod.apply(n,arguments):n.queue.push(arguments)};if(!f._fbq)f._fbq=n;n.push=n;n.loaded=!0;n.version='2.0';n.queue=[];t=b.createElement(e);t.async=!0;t.src=v;s=b.getElementsByTagName(e)[0];s.parentNode.insertBefore(t,s)}(window,document,'script','https:\/\/connect.facebook.net\/en_US\/fbevents.js');fbq('init','1423865622537930');fbq('track','PageView');<\/script><br \/>\n<br \/><br \/>\n<br \/><a href=\"https:\/\/claudiodantas.com.br\/lei-rouanet-aprovou-r-336-mil-socia-lulinha\/\">Source link <\/a><\/p>","protected":false},"excerpt":{"rendered":"<p>A Lei Rouanet autorizou, em 2015, a capta\u00e7\u00e3o de R$ 336.085 para um projeto ligado a Roberta Moreira Luchsinger, atualmente investigada pela Pol\u00edcia Federal (PF) por suspeitas de tr\u00e1fico de&hellip;<\/p>","protected":false},"author":1,"featured_media":141570,"comment_status":"closed","ping_status":"open","sticky":false,"template":"","format":"standard","meta":{"content-type":"","footnotes":""},"categories":[16],"tags":[],"class_list":["post-141569","post","type-post","status-publish","format-standard","has-post-thumbnail","hentry","category-noticias"],"_links":{"self":[{"href":"https:\/\/tvbrazilusa.com\/pt\/wp-json\/wp\/v2\/posts\/141569","targetHints":{"allow":["GET"]}}],"collection":[{"href":"https:\/\/tvbrazilusa.com\/pt\/wp-json\/wp\/v2\/posts"}],"about":[{"href":"https:\/\/tvbrazilusa.com\/pt\/wp-json\/wp\/v2\/types\/post"}],"author":[{"embeddable":true,"href":"https:\/\/tvbrazilusa.com\/pt\/wp-json\/wp\/v2\/users\/1"}],"replies":[{"embeddable":true,"href":"https:\/\/tvbrazilusa.com\/pt\/wp-json\/wp\/v2\/comments?post=141569"}],"version-history":[{"count":1,"href":"https:\/\/tvbrazilusa.com\/pt\/wp-json\/wp\/v2\/posts\/141569\/revisions"}],"predecessor-version":[{"id":141571,"href":"https:\/\/tvbrazilusa.com\/pt\/wp-json\/wp\/v2\/posts\/141569\/revisions\/141571"}],"wp:featuredmedia":[{"embeddable":true,"href":"https:\/\/tvbrazilusa.com\/pt\/wp-json\/wp\/v2\/media\/141570"}],"wp:attachment":[{"href":"https:\/\/tvbrazilusa.com\/pt\/wp-json\/wp\/v2\/media?parent=141569"}],"wp:term":[{"taxonomy":"category","embeddable":true,"href":"https:\/\/tvbrazilusa.com\/pt\/wp-json\/wp\/v2\/categories?post=141569"},{"taxonomy":"post_tag","embeddable":true,"href":"https:\/\/tvbrazilusa.com\/pt\/wp-json\/wp\/v2\/tags?post=141569"}],"curies":[{"name":"wp","href":"https:\/\/api.w.org\/{rel}","templated":true}]}}