{"id":141574,"date":"2026-08-31T23:53:23","date_gmt":"2026-08-31T23:53:23","guid":{"rendered":"https:\/\/tvbrazilusa.com\/2026\/08\/31\/defesa-renan-tse-mandado-seguranca-contra-decisao-toffoli\/"},"modified":"2026-08-31T23:53:31","modified_gmt":"2026-08-31T23:53:31","slug":"defesa-renan-tse-mandado-seguranca-contra-decisao-toffoli","status":"publish","type":"post","link":"https:\/\/tvbrazilusa.com\/pt\/2026\/08\/31\/defesa-renan-tse-mandado-seguranca-contra-decisao-toffoli\/","title":{"rendered":"Defesa Renan TSE mandado seguran\u00e7a contra decis\u00e3o Toffoli"},"content":{"rendered":"<script async src=\"https:\/\/pagead2.googlesyndication.com\/pagead\/js\/adsbygoogle.js?client=ca-pub-8864793242727901\"\r\n     crossorigin=\"anonymous\"><\/script>\n<div id=\"cd-article-content\" itemprop=\"articleBody\">\n<p class=\"wp-block-paragraph\">A <a href=\"https:\/\/claudiodantas.com.br\/tag\/renan-santos\/\" data-type=\"post_tag\" data-id=\"6871\">defesa de Renan Santos (Miss\u00e3o)<\/a> afirmou nesta segunda-feira (31) que uma falha no sistema do <a href=\"https:\/\/www.tse.jus.br\/\" target=\"_blank\" rel=\"noopener\">Tribunal Superior Eleitoral (TSE)<\/a> provocou o atraso no cadastro de perfis usados pela campanha presidencial. O advogado Arthur Rollo classificou como \u201cteratol\u00f3gica e manifestamente ilegal\u201d a decis\u00e3o do ministro Dias Toffoli que suspendeu parte da campanha e anunciou um mandado de seguran\u00e7a para tentar revert\u00ea-la.<\/p>\n<p><a href=\"https:\/\/whatsapp.com\/channel\/0029VaTFkH2HVvTbkE883x1x\" target=\"_blank\" class=\"whatsapp-channel-message\" rel=\"noopener\">\u2705 Siga o canal do Claudio Dantas no WhatsApp<\/a><\/p>\n<p class=\"wp-block-paragraph\">Segundo Rollo, os perfis foram informados de boa-f\u00e9 pela equipe e o problema ocorreu durante o procedimento de cadastro das redes sociais. A defesa afirma ainda ter tr\u00eas pareceres da Procuradoria-Geral Eleitoral favor\u00e1veis ao registro da candidatura.<\/p>\n<p class=\"wp-block-paragraph\">\u201cE a gente informou todos os perfis de boa-f\u00e9, porque quem est\u00e1 de m\u00e1-f\u00e9 n\u00e3o informa perfil. Foi uma falha no sistema, mas, de qualquer forma, tamb\u00e9m foi a boa-f\u00e9 de indicar as redes sociais\u201d, disse o advogado.<\/p>\n<p class=\"wp-block-paragraph\">Rollo tamb\u00e9m questionou a utiliza\u00e7\u00e3o do poder de pol\u00edcia para restringir a propaganda eleitoral. Durante a coletiva, citou o artigo 41 da Lei das Elei\u00e7\u00f5es, que estabelece limites para o cerceamento da propaganda.<\/p>\n<p class=\"wp-block-paragraph\">\u201cO artigo 41, caput, da Lei 9.504\/97 diz que a propaganda n\u00e3o pode ser cerceada sob a alega\u00e7\u00e3o de poder de pol\u00edcia. E o par\u00e1grafo 2\u00ba da mesma lei diz que o poder de pol\u00edcia se restringe \u00e0s provid\u00eancias necess\u00e1rias para inibir pr\u00e1ticas ilegais, vedada a censura pr\u00e9via\u201d, afirmou.<\/p>\n<p class=\"wp-block-paragraph\"><strong>Defesa vai ao TSE<\/strong><\/p>\n<p class=\"wp-block-paragraph\">A decis\u00e3o de Toffoli suspendeu a propaganda eleitoral de Renan em perfis digitais n\u00e3o informados tempestivamente \u00e0 Justi\u00e7a Eleitoral, interrompeu repasses e gastos com recursos do Fundo Especial de Financiamento de Campanha (FEFC) e proibiu o candidato de participar de debates em r\u00e1dio, televis\u00e3o, podcasts e outros meios.<\/p>\n<p class=\"wp-block-paragraph\">\u201cN\u00f3s temos tr\u00eas pareceres da Procuradoria-Geral Eleitoral pelo deferimento do registro da candidatura. O Minist\u00e9rio P\u00fablico Eleitoral, l\u00e1 no TSE, disse o seguinte: est\u00e3o preenchidos todos os requisitos, n\u00e3o existem inelegibilidades\u201d, disse Rollo.<\/p>\n<p class=\"wp-block-paragraph\">O advogado afirmou que o mandado de seguran\u00e7a ser\u00e1 apresentado ainda nesta segunda-feira (31) e que a defesa buscar\u00e1 uma liminar para derrubar as restri\u00e7\u00f5es.<\/p>\n<p class=\"wp-block-paragraph\">Renan tamb\u00e9m contestou a decis\u00e3o e atribuiu o atraso no cadastro a problemas t\u00e9cnicos. Segundo ele, a campanha havia comunicado o TSE sobre dificuldades no sistema antes do registro da candidatura.<\/p>\n<p class=\"wp-block-paragraph\">\u201cCentenas de candidatos passaram por esse mesmo problema. Um sistema novo que foi implementado n\u00e3o deveria servir de subterf\u00fagio para que um juiz saia ca\u00e7ando candidaturas, como ele est\u00e1 fazendo\u201d, afirmou.<\/p>\n<p class=\"wp-block-paragraph\">A decis\u00e3o de Toffoli apontou que 16 perfis foram informados somente em 19 de agosto, 12 dias ap\u00f3s o pedido de registro apresentado em 7 de agosto. Um deles tinha cerca de 2,4 milh\u00f5es de seguidores. Para o ministro, a omiss\u00e3o poderia comprometer a fiscaliza\u00e7\u00e3o da propaganda e a igualdade entre os candidatos.<\/p>\n<\/div>\n<p><script>!function(f,b,e,v,n,t,s){if(f.fbq)return;n=f.fbq=function(){n.callMethod?n.callMethod.apply(n,arguments):n.queue.push(arguments)};if(!f._fbq)f._fbq=n;n.push=n;n.loaded=!0;n.version='2.0';n.queue=[];t=b.createElement(e);t.async=!0;t.src=v;s=b.getElementsByTagName(e)[0];s.parentNode.insertBefore(t,s)}(window,document,'script','https:\/\/connect.facebook.net\/en_US\/fbevents.js');fbq('init','1423865622537930');fbq('track','PageView');<\/script><br \/>\n<br \/><br \/>\n<br \/><a href=\"https:\/\/claudiodantas.com.br\/defesa-renan-vai-tse-contra-decisao-toffoli\/\">Source link <\/a><\/p>","protected":false},"excerpt":{"rendered":"<p>A defesa de Renan Santos (Miss\u00e3o) afirmou nesta segunda-feira (31) que uma falha no sistema do Tribunal Superior Eleitoral (TSE) provocou o atraso no cadastro de perfis usados pela campanha&hellip;<\/p>","protected":false},"author":1,"featured_media":141575,"comment_status":"closed","ping_status":"open","sticky":false,"template":"","format":"standard","meta":{"content-type":"","footnotes":""},"categories":[16],"tags":[],"class_list":["post-141574","post","type-post","status-publish","format-standard","has-post-thumbnail","hentry","category-noticias"],"_links":{"self":[{"href":"https:\/\/tvbrazilusa.com\/pt\/wp-json\/wp\/v2\/posts\/141574","targetHints":{"allow":["GET"]}}],"collection":[{"href":"https:\/\/tvbrazilusa.com\/pt\/wp-json\/wp\/v2\/posts"}],"about":[{"href":"https:\/\/tvbrazilusa.com\/pt\/wp-json\/wp\/v2\/types\/post"}],"author":[{"embeddable":true,"href":"https:\/\/tvbrazilusa.com\/pt\/wp-json\/wp\/v2\/users\/1"}],"replies":[{"embeddable":true,"href":"https:\/\/tvbrazilusa.com\/pt\/wp-json\/wp\/v2\/comments?post=141574"}],"version-history":[{"count":1,"href":"https:\/\/tvbrazilusa.com\/pt\/wp-json\/wp\/v2\/posts\/141574\/revisions"}],"predecessor-version":[{"id":141576,"href":"https:\/\/tvbrazilusa.com\/pt\/wp-json\/wp\/v2\/posts\/141574\/revisions\/141576"}],"wp:featuredmedia":[{"embeddable":true,"href":"https:\/\/tvbrazilusa.com\/pt\/wp-json\/wp\/v2\/media\/141575"}],"wp:attachment":[{"href":"https:\/\/tvbrazilusa.com\/pt\/wp-json\/wp\/v2\/media?parent=141574"}],"wp:term":[{"taxonomy":"category","embeddable":true,"href":"https:\/\/tvbrazilusa.com\/pt\/wp-json\/wp\/v2\/categories?post=141574"},{"taxonomy":"post_tag","embeddable":true,"href":"https:\/\/tvbrazilusa.com\/pt\/wp-json\/wp\/v2\/tags?post=141574"}],"curies":[{"name":"wp","href":"https:\/\/api.w.org\/{rel}","templated":true}]}}