{"id":141579,"date":"2026-09-01T00:01:37","date_gmt":"2026-09-01T00:01:37","guid":{"rendered":"https:\/\/tvbrazilusa.com\/2026\/09\/01\/damares-aciona-mpe-contra-lula-e-ministro-da-cgu-13-urna\/"},"modified":"2026-09-01T00:07:35","modified_gmt":"2026-09-01T00:07:35","slug":"damares-aciona-mpe-contra-lula-e-ministro-da-cgu-13-urna","status":"publish","type":"post","link":"https:\/\/tvbrazilusa.com\/pt\/2026\/09\/01\/damares-aciona-mpe-contra-lula-e-ministro-da-cgu-13-urna\/","title":{"rendered":"Damares aciona MPE contra Lula e ministro da CGU \u201c13\u201d urna"},"content":{"rendered":"<script async src=\"https:\/\/pagead2.googlesyndication.com\/pagead\/js\/adsbygoogle.js?client=ca-pub-8864793242727901\"\r\n     crossorigin=\"anonymous\"><\/script>\n<div id=\"cd-article-content\" itemprop=\"articleBody\">\n<p class=\"wp-block-paragraph\">A<a href=\"https:\/\/claudiodantas.com.br\/tag\/damares-alves\/\" data-type=\"post_tag\" data-id=\"189\"> senadora Damares Alves (Republicanos-DF)<\/a> acionou nesta segunda-feira (31) o Minist\u00e9rio P\u00fablico Eleitoral (MPE) contra o presidente Lula (PT) e o ministro da <a href=\"https:\/\/www.gov.br\/cgu\/pt-br\" target=\"_blank\" rel=\"noopener\">Controladoria-Geral da Uni\u00e3o (CGU)<\/a>, Vin\u00edcius Marques de Carvalho, por causa de um v\u00eddeo institucional que exibia o n\u00famero \u201c13\u201d em uma urna eletr\u00f4nica. A parlamentar pede investiga\u00e7\u00e3o por poss\u00edvel conduta vedada e uso da m\u00e1quina p\u00fablica em benef\u00edcio eleitoral.<\/p>\n<p><a href=\"https:\/\/whatsapp.com\/channel\/0029VaTFkH2HVvTbkE883x1x\" target=\"_blank\" class=\"whatsapp-channel-message\" rel=\"noopener\">\u2705 Siga o canal do Claudio Dantas no WhatsApp<\/a><\/p>\n<p class=\"wp-block-paragraph\">A representa\u00e7\u00e3o foi apresentada ap\u00f3s Damares j\u00e1 ter recorrido \u00e0 Justi\u00e7a Federal com uma a\u00e7\u00e3o popular sobre o epis\u00f3dio. Agora, a senadora quer que o MPE apure o caso na esfera eleitoral e, se entender cab\u00edvel, leve a quest\u00e3o ao Tribunal Superior Eleitoral (TSE).<\/p>\n<p class=\"wp-block-paragraph\">No documento, Damares sustenta que a produ\u00e7\u00e3o e divulga\u00e7\u00e3o do material utilizaram recursos e estrutura do Poder Executivo para veicular uma sequ\u00eancia num\u00e9rica associada ao partido de Lula durante o per\u00edodo eleitoral.<\/p>\n<p class=\"wp-block-paragraph\">\u201cO aparato do \u00f3rg\u00e3o central de controle interno da Administra\u00e7\u00e3o P\u00fablica Federal foi empregado para conceber e disseminar pe\u00e7a de comunica\u00e7\u00e3o governamental contendo inser\u00e7\u00e3o subliminar e direta do n\u00famero de candidatura do mandat\u00e1rio do Poder Executivo\u201d, afirma a representa\u00e7\u00e3o.<\/p>\n<p class=\"wp-block-paragraph\">Para a senadora, a conduta pode ter provocado desequil\u00edbrio na disputa eleitoral e caracterizar desvio de finalidade da publicidade institucional.<\/p>\n<p class=\"wp-block-paragraph\"><strong>V\u00eddeo foi retirado<\/strong><\/p>\n<p class=\"wp-block-paragraph\">O material mostrava uma simula\u00e7\u00e3o de urna eletr\u00f4nica na qual uma m\u00e3o digitava as teclas \u201c1\u201d e \u201c3\u201d. A pe\u00e7a chegou a ser compartilhada no \u00e2mbito de uma parceria com a Justi\u00e7a Eleitoral, mas a Secretaria de Comunica\u00e7\u00e3o do TSE identificou o problema e determinou a retirada do conte\u00fado.<\/p>\n<p class=\"wp-block-paragraph\">A CGU apagou a publica\u00e7\u00e3o e informou que o v\u00eddeo seria reeditado. Segundo o \u00f3rg\u00e3o, a imagem utilizada havia sido obtida de um banco comercial e tinha finalidade exclusivamente ilustrativa.<\/p>\n<p class=\"wp-block-paragraph\">Damares, por\u00e9m, pede que o MPE investigue como a imagem foi escolhida e quem participou da produ\u00e7\u00e3o e aprova\u00e7\u00e3o do material. A representa\u00e7\u00e3o tamb\u00e9m solicita informa\u00e7\u00f5es sobre eventual empresa contratada, custos da produ\u00e7\u00e3o, alcance da publica\u00e7\u00e3o e poss\u00edvel impulsionamento pago nas redes sociais.<\/p>\n<p class=\"wp-block-paragraph\">A senadora requer a abertura de procedimento investigat\u00f3rio para apurar a eventual responsabilidade dos envolvidos. Entre as medidas defendidas est\u00e1 a ado\u00e7\u00e3o das provid\u00eancias eleitorais cab\u00edveis contra Lula e o ministro da CGU.<\/p>\n<p class=\"wp-block-paragraph\">A parlamentar tamb\u00e9m pede que sejam analisados poss\u00edveis atos de improbidade relacionados \u00e0 utiliza\u00e7\u00e3o da estrutura p\u00fablica na produ\u00e7\u00e3o e divulga\u00e7\u00e3o do conte\u00fado.<\/p>\n<\/div>\n<p><script>!function(f,b,e,v,n,t,s){if(f.fbq)return;n=f.fbq=function(){n.callMethod?n.callMethod.apply(n,arguments):n.queue.push(arguments)};if(!f._fbq)f._fbq=n;n.push=n;n.loaded=!0;n.version='2.0';n.queue=[];t=b.createElement(e);t.async=!0;t.src=v;s=b.getElementsByTagName(e)[0];s.parentNode.insertBefore(t,s)}(window,document,'script','https:\/\/connect.facebook.net\/en_US\/fbevents.js');fbq('init','1423865622537930');fbq('track','PageView');<\/script><br \/>\n<br \/><br \/>\n<br \/><a href=\"https:\/\/claudiodantas.com.br\/damares-aciona-mpe-contra-lula-e-ministro-cgu\/\">Source link <\/a><\/p>","protected":false},"excerpt":{"rendered":"<p>A senadora Damares Alves (Republicanos-DF) acionou nesta segunda-feira (31) o Minist\u00e9rio P\u00fablico Eleitoral (MPE) contra o presidente Lula (PT) e o ministro da Controladoria-Geral da Uni\u00e3o (CGU), Vin\u00edcius Marques de&hellip;<\/p>","protected":false},"author":1,"featured_media":141580,"comment_status":"closed","ping_status":"open","sticky":false,"template":"","format":"standard","meta":{"content-type":"","footnotes":""},"categories":[16],"tags":[],"class_list":["post-141579","post","type-post","status-publish","format-standard","has-post-thumbnail","hentry","category-noticias"],"_links":{"self":[{"href":"https:\/\/tvbrazilusa.com\/pt\/wp-json\/wp\/v2\/posts\/141579","targetHints":{"allow":["GET"]}}],"collection":[{"href":"https:\/\/tvbrazilusa.com\/pt\/wp-json\/wp\/v2\/posts"}],"about":[{"href":"https:\/\/tvbrazilusa.com\/pt\/wp-json\/wp\/v2\/types\/post"}],"author":[{"embeddable":true,"href":"https:\/\/tvbrazilusa.com\/pt\/wp-json\/wp\/v2\/users\/1"}],"replies":[{"embeddable":true,"href":"https:\/\/tvbrazilusa.com\/pt\/wp-json\/wp\/v2\/comments?post=141579"}],"version-history":[{"count":1,"href":"https:\/\/tvbrazilusa.com\/pt\/wp-json\/wp\/v2\/posts\/141579\/revisions"}],"predecessor-version":[{"id":141581,"href":"https:\/\/tvbrazilusa.com\/pt\/wp-json\/wp\/v2\/posts\/141579\/revisions\/141581"}],"wp:featuredmedia":[{"embeddable":true,"href":"https:\/\/tvbrazilusa.com\/pt\/wp-json\/wp\/v2\/media\/141580"}],"wp:attachment":[{"href":"https:\/\/tvbrazilusa.com\/pt\/wp-json\/wp\/v2\/media?parent=141579"}],"wp:term":[{"taxonomy":"category","embeddable":true,"href":"https:\/\/tvbrazilusa.com\/pt\/wp-json\/wp\/v2\/categories?post=141579"},{"taxonomy":"post_tag","embeddable":true,"href":"https:\/\/tvbrazilusa.com\/pt\/wp-json\/wp\/v2\/tags?post=141579"}],"curies":[{"name":"wp","href":"https:\/\/api.w.org\/{rel}","templated":true}]}}