{"id":141605,"date":"2026-09-01T11:22:00","date_gmt":"2026-09-01T11:22:00","guid":{"rendered":"https:\/\/tvbrazilusa.com\/2026\/09\/01\/tse-decide-hoje-regras-para-uso-de-deepfakes-nas-campanhas\/"},"modified":"2026-09-01T11:34:26","modified_gmt":"2026-09-01T11:34:26","slug":"tse-decide-hoje-regras-para-uso-de-deepfakes-nas-campanhas","status":"publish","type":"post","link":"https:\/\/tvbrazilusa.com\/pt\/2026\/09\/01\/tse-decide-hoje-regras-para-uso-de-deepfakes-nas-campanhas\/","title":{"rendered":"TSE decide hoje regras para uso de &#8216;deepfakes&#8217; nas campanhas"},"content":{"rendered":"<script async src=\"https:\/\/pagead2.googlesyndication.com\/pagead\/js\/adsbygoogle.js?client=ca-pub-8864793242727901\"\r\n     crossorigin=\"anonymous\"><\/script>\n<div id=\"cd-article-content\" itemprop=\"articleBody\">\n<p class=\"wp-block-paragraph\">O <strong><a href=\"https:\/\/www.tse.jus.br\/\" target=\"_blank\" rel=\"noopener\">Tribunal Superior Eleitoral (TSE) <\/a><\/strong>deve definir na noite desta ter\u00e7a-feira (01) como as <strong><a href=\"https:\/\/claudiodantas.com.br\/tag\/campanhas\/\" data-type=\"post_tag\" data-id=\"3650\">campanhas<\/a><\/strong> poder\u00e3o utilizar <strong><a href=\"https:\/\/claudiodantas.com.br\/tag\/deepfakes\/\" data-type=\"post_tag\" data-id=\"17110\">\u2018deepfakes\u2019<\/a><\/strong> nas <strong><a href=\"https:\/\/www.tse.jus.br\/eleicoes\/eleicoes-2026\" target=\"_blank\" rel=\"noopener\">elei\u00e7\u00f5es<\/a><\/strong> deste ano. A tecnologia de <strong>intelig\u00eancia artificial (IA)<\/strong> permite criar ou modificar v\u00eddeos, \u00e1udios e imagens de forma realista.<\/p>\n<p><a href=\"https:\/\/whatsapp.com\/channel\/0029VaTFkH2HVvTbkE883x1x\" target=\"_blank\" class=\"whatsapp-channel-message\" rel=\"noopener\">\u2705 Siga o canal do Claudio Dantas no WhatsApp<\/a><\/p>\n<p class=\"wp-block-paragraph\">A resolu\u00e7\u00e3o eleitoral aprovada neste ano pro\u00edbe, para favorecer ou prejudicar candidaturas, conte\u00fados sint\u00e9ticos em \u00e1udio ou v\u00eddeo produzidos ou manipulados digitalmente para criar, substituir ou modificar a imagem ou a voz de pessoas vivas, mortas ou fict\u00edcias.<\/p>\n<p class=\"wp-block-paragraph\">A restri\u00e7\u00e3o vale mesmo quando h\u00e1 autoriza\u00e7\u00e3o da pessoa retratada ou cuja voz foi reproduzida. A interpreta\u00e7\u00e3o da regra, por\u00e9m, gerou diverg\u00eancias entre as campanhas, que passaram a defender a possibilidade de \u2018deepfake do bem\u2019, para beneficiar um candidato.<\/p>\n<p class=\"wp-block-paragraph\">O debate chegou ao TSE ap\u00f3s a Federa\u00e7\u00e3o Brasil da Esperan\u00e7a, formada por PT, PCdoB e PV, partir para cima de um v\u00eddeo produzido com IA que utilizava a imagem do ex-presidente Jair Bolsonaro (PL). A grava\u00e7\u00e3o foi exibida durante a conven\u00e7\u00e3o do PL que confirmou o senador Fl\u00e1vio Bolsonaro (PL-RJ) como candidato do partido \u00e0 Presid\u00eancia.<\/p>\n<p class=\"wp-block-paragraph\">No v\u00eddeo, a representa\u00e7\u00e3o de Bolsonaro afirma estar \u201cpreso e calado por uma decis\u00e3o arbitr\u00e1ria\u201d, declara que \u201cnenhuma pris\u00e3o vai calar o sentimento de esperan\u00e7a\u201d e pede que os apoiadores recebam Fl\u00e1vio \u201cde bra\u00e7os abertos\u201d como candidato \u00e0 Presid\u00eancia.<\/p>\n<p class=\"wp-block-paragraph\">A defesa de Fl\u00e1vio argumentou ao TSE que n\u00e3o houve viola\u00e7\u00e3o da legisla\u00e7\u00e3o eleitoral porque o uso de IA foi informado ao p\u00fablico. Segundo os advogados, o material n\u00e3o simulou a presen\u00e7a f\u00edsica de Bolsonaro, uma transmiss\u00e3o ao vivo ou uma grava\u00e7\u00e3o aut\u00eantica do ex-presidente.<\/p>\n<p class=\"wp-block-paragraph\">A defesa tamb\u00e9m sustenta que o v\u00eddeo n\u00e3o se enquadra no conceito de deepfake adotado pela Justi\u00e7a Eleitoral. Para os advogados, o recurso seria semelhante ao uso de m\u00e1scaras, bonecos e outros instrumentos de representa\u00e7\u00e3o empregados historicamente em campanhas pol\u00edticas.<\/p>\n<p class=\"wp-block-paragraph\">Segundo a argumenta\u00e7\u00e3o apresentada ao tribunal, houve apenas a cria\u00e7\u00e3o de um \u201cboneco tecnol\u00f3gico\u201d, com avisos sobre o uso de IA e sem inten\u00e7\u00e3o de induzir o p\u00fablico ao erro.<\/p>\n<p class=\"wp-block-paragraph\">O caso divide os ministros do TSE. Uma ala entende que o material deve ser punido com multa por se enquadrar como deepfake e poder levar parte do p\u00fablico a acreditar que a manifesta\u00e7\u00e3o era aut\u00eantica. Outra corrente considera que n\u00e3o h\u00e1 motivo para puni\u00e7\u00e3o porque o v\u00eddeo foi apresentado em um evento partid\u00e1rio fechado, voltado principalmente a convencionais e filiados.<\/p>\n<p class=\"wp-block-paragraph\">O entendimento da Corte tamb\u00e9m vem sendo constru\u00eddo em outros processos envolvendo IA. Em a\u00e7\u00f5es anteriores, o ministro Andr\u00e9 Mendon\u00e7a negou provisoriamente pedidos da Federa\u00e7\u00e3o formada por PT\/PCdoB\/PV para retirar conte\u00fados produzidos com intelig\u00eancia artificial e apresentou sua interpreta\u00e7\u00e3o sobre o tema.<\/p>\n<p class=\"wp-block-paragraph\">Para Mendon\u00e7a, a utiliza\u00e7\u00e3o de montagem ou recurso visual artificial n\u00e3o caracteriza, por si s\u00f3, uma irregularidade eleitoral. O ministro avaliou que, embora ferramentas de edi\u00e7\u00e3o e gera\u00e7\u00e3o audiovisual possam aumentar a carga emocional de uma mensagem, a retirada \u201cprovisoriamente\u201d de um conte\u00fado exige demonstra\u00e7\u00e3o de que o uso da tecnologia \u201ctenha produzido falsidade objetiva, manipula\u00e7\u00e3o fraudulenta da realidade ou descontextualiza\u00e7\u00e3o grave apta a induzir o eleitor em erro\u201d.<\/p>\n<blockquote class=\"wp-block-quote is-layout-flow wp-block-quote-is-layout-flow\">\n<p class=\"wp-block-paragraph\">\u201cEm ju\u00edzo preliminar, n\u00e3o se constata, com seguran\u00e7a suficiente, que o v\u00eddeo tenha descumprido o dever de identifica\u00e7\u00e3o do uso de intelig\u00eancia artificial ou que tenha produzido simula\u00e7\u00e3o fraudulenta de fala, ato ou conduta espec\u00edfica atribu\u00edda falsamente a pessoa determinada (deepfake). Tampouco se evidencia, de plano, que o emprego de IA tenha transformado fatos reais ou debatidos publicamente em fato notoriamente inver\u00eddico\u201d, afirmou em uma das a\u00e7\u00f5es.<\/p>\n<\/blockquote>\n<p class=\"wp-block-paragraph\">A ministra Estela Aranha adotou posi\u00e7\u00e3o diferente e votou pela remo\u00e7\u00e3o dos conte\u00fados analisados nesses processos. Em outra a\u00e7\u00e3o sobre IA, ela afirmou que a configura\u00e7\u00e3o de deepfake \u201cindepende da demonstra\u00e7\u00e3o de aptid\u00e3o concreta da manipula\u00e7\u00e3o para induzir o eleitor em erro, assim como n\u00e3o \u00e9 afastada pela indica\u00e7\u00e3o de que o conte\u00fado foi produzido mediante intelig\u00eancia artificial\u201d.<\/p>\n<p class=\"wp-block-paragraph\">Os julgamentos foram interrompidos ap\u00f3s pedidos de vista do presidente do TSE, Nunes Marques. A an\u00e1lise ficou pendente at\u00e9 que o plen\u00e1rio da Corte definisse uma orienta\u00e7\u00e3o sobre o uso da tecnologia nas elei\u00e7\u00f5es.<\/p>\n<p class=\"wp-block-paragraph\">Em outro processo, tamb\u00e9m relatado por Mendon\u00e7a, o ministro prop\u00f4s uma tese para definir deepfake como uma \u201crepresenta\u00e7\u00e3o artificial de pessoa real em situa\u00e7\u00e3o inexistente mediante\u201d.<\/p>\n<\/div>\n<p><script>!function(f,b,e,v,n,t,s){if(f.fbq)return;n=f.fbq=function(){n.callMethod?n.callMethod.apply(n,arguments):n.queue.push(arguments)};if(!f._fbq)f._fbq=n;n.push=n;n.loaded=!0;n.version='2.0';n.queue=[];t=b.createElement(e);t.async=!0;t.src=v;s=b.getElementsByTagName(e)[0];s.parentNode.insertBefore(t,s)}(window,document,'script','https:\/\/connect.facebook.net\/en_US\/fbevents.js');fbq('init','1423865622537930');fbq('track','PageView');<\/script><br \/>\n<br \/><br \/>\n<br \/><a href=\"https:\/\/claudiodantas.com.br\/tse-campanhas-usar-deepfakes-eleicoes\/\">Source link <\/a><\/p>","protected":false},"excerpt":{"rendered":"<p>O Tribunal Superior Eleitoral (TSE) deve definir na noite desta ter\u00e7a-feira (01) como as campanhas poder\u00e3o utilizar \u2018deepfakes\u2019 nas elei\u00e7\u00f5es deste ano. A tecnologia de intelig\u00eancia artificial (IA) permite criar&hellip;<\/p>","protected":false},"author":1,"featured_media":139878,"comment_status":"closed","ping_status":"open","sticky":false,"template":"","format":"standard","meta":{"content-type":"","footnotes":""},"categories":[16],"tags":[],"class_list":["post-141605","post","type-post","status-publish","format-standard","has-post-thumbnail","hentry","category-noticias"],"_links":{"self":[{"href":"https:\/\/tvbrazilusa.com\/pt\/wp-json\/wp\/v2\/posts\/141605","targetHints":{"allow":["GET"]}}],"collection":[{"href":"https:\/\/tvbrazilusa.com\/pt\/wp-json\/wp\/v2\/posts"}],"about":[{"href":"https:\/\/tvbrazilusa.com\/pt\/wp-json\/wp\/v2\/types\/post"}],"author":[{"embeddable":true,"href":"https:\/\/tvbrazilusa.com\/pt\/wp-json\/wp\/v2\/users\/1"}],"replies":[{"embeddable":true,"href":"https:\/\/tvbrazilusa.com\/pt\/wp-json\/wp\/v2\/comments?post=141605"}],"version-history":[{"count":1,"href":"https:\/\/tvbrazilusa.com\/pt\/wp-json\/wp\/v2\/posts\/141605\/revisions"}],"predecessor-version":[{"id":141606,"href":"https:\/\/tvbrazilusa.com\/pt\/wp-json\/wp\/v2\/posts\/141605\/revisions\/141606"}],"wp:featuredmedia":[{"embeddable":true,"href":"https:\/\/tvbrazilusa.com\/pt\/wp-json\/wp\/v2\/media\/139878"}],"wp:attachment":[{"href":"https:\/\/tvbrazilusa.com\/pt\/wp-json\/wp\/v2\/media?parent=141605"}],"wp:term":[{"taxonomy":"category","embeddable":true,"href":"https:\/\/tvbrazilusa.com\/pt\/wp-json\/wp\/v2\/categories?post=141605"},{"taxonomy":"post_tag","embeddable":true,"href":"https:\/\/tvbrazilusa.com\/pt\/wp-json\/wp\/v2\/tags?post=141605"}],"curies":[{"name":"wp","href":"https:\/\/api.w.org\/{rel}","templated":true}]}}