{"id":141607,"date":"2026-09-01T11:48:00","date_gmt":"2026-09-01T11:48:00","guid":{"rendered":"https:\/\/tvbrazilusa.com\/2026\/09\/01\/oposicao-articula-esvaziamento-de-votacao-da-pec-da-6x1\/"},"modified":"2026-09-01T12:01:31","modified_gmt":"2026-09-01T12:01:31","slug":"oposicao-articula-esvaziamento-de-votacao-da-pec-da-6x1","status":"publish","type":"post","link":"https:\/\/tvbrazilusa.com\/pt\/2026\/09\/01\/oposicao-articula-esvaziamento-de-votacao-da-pec-da-6x1\/","title":{"rendered":"Oposi\u00e7\u00e3o articula esvaziamento de vota\u00e7\u00e3o da PEC da 6&#215;1"},"content":{"rendered":"<script async src=\"https:\/\/pagead2.googlesyndication.com\/pagead\/js\/adsbygoogle.js?client=ca-pub-8864793242727901\"\r\n     crossorigin=\"anonymous\"><\/script>\n<div id=\"cd-article-content\" itemprop=\"articleBody\">\n<p class=\"wp-block-paragraph\">Senadores da <strong><a href=\"https:\/\/claudiodantas.com.br\/tag\/oposicao\/\" data-type=\"post_tag\" data-id=\"59\">oposi\u00e7\u00e3o<\/a><\/strong> est\u00e3o articulando uma estrat\u00e9gia para tentar <strong>esvaziar<\/strong> a vota\u00e7\u00e3o da <strong><a href=\"https:\/\/www.camara.leg.br\/noticias\/573448-saiba-mais-sobre-a-tramitacao-de-pecs\/\" target=\"_blank\" rel=\"noopener\">PEC<\/a><\/strong> que pro\u00edbe a <strong><a href=\"https:\/\/claudiodantas.com.br\/tag\/escala-6x1\/\" data-type=\"post_tag\" data-id=\"4924\">escala 6\u00d71<\/a><\/strong>. A movimenta\u00e7\u00e3o \u00e9 liderada por parlamentares do <strong>PL<\/strong> e ocorre em meio \u00e0 tentativa de <strong><a href=\"https:\/\/claudiodantas.com.br\/tag\/lula\/\" data-type=\"link\" data-id=\"https:\/\/claudiodantas.com.br\/tag\/lula\/\">Lula (PT)<\/a><\/strong> de transformar a proposta em um ativo eleitoral na disputa pela reelei\u00e7\u00e3o, especialmente diante de seu desempenho ruim nas \u00faltimas pesquisas.<\/p>\n<p><a href=\"https:\/\/whatsapp.com\/channel\/0029VaTFkH2HVvTbkE883x1x\" target=\"_blank\" class=\"whatsapp-channel-message\" rel=\"noopener\">\u2705 Siga o canal do Claudio Dantas no WhatsApp<\/a><\/p>\n<p class=\"wp-block-paragraph\">A articula\u00e7\u00e3o, de acordo com o jornal O Globo, ainda \u00e9 informal. Parte dos senadores avalia que barrar a medida, que tem amplo apoio popular, pode gerar desgaste durante a campanha, sobretudo entre os parlamentares que tamb\u00e9m disputam a reelei\u00e7\u00e3o.<\/p>\n<p class=\"wp-block-paragraph\">Uma das estrat\u00e9gias discutidas \u00e9, segundo o jornal, \u201cpromover um movimento para que parlamentares faltem, impedindo a forma\u00e7\u00e3o de qu\u00f3rum para a vota\u00e7\u00e3o\u201d. Por se tratar de uma Proposta de Emenda \u00e0 Constitui\u00e7\u00e3o (PEC), a aprova\u00e7\u00e3o exige ao menos 49 votos favor\u00e1veis em dois turnos.<\/p>\n<p class=\"wp-block-paragraph\">Lideran\u00e7as da oposi\u00e7\u00e3o avaliam que \u201c\u00e9 preciso assegurar a presen\u00e7a de cerca 70 dos 81 senadores para que haja um respiro para a proposta avan\u00e7ar\u201d.<\/p>\n<p class=\"wp-block-paragraph\">Como alternativa ao texto que acaba com a escala 6\u00d71 no Brasil, oposicionistas defendem a an\u00e1lise de uma proposta que altere a forma de remunera\u00e7\u00e3o dos trabalhadores, com um modelo baseado nas horas efetivamente trabalhadas.<\/p>\n<p class=\"wp-block-paragraph\">A PEC que trata do fim da escala 6\u00d71 \u00e9 o 1\u00ba item da pauta da Comiss\u00e3o de Constitui\u00e7\u00e3o e Justi\u00e7a (CCJ) do Senado nesta quarta-feira (02). O colegiado se re\u00fane \u00e0s 9h, durante a semana de esfor\u00e7o concentrado, para analisar a Proposta de Emenda \u00e0 Constitui\u00e7\u00e3o (PEC) 221\/2019.<\/p>\n<p class=\"wp-block-paragraph\">O texto avan\u00e7ou ap\u00f3s o acord\u00e3o firmado entre Lula e o presidente do Senado, Davi Alcolumbre (Uni\u00e3o Brasil-AP). A proposta j\u00e1 tem parecer favor\u00e1vel do senador Omar Aziz (PSD-AM).<\/p>\n<p class=\"wp-block-paragraph\">Pela PEC, a jornada m\u00e1xima semanal seria reduzida de 44 para 40 horas, com dois dias de repouso semanal remunerado e sem redu\u00e7\u00e3o de sal\u00e1rio. O relator rejeitou as 12 emendas apresentadas at\u00e9 26 de agosto e manteve o texto aprovado pela C\u00e2mara. Ainda assim, ter\u00e1 de analisar outras 13 emendas apresentadas recentemente.<\/p>\n<\/div>\n<p><script>!function(f,b,e,v,n,t,s){if(f.fbq)return;n=f.fbq=function(){n.callMethod?n.callMethod.apply(n,arguments):n.queue.push(arguments)};if(!f._fbq)f._fbq=n;n.push=n;n.loaded=!0;n.version='2.0';n.queue=[];t=b.createElement(e);t.async=!0;t.src=v;s=b.getElementsByTagName(e)[0];s.parentNode.insertBefore(t,s)}(window,document,'script','https:\/\/connect.facebook.net\/en_US\/fbevents.js');fbq('init','1423865622537930');fbq('track','PageView');<\/script><br \/>\n<br \/><br \/>\n<br \/><a href=\"https:\/\/claudiodantas.com.br\/oposicao-esvaziamento-votacao-pec-6x1\/\">Source link <\/a><\/p>","protected":false},"excerpt":{"rendered":"<p>Senadores da oposi\u00e7\u00e3o est\u00e3o articulando uma estrat\u00e9gia para tentar esvaziar a vota\u00e7\u00e3o da PEC que pro\u00edbe a escala 6\u00d71. A movimenta\u00e7\u00e3o \u00e9 liderada por parlamentares do PL e ocorre em&hellip;<\/p>","protected":false},"author":1,"featured_media":141608,"comment_status":"closed","ping_status":"open","sticky":false,"template":"","format":"standard","meta":{"content-type":"","footnotes":""},"categories":[16],"tags":[],"class_list":["post-141607","post","type-post","status-publish","format-standard","has-post-thumbnail","hentry","category-noticias"],"_links":{"self":[{"href":"https:\/\/tvbrazilusa.com\/pt\/wp-json\/wp\/v2\/posts\/141607","targetHints":{"allow":["GET"]}}],"collection":[{"href":"https:\/\/tvbrazilusa.com\/pt\/wp-json\/wp\/v2\/posts"}],"about":[{"href":"https:\/\/tvbrazilusa.com\/pt\/wp-json\/wp\/v2\/types\/post"}],"author":[{"embeddable":true,"href":"https:\/\/tvbrazilusa.com\/pt\/wp-json\/wp\/v2\/users\/1"}],"replies":[{"embeddable":true,"href":"https:\/\/tvbrazilusa.com\/pt\/wp-json\/wp\/v2\/comments?post=141607"}],"version-history":[{"count":1,"href":"https:\/\/tvbrazilusa.com\/pt\/wp-json\/wp\/v2\/posts\/141607\/revisions"}],"predecessor-version":[{"id":141609,"href":"https:\/\/tvbrazilusa.com\/pt\/wp-json\/wp\/v2\/posts\/141607\/revisions\/141609"}],"wp:featuredmedia":[{"embeddable":true,"href":"https:\/\/tvbrazilusa.com\/pt\/wp-json\/wp\/v2\/media\/141608"}],"wp:attachment":[{"href":"https:\/\/tvbrazilusa.com\/pt\/wp-json\/wp\/v2\/media?parent=141607"}],"wp:term":[{"taxonomy":"category","embeddable":true,"href":"https:\/\/tvbrazilusa.com\/pt\/wp-json\/wp\/v2\/categories?post=141607"},{"taxonomy":"post_tag","embeddable":true,"href":"https:\/\/tvbrazilusa.com\/pt\/wp-json\/wp\/v2\/tags?post=141607"}],"curies":[{"name":"wp","href":"https:\/\/api.w.org\/{rel}","templated":true}]}}