{"id":141613,"date":"2026-09-01T12:44:00","date_gmt":"2026-09-01T12:44:00","guid":{"rendered":"https:\/\/tvbrazilusa.com\/2026\/09\/01\/flavio-e-lula-empatam-em-44-no-2o-turno\/"},"modified":"2026-09-01T12:48:39","modified_gmt":"2026-09-01T12:48:39","slug":"flavio-e-lula-empatam-em-44-no-2o-turno","status":"publish","type":"post","link":"https:\/\/tvbrazilusa.com\/pt\/2026\/09\/01\/flavio-e-lula-empatam-em-44-no-2o-turno\/","title":{"rendered":"Fl\u00e1vio e Lula empatam em 44% no 2\u00ba turno"},"content":{"rendered":"<script async src=\"https:\/\/pagead2.googlesyndication.com\/pagead\/js\/adsbygoogle.js?client=ca-pub-8864793242727901\"\r\n     crossorigin=\"anonymous\"><\/script>\n<div id=\"cd-article-content\" itemprop=\"articleBody\">\n<p class=\"wp-block-paragraph\">Pesquisa <strong>Real Time Big Data<\/strong> divulgada na manh\u00e3 desta ter\u00e7a-feira (1\u00ba) mostra <strong><a href=\"https:\/\/claudiodantas.com.br\/tag\/empate-tecnico\/\" data-type=\"post_tag\" data-id=\"5022\">empate<\/a><\/strong> entre o senador <strong><a href=\"https:\/\/x.com\/FlavioBolsonaro?lang=pt\">Fl\u00e1vio Bolsonaro (PL)<\/a><\/strong> e o presidente <a href=\"https:\/\/claudiodantas.com.br\/tag\/lula\/\" data-type=\"link\" data-id=\"https:\/\/claudiodantas.com.br\/tag\/lula\/\"><strong>Luiz In\u00e1cio Lula da Silva (PT)<\/strong> <\/a>em um eventual 2\u00ba turno da<strong> <a href=\"https:\/\/pt.wikipedia.org\/wiki\/Elei%C3%A7%C3%A3o_presidencial_no_Brasil_em_2026\" target=\"_blank\" rel=\"noopener\">elei\u00e7\u00e3o presidencial<\/a><\/strong> deste ano. Os dois aparecem com 44% das inten\u00e7\u00f5es de voto.<\/p>\n<p><a href=\"https:\/\/whatsapp.com\/channel\/0029VaTFkH2HVvTbkE883x1x\" target=\"_blank\" class=\"whatsapp-channel-message\" rel=\"noopener\">\u2705 Siga o canal do Claudio Dantas no WhatsApp<\/a><\/p>\n<p class=\"wp-block-paragraph\">Os entrevistados responderam \u00e0 pergunta: \u201cEm outubro teremos elei\u00e7\u00f5es. Se a elei\u00e7\u00e3o para presidente da Rep\u00fablica fosse para o segundo turno, em quem o(a) senhor(a) votaria se os nomes fossem estes?\u201d.<\/p>\n<p class=\"wp-block-paragraph\">O resultado foi: Lula (PT), 44%; Fl\u00e1vio Bolsonaro (PL), 44%; nulo\/branco, 9%; e n\u00e3o sabe\/n\u00e3o respondeu, 3%. Na rodada anterior, realizada em julho, o petista tinha 45%, contra 42% do filho do ex-presidente Jair Bolsonaro (PL).<\/p>\n<p class=\"wp-block-paragraph\">J\u00e1 no primeiro turno, Lula lidera nos dois cen\u00e1rios testados. Sem Pablo Mar\u00e7al, o petista registra 38%, seguido por Fl\u00e1vio, com 30%, e Augusto Cury, com 11%. Na simula\u00e7\u00e3o com Mar\u00e7al, Lula permanece com 38%. Fl\u00e1vio aparece com 29%, Cury, com 10%, e Renan Santos, com 6%.<\/p>\n<p class=\"wp-block-paragraph\">O levantamento ouviu 2 mil eleitores em todo o pa\u00eds entre 27 e 31 de agosto. A margem de erro \u00e9 de 2 pontos percentuais, para mais ou para menos, com n\u00edvel de confian\u00e7a de 95%. A pesquisa est\u00e1 registrada no Tribunal Superior Eleitoral (TSE) sob o c\u00f3digo BR-03490\/2026.<\/p>\n<\/div>\n<p><script>!function(f,b,e,v,n,t,s){if(f.fbq)return;n=f.fbq=function(){n.callMethod?n.callMethod.apply(n,arguments):n.queue.push(arguments)};if(!f._fbq)f._fbq=n;n.push=n;n.loaded=!0;n.version='2.0';n.queue=[];t=b.createElement(e);t.async=!0;t.src=v;s=b.getElementsByTagName(e)[0];s.parentNode.insertBefore(t,s)}(window,document,'script','https:\/\/connect.facebook.net\/en_US\/fbevents.js');fbq('init','1423865622537930');fbq('track','PageView');<\/script><br \/>\n<br \/><br \/>\n<br \/><a href=\"https:\/\/claudiodantas.com.br\/flavio-e-lula-empatam-em-44-no-2o-turno\/\">Source link <\/a><\/p>","protected":false},"excerpt":{"rendered":"<p>Pesquisa Real Time Big Data divulgada na manh\u00e3 desta ter\u00e7a-feira (1\u00ba) mostra empate entre o senador Fl\u00e1vio Bolsonaro (PL) e o presidente Luiz In\u00e1cio Lula da Silva (PT) em um&hellip;<\/p>","protected":false},"author":1,"featured_media":137638,"comment_status":"closed","ping_status":"open","sticky":false,"template":"","format":"standard","meta":{"content-type":"","footnotes":""},"categories":[16],"tags":[],"class_list":["post-141613","post","type-post","status-publish","format-standard","has-post-thumbnail","hentry","category-noticias"],"_links":{"self":[{"href":"https:\/\/tvbrazilusa.com\/pt\/wp-json\/wp\/v2\/posts\/141613","targetHints":{"allow":["GET"]}}],"collection":[{"href":"https:\/\/tvbrazilusa.com\/pt\/wp-json\/wp\/v2\/posts"}],"about":[{"href":"https:\/\/tvbrazilusa.com\/pt\/wp-json\/wp\/v2\/types\/post"}],"author":[{"embeddable":true,"href":"https:\/\/tvbrazilusa.com\/pt\/wp-json\/wp\/v2\/users\/1"}],"replies":[{"embeddable":true,"href":"https:\/\/tvbrazilusa.com\/pt\/wp-json\/wp\/v2\/comments?post=141613"}],"version-history":[{"count":1,"href":"https:\/\/tvbrazilusa.com\/pt\/wp-json\/wp\/v2\/posts\/141613\/revisions"}],"predecessor-version":[{"id":141614,"href":"https:\/\/tvbrazilusa.com\/pt\/wp-json\/wp\/v2\/posts\/141613\/revisions\/141614"}],"wp:featuredmedia":[{"embeddable":true,"href":"https:\/\/tvbrazilusa.com\/pt\/wp-json\/wp\/v2\/media\/137638"}],"wp:attachment":[{"href":"https:\/\/tvbrazilusa.com\/pt\/wp-json\/wp\/v2\/media?parent=141613"}],"wp:term":[{"taxonomy":"category","embeddable":true,"href":"https:\/\/tvbrazilusa.com\/pt\/wp-json\/wp\/v2\/categories?post=141613"},{"taxonomy":"post_tag","embeddable":true,"href":"https:\/\/tvbrazilusa.com\/pt\/wp-json\/wp\/v2\/tags?post=141613"}],"curies":[{"name":"wp","href":"https:\/\/api.w.org\/{rel}","templated":true}]}}