{"id":141620,"date":"2026-09-01T13:48:51","date_gmt":"2026-09-01T13:48:51","guid":{"rendered":"https:\/\/tvbrazilusa.com\/2026\/09\/01\/moraes-editou-contrato-de-r-131-mi-de-vivi-com-vorcaro-diz-estadao\/"},"modified":"2026-09-01T13:50:34","modified_gmt":"2026-09-01T13:50:34","slug":"moraes-editou-contrato-de-r-131-mi-de-vivi-com-vorcaro-diz-estadao","status":"publish","type":"post","link":"https:\/\/tvbrazilusa.com\/pt\/2026\/09\/01\/moraes-editou-contrato-de-r-131-mi-de-vivi-com-vorcaro-diz-estadao\/","title":{"rendered":"Moraes editou contrato de R$ 131 mi de Vivi com Vorcaro, diz Estad\u00e3o"},"content":{"rendered":"<p> <script async src=\"https:\/\/pagead2.googlesyndication.com\/pagead\/js\/adsbygoogle.js?client=ca-pub-8864793242727901\"\r\n     crossorigin=\"anonymous\"><\/script><br \/>\n<\/p>\n<div id=\"cd-article-content\" itemprop=\"articleBody\">\n<p class=\"wp-block-paragraph\">O ministro Alexandre de Moraes, do Supremo Tribunal Federal (<a href=\"https:\/\/portal.stf.jus.br\/\" target=\"_blank\" rel=\"noopener\">STF<\/a>), editou a vers\u00e3o final de um contrato de R$ 131,2 milh\u00f5es em servi\u00e7os advocat\u00edcios firmado entre o escrit\u00f3rio de sua mulher, a advogada Viviane Barci de Moraes, e o empres\u00e1rio Daniel Vorcaro, dono do Banco <a href=\"https:\/\/claudiodantas.com.br\/tag\/master\/\" data-type=\"post_tag\" data-id=\"13531\">Master<\/a>, segundo levantamento do Estad\u00e3o. A informa\u00e7\u00e3o consta de metadados do documento extra\u00eddo do celular de Vorcaro, apreendido pela Pol\u00edcia Federal.<\/p>\n<p><a href=\"https:\/\/whatsapp.com\/channel\/0029VaTFkH2HVvTbkE883x1x\" target=\"_blank\" class=\"whatsapp-channel-message\" rel=\"noopener\">\u2705 Siga o canal do Claudio Dantas no WhatsApp<\/a><\/p>\n<p class=\"wp-block-paragraph\">Os registros que o Estad\u00e3o teve acesso indicam que o arquivo foi aberto e alterado no sistema Office 365 utilizado pelo ministro. O perfil respons\u00e1vel pela modifica\u00e7\u00e3o aparece identificado como \u201cMinistro Alexandre de <a href=\"https:\/\/claudiodantas.com.br\/tag\/alexandre-moraes\/\" data-type=\"post_tag\" data-id=\"13501\">Moraes<\/a>\u201d. A altera\u00e7\u00e3o teria ocorrido \u00e0s 23h04 de 15 de janeiro de 2024, cerca de 1 hora e 40 minutos depois de Vorcaro devolver o documento com uma cl\u00e1usula revisada.<\/p>\n<p class=\"wp-block-paragraph\">O contrato previa 36 parcelas mensais de R$ 3 milh\u00f5es l\u00edquidos para o escrit\u00f3rio Barci de Moraes. Considerados os impostos, cada parcela correspondia a R$ 3.646.529,77. O valor bruto total chegava a R$ 131.274.351,72.<\/p>\n<p class=\"wp-block-paragraph\">Os dados foram obtidos a partir das informa\u00e7\u00f5es armazenadas no pr\u00f3prio arquivo. Documentos vinculados ao Office 365 registram dados t\u00e9cnicos, como autor, datas e hor\u00e1rios de abertura e edi\u00e7\u00e3o. Na vers\u00e3o analisada, Guilherme de Toledo Benazzi, administrador do escrit\u00f3rio Barci de Moraes, aparece como autor original.<\/p>\n<h3 class=\"wp-block-heading\">Troca de mensagens<\/h3>\n<p class=\"wp-block-paragraph\">O contrato foi inicialmente enviado por Viviane a Vorcaro em 11 de janeiro de 2024. Na ocasi\u00e3o, ela escreveu: \u201cPrezado Daniel, boa tarde. Conforme conversamos, estou enviando minuta de contrato de presta\u00e7\u00e3o de servi\u00e7os para sua an\u00e1lise. Estou \u00e0 disposi\u00e7\u00e3o para qualquer esclarecimento. Abra\u00e7o. Viviane Barci de Moraes\u201d.<\/p>\n<p class=\"wp-block-paragraph\">Quatro dias depois, em 15 de janeiro, Vorcaro devolveu o documento pelo WhatsApp com marcas de revis\u00e3o. Segundo a investiga\u00e7\u00e3o, ele informou que havia inclu\u00eddo apenas uma cl\u00e1usula e pediu a avalia\u00e7\u00e3o de Viviane.<\/p>\n<p class=\"wp-block-paragraph\">\u201cBoa noite! Segue o documento preenchido. Foi inclu\u00edda apenas a cl\u00e1usula I.3. Por favor, nos indique se est\u00e1 adequada. Caso estejam de acordo, combinamos a assinatura! Um abra\u00e7o\u201d, escreveu o banqueiro.<\/p>\n<p class=\"wp-block-paragraph\">Naquela mesma noite, \u00e0s 23h04, o arquivo foi modificado no sistema associado ao perfil \u201cMinistro Alexandre de Moraes\u201d, segundo os metadados analisados pelo Estad\u00e3o. A vers\u00e3o final foi posteriormente encaminhada por Viviane ao banqueiro.<\/p>\n<figure class=\"wp-block-image size-full\"><\/figure>\n<figure class=\"wp-block-image size-full\"><img fetchpriority=\"high\" decoding=\"async\" width=\"768\" height=\"506\" src=\"https:\/\/claudiodantas.com.br\/wp-content\/uploads\/2026\/09\/JO2UHEQMONCE7NHP3ECYBIRP2I.avif\" alt=\"\" class=\"wp-image-114987\" srcset=\"https:\/\/claudiodantas.com.br\/wp-content\/uploads\/2026\/09\/JO2UHEQMONCE7NHP3ECYBIRP2I.avif 768w, https:\/\/claudiodantas.com.br\/wp-content\/uploads\/2026\/09\/JO2UHEQMONCE7NHP3ECYBIRP2I-300x198.avif 300w\" sizes=\"(max-width: 768px) 100vw, 768px\" data-pagespeed-url-hash=\"381405454\" onload=\"pagespeed.CriticalImages.checkImageForCriticality(this);\"\/><\/figure>\n<h3 class=\"wp-block-heading\">Contrato de R$ 131 milh\u00f5es<\/h3>\n<p class=\"wp-block-paragraph\">O acordo estabelecia o pagamento de R$ 108 milh\u00f5es l\u00edquidos, divididos em 36 parcelas de R$ 3 milh\u00f5es. Com a incid\u00eancia dos impostos previstos no documento, o valor bruto alcan\u00e7ava R$ 131,27 milh\u00f5es.<\/p>\n<p class=\"wp-block-paragraph\">Os pagamentos come\u00e7aram em fevereiro de 2024. De acordo com documentos enviados \u00e0 CPI do Crime Organizado, do Senado, o Banco Master efetuou 22 pagamentos ao escrit\u00f3rio entre fevereiro daquele ano e novembro de 2025, totalizando R$ 80.223.653,84.<\/p>\n<p class=\"wp-block-paragraph\">Os pagamentos foram interrompidos ap\u00f3s a pris\u00e3o de Vorcaro, em 17 de novembro de 2025, durante a primeira fase da Opera\u00e7\u00e3o Compliance Zero.<\/p>\n<h3 class=\"wp-block-heading\">Pedido de sigilo<\/h3>\n<p class=\"wp-block-paragraph\">A negocia\u00e7\u00e3o continuou nos dias seguintes. Em 17 de janeiro de 2024, Viviane enviou a Vorcaro a vers\u00e3o final do contrato.<\/p>\n<p class=\"wp-block-paragraph\">\u201cBom dia! Segue a minuta do contrato. Abra\u00e7o\u201d, escreveu \u00e0s 10h09.<\/p>\n<p class=\"wp-block-paragraph\">Cinco dias depois, em 22 de janeiro, Vorcaro questionou como deveria ocorrer a assinatura do documento.<\/p>\n<p class=\"wp-block-paragraph\">\u201cOi, tudo bem? Como podemos proceder na assinatura? Prefere eletronicamente ou mando as vias f\u00edsicas assinadas?\u201d, escreveu o banqueiro.<\/p>\n<p class=\"wp-block-paragraph\">No dia seguinte, Viviane informou que estava fora do Brasil e pediu que os documentos f\u00edsicos fossem encaminhados a Guilherme Benazzi, administrador do escrit\u00f3rio.<\/p>\n<p class=\"wp-block-paragraph\">\u201cBom dia, tudo bem. Espero que esteja bem, tamb\u00e9m. Estou fora do Brasil essa semana, mas pode enviar as vias f\u00edsicas assinadas para o Guilherme Benazzi (administrador do escrit\u00f3rio), que assinar\u00e1 e devolver\u00e1 a sua via.\u201d<\/p>\n<p class=\"wp-block-paragraph\">Na sequ\u00eancia, Viviane pediu que o documento fosse enviado em embalagem lacrada.<\/p>\n<p class=\"wp-block-paragraph\">\u201cPor favor, mande em um envelope lacrado e confidencial. Obrigada.\u201d<\/p>\n<p class=\"wp-block-paragraph\">Vorcaro respondeu: \u201cOi, tudo bem? Combinado, farei isso! Pode me passar o endere\u00e7o?\u201d.<\/p>\n<p class=\"wp-block-paragraph\">Viviane informou o endere\u00e7o do escrit\u00f3rio: \u201cRua Campos Bicudo, 98, Itaim Bibi\u201d.<\/p>\n<p class=\"wp-block-paragraph\">O contrato foi assinado pelo controlador do Banco Master em 23 de janeiro de 2024. No dia seguinte, Viviane voltou a solicitar uma c\u00f3pia assinada digitalmente.<\/p>\n<p class=\"wp-block-paragraph\">\u201cDaniel, boa tarde. Por favor, voc\u00ea consegue me enviar o contrato assinado digitalmente?\u201d, perguntou.<\/p>\n<p class=\"wp-block-paragraph\">\u201cOi, tudo bem? Consigo, sim.\u201d<\/p>\n<p class=\"wp-block-paragraph\">\u201c\u00d3timo! Obrigada.\u201d<\/p>\n<p class=\"wp-block-paragraph\">\u201cEnviamos ao endere\u00e7o as vias f\u00edsicas com nossa assinatura digital. Voc\u00ea prefere que mandemos via assinatura eletr\u00f4nica para voc\u00eas?\u201d, questionou o banqueiro.<\/p>\n<h3 class=\"wp-block-heading\">Pagamentos ao escrit\u00f3rio<\/h3>\n<p class=\"wp-block-paragraph\">A declara\u00e7\u00e3o de Imposto de Renda do Banco Master enviada \u00e0 CPI do Crime Organizado apontou que o escrit\u00f3rio de Viviane recebeu R$ 80,2 milh\u00f5es da institui\u00e7\u00e3o financeira entre 2024 e 2025.<\/p>\n<p class=\"wp-block-paragraph\">O escrit\u00f3rio, por\u00e9m, contestou a informa\u00e7\u00e3o e declarou que \u201cn\u00e3o confirma essas informa\u00e7\u00f5es incorretas e vazadas ilicitamente, lembrando que todos os dados fiscais s\u00e3o sigilosos\u201d.<\/p>\n<p class=\"wp-block-paragraph\">Os documentos tamb\u00e9m mostram que o escrit\u00f3rio recebeu 22 pagamentos de aproximadamente R$ 3,65 milh\u00f5es cada, entre fevereiro de 2024 e novembro de 2025.<\/p>\n<p class=\"wp-block-paragraph\">Procurado pelo Estad\u00e3o sobre a edi\u00e7\u00e3o do contrato, Alexandre de Moraes n\u00e3o se manifestou. A defesa de Daniel Vorcaro tamb\u00e9m n\u00e3o respondeu \u00e0 reportagem.<\/p>\n<p class=\"wp-block-paragraph\">A edi\u00e7\u00e3o atribu\u00edda ao perfil do ministro consta dos metadados do pr\u00f3prio documento analisado pela reportagem.<\/p>\n<p class=\"wp-block-paragraph\">Os registros tamb\u00e9m mostram que o contrato previa 36 parcelas de R$ 3 milh\u00f5es l\u00edquidos, com valor bruto total de R$ 131.274.351,72.<\/p>\n<\/div>\n<p><script>!function(f,b,e,v,n,t,s){if(f.fbq)return;n=f.fbq=function(){n.callMethod?n.callMethod.apply(n,arguments):n.queue.push(arguments)};if(!f._fbq)f._fbq=n;n.push=n;n.loaded=!0;n.version='2.0';n.queue=[];t=b.createElement(e);t.async=!0;t.src=v;s=b.getElementsByTagName(e)[0];s.parentNode.insertBefore(t,s)}(window,document,'script','https:\/\/connect.facebook.net\/en_US\/fbevents.js');fbq('init','1423865622537930');fbq('track','PageView');<\/script><br \/>\n<br \/><br \/>\n<br \/><a href=\"https:\/\/claudiodantas.com.br\/moraes-editou-contrato-r-131-mi-vivi-vorcaro\/\">Source link <\/a><\/p>","protected":false},"excerpt":{"rendered":"<p>O ministro Alexandre de Moraes, do Supremo Tribunal Federal (STF), editou a vers\u00e3o final de um contrato de R$ 131,2 milh\u00f5es em servi\u00e7os advocat\u00edcios firmado entre o escrit\u00f3rio de sua&hellip;<\/p>","protected":false},"author":1,"featured_media":141621,"comment_status":"closed","ping_status":"open","sticky":false,"template":"","format":"standard","meta":{"content-type":"","footnotes":""},"categories":[16],"tags":[],"class_list":["post-141620","post","type-post","status-publish","format-standard","has-post-thumbnail","hentry","category-noticias"],"_links":{"self":[{"href":"https:\/\/tvbrazilusa.com\/pt\/wp-json\/wp\/v2\/posts\/141620","targetHints":{"allow":["GET"]}}],"collection":[{"href":"https:\/\/tvbrazilusa.com\/pt\/wp-json\/wp\/v2\/posts"}],"about":[{"href":"https:\/\/tvbrazilusa.com\/pt\/wp-json\/wp\/v2\/types\/post"}],"author":[{"embeddable":true,"href":"https:\/\/tvbrazilusa.com\/pt\/wp-json\/wp\/v2\/users\/1"}],"replies":[{"embeddable":true,"href":"https:\/\/tvbrazilusa.com\/pt\/wp-json\/wp\/v2\/comments?post=141620"}],"version-history":[{"count":1,"href":"https:\/\/tvbrazilusa.com\/pt\/wp-json\/wp\/v2\/posts\/141620\/revisions"}],"predecessor-version":[{"id":141622,"href":"https:\/\/tvbrazilusa.com\/pt\/wp-json\/wp\/v2\/posts\/141620\/revisions\/141622"}],"wp:featuredmedia":[{"embeddable":true,"href":"https:\/\/tvbrazilusa.com\/pt\/wp-json\/wp\/v2\/media\/141621"}],"wp:attachment":[{"href":"https:\/\/tvbrazilusa.com\/pt\/wp-json\/wp\/v2\/media?parent=141620"}],"wp:term":[{"taxonomy":"category","embeddable":true,"href":"https:\/\/tvbrazilusa.com\/pt\/wp-json\/wp\/v2\/categories?post=141620"},{"taxonomy":"post_tag","embeddable":true,"href":"https:\/\/tvbrazilusa.com\/pt\/wp-json\/wp\/v2\/tags?post=141620"}],"curies":[{"name":"wp","href":"https:\/\/api.w.org\/{rel}","templated":true}]}}