{"id":141623,"date":"2026-09-01T13:55:00","date_gmt":"2026-09-01T13:55:00","guid":{"rendered":"https:\/\/tvbrazilusa.com\/2026\/09\/01\/quase-3-mil-candidatos-poderiam-ser-atingidos-por-regra-usada-por-toffoli-contra-renan\/"},"modified":"2026-09-01T14:08:48","modified_gmt":"2026-09-01T14:08:48","slug":"quase-3-mil-candidatos-poderiam-ser-atingidos-por-regra-usada-por-toffoli-contra-renan","status":"publish","type":"post","link":"https:\/\/tvbrazilusa.com\/pt\/2026\/09\/01\/quase-3-mil-candidatos-poderiam-ser-atingidos-por-regra-usada-por-toffoli-contra-renan\/","title":{"rendered":"Quase 3 mil candidatos poderiam ser atingidos por regra usada por Toffoli contra Renan"},"content":{"rendered":"<script async src=\"https:\/\/pagead2.googlesyndication.com\/pagead\/js\/adsbygoogle.js?client=ca-pub-8864793242727901\"\r\n     crossorigin=\"anonymous\"><\/script>\n<div id=\"cd-article-content\" itemprop=\"articleBody\">\n<p class=\"wp-block-paragraph\">A decis\u00e3o do ministro do <strong><a href=\"https:\/\/www.tse.jus.br\/\" target=\"_blank\" rel=\"noopener\">Tribunal Superior Eleitoral (TSE)<\/a><\/strong> <strong><a href=\"https:\/\/claudiodantas.com.br\/tag\/toffoli\/\" data-type=\"post_tag\" data-id=\"979\">Dias Toffoli<\/a><\/strong> que suspendeu a campanha de <strong><a href=\"https:\/\/claudiodantas.com.br\/tag\/renan-santos\/\" data-type=\"post_tag\" data-id=\"6871\">Renan Santos (Miss\u00e3o)<\/a><\/strong>, pode afetar, caso seja adotada por outros magistrados, 2.744 <strong><a href=\"https:\/\/claudiodantas.com.br\/tag\/candidatos\/\" data-type=\"post_tag\" data-id=\"9790\">candidatos<\/a><\/strong> nas <strong><a href=\"https:\/\/resultados.tse.jus.br\/oficial\/app\/index.html\" target=\"_blank\" rel=\"noopener\">elei\u00e7\u00f5es<\/a><\/strong> deste ano. O n\u00famero \u00e9 de levantamento do jornal O Estad\u00e3o com base nos dados da Corte.<\/p>\n<p><a href=\"https:\/\/whatsapp.com\/channel\/0029VaTFkH2HVvTbkE883x1x\" target=\"_blank\" class=\"whatsapp-channel-message\" rel=\"noopener\">\u2705 Siga o canal do Claudio Dantas no WhatsApp<\/a><\/p>\n<p class=\"wp-block-paragraph\">At\u00e9 esta segunda (31), esses candidatos n\u00e3o haviam informado ao TSE nenhum endere\u00e7o de rede social usado na campanha. O total pode ser maior se forem considerados registros incompletos.<\/p>\n<p class=\"wp-block-paragraph\">A situa\u00e7\u00e3o alcan\u00e7a diferentes partidos, como PT, Cidadania, PL e PSOL. Entre os candidatos est\u00e3o os deputados federais Andr\u00e9 Fufuca (PP), que disputa o Senado pelo Maranh\u00e3o, e Helio Lopes (PL), candidato ao Senado por Roraima. Tamb\u00e9m aparecem Chico Rubens Paiva (PSB), candidato \u00e0 C\u00e2mara pelo Rio, e Jos\u00e9 Carlos Eymael (DC), filho do ex-presidenci\u00e1vel Eymael (DC), que disputa uma vaga de deputado federal por S\u00e3o Paulo.<\/p>\n<p class=\"wp-block-paragraph\">Fufuca tem 141 mil seguidores no Instagram, onde se apresenta como \u201ccandidato ao Senado\u201d e usa o lema \u201c\u00c9 hora de Fufucar\u201d. Desde 16 de agosto, publicou mais de 70 conte\u00fados de campanha. Procurado pelo Estad\u00e3o, afirmou ter informado as redes ao TSE.<\/p>\n<p class=\"wp-block-paragraph\">Helio Lopes re\u00fane 1,9 milh\u00e3o de seguidores no Instagram e divulga v\u00eddeos de uma s\u00e9rie de ora\u00e7\u00f5es para o per\u00edodo eleitoral, al\u00e9m de \u201csantinhos\u201d ao lado de Jair Bolsonaro, Michelle (PL) e Nikolas Ferreira (PL-MG).<\/p>\n<p class=\"wp-block-paragraph\">J\u00e1 Chico Rubens Paiva tem 121 mil seguidores no Instagram e usa a trajet\u00f3ria da fam\u00edlia na campanha. Neto do ex-deputado Rubens Paiva e da advogada Eunice Paiva, ele aparece em publica\u00e7\u00f5es relacionadas ao filme \u201cAinda Estou Aqui\u201d, de Walter Salles. Ele afirmou ao Estad\u00e3o que informou todas as redes e atribuiu a aus\u00eancia dos dados a um erro. <\/p>\n<p class=\"wp-block-paragraph\">De acordo com Rubens Paiva, o advogado do PSB j\u00e1 apresentou uma peti\u00e7\u00e3o ao TSE para corrigir as informa\u00e7\u00f5es.<\/p>\n<p class=\"wp-block-paragraph\">A deputada federal S\u00e2mia Bonfim (PSOL) tamb\u00e9m n\u00e3o informou todos os seus perfis ao TSE. Ap\u00f3s a decis\u00e3o contra Renan, por\u00e9m, defendeu a puni\u00e7\u00e3o do candidato e afirmou que o Miss\u00e3o \u201copera sob a l\u00f3gica de m\u00e1fia digital, burlando as nossas regras eleitorais\u201d.<\/p>\n<p class=\"wp-block-paragraph\">A cr\u00edtica foi publicada justamente em contas que n\u00e3o constam no registro eleitoral de S\u00e2mia: o X, onde tem 750 mil seguidores, e o TikTok, com 942 mil. Ao registrar a candidatura, a deputada informou \u00e0 Corte apenas um perfil no Instagram e um site de campanha.<\/p>\n<p class=\"wp-block-paragraph\">A legisla\u00e7\u00e3o eleitoral exige que candidatos informem os endere\u00e7os das redes sociais utilizadas na campanha. Foi com base nessa regra que Toffoli suspendeu a candidatura de Renan e determinou medidas que incluem a proibi\u00e7\u00e3o de propaganda eleitoral na internet, o bloqueio de repasses do fundo eleitoral, a suspens\u00e3o de gastos com recursos j\u00e1 destinados e o impedimento de participa\u00e7\u00e3o em debates de r\u00e1dio, televis\u00e3o, podcasts e outros meios.<\/p>\n<p class=\"wp-block-paragraph\">Renan registrou a candidatura em 7 de agosto e informou os 16 perfis controlados por sua equipe somente em 19 de agosto. A campanha havia come\u00e7ado tr\u00eas dias antes.<\/p>\n<p class=\"wp-block-paragraph\">Para Toffoli, a obriga\u00e7\u00e3o \u00e9 necess\u00e1ria para garantir transpar\u00eancia e fiscaliza\u00e7\u00e3o: \u201cCampanhas eleitorais s\u00e3o orientadas pela liberdade de express\u00e3o, mas tamb\u00e9m pela isonomia entre os concorrentes e o direito de eleitoras e eleitores a serem expostos a meios leg\u00edtimos de convencimento. No ambiente digital, a informa\u00e7\u00e3o dos canais de propaganda oficiais assegura a transpar\u00eancia e viabiliza a fiscaliza\u00e7\u00e3o da regularidade por parte da Justi\u00e7a Eleitoral, do Minist\u00e9rio P\u00fablico, dos advers\u00e1rios e por toda a sociedade\u201d.<\/p>\n<\/div>\n<p><script>!function(f,b,e,v,n,t,s){if(f.fbq)return;n=f.fbq=function(){n.callMethod?n.callMethod.apply(n,arguments):n.queue.push(arguments)};if(!f._fbq)f._fbq=n;n.push=n;n.loaded=!0;n.version='2.0';n.queue=[];t=b.createElement(e);t.async=!0;t.src=v;s=b.getElementsByTagName(e)[0];s.parentNode.insertBefore(t,s)}(window,document,'script','https:\/\/connect.facebook.net\/en_US\/fbevents.js');fbq('init','1423865622537930');fbq('track','PageView');<\/script><br \/>\n<br \/><br \/>\n<br \/><a href=\"https:\/\/claudiodantas.com.br\/toffoli-renan-atingir-quase-3-mil-candidatos\/\">Source link <\/a><\/p>","protected":false},"excerpt":{"rendered":"<p>A decis\u00e3o do ministro do Tribunal Superior Eleitoral (TSE) Dias Toffoli que suspendeu a campanha de Renan Santos (Miss\u00e3o), pode afetar, caso seja adotada por outros magistrados, 2.744 candidatos nas&hellip;<\/p>","protected":false},"author":1,"featured_media":141624,"comment_status":"closed","ping_status":"open","sticky":false,"template":"","format":"standard","meta":{"content-type":"","footnotes":""},"categories":[16],"tags":[],"class_list":["post-141623","post","type-post","status-publish","format-standard","has-post-thumbnail","hentry","category-noticias"],"_links":{"self":[{"href":"https:\/\/tvbrazilusa.com\/pt\/wp-json\/wp\/v2\/posts\/141623","targetHints":{"allow":["GET"]}}],"collection":[{"href":"https:\/\/tvbrazilusa.com\/pt\/wp-json\/wp\/v2\/posts"}],"about":[{"href":"https:\/\/tvbrazilusa.com\/pt\/wp-json\/wp\/v2\/types\/post"}],"author":[{"embeddable":true,"href":"https:\/\/tvbrazilusa.com\/pt\/wp-json\/wp\/v2\/users\/1"}],"replies":[{"embeddable":true,"href":"https:\/\/tvbrazilusa.com\/pt\/wp-json\/wp\/v2\/comments?post=141623"}],"version-history":[{"count":1,"href":"https:\/\/tvbrazilusa.com\/pt\/wp-json\/wp\/v2\/posts\/141623\/revisions"}],"predecessor-version":[{"id":141625,"href":"https:\/\/tvbrazilusa.com\/pt\/wp-json\/wp\/v2\/posts\/141623\/revisions\/141625"}],"wp:featuredmedia":[{"embeddable":true,"href":"https:\/\/tvbrazilusa.com\/pt\/wp-json\/wp\/v2\/media\/141624"}],"wp:attachment":[{"href":"https:\/\/tvbrazilusa.com\/pt\/wp-json\/wp\/v2\/media?parent=141623"}],"wp:term":[{"taxonomy":"category","embeddable":true,"href":"https:\/\/tvbrazilusa.com\/pt\/wp-json\/wp\/v2\/categories?post=141623"},{"taxonomy":"post_tag","embeddable":true,"href":"https:\/\/tvbrazilusa.com\/pt\/wp-json\/wp\/v2\/tags?post=141623"}],"curies":[{"name":"wp","href":"https:\/\/api.w.org\/{rel}","templated":true}]}}