{"id":141626,"date":"2026-09-01T14:24:58","date_gmt":"2026-09-01T14:24:58","guid":{"rendered":"https:\/\/tvbrazilusa.com\/2026\/09\/01\/mendonca-avalia-incluir-moraes-no-caso-master-diz-site\/"},"modified":"2026-09-01T14:26:37","modified_gmt":"2026-09-01T14:26:37","slug":"mendonca-avalia-incluir-moraes-no-caso-master-diz-site","status":"publish","type":"post","link":"https:\/\/tvbrazilusa.com\/pt\/2026\/09\/01\/mendonca-avalia-incluir-moraes-no-caso-master-diz-site\/","title":{"rendered":"Mendon\u00e7a avalia incluir Moraes no caso Master, diz site"},"content":{"rendered":"<script async src=\"https:\/\/pagead2.googlesyndication.com\/pagead\/js\/adsbygoogle.js?client=ca-pub-8864793242727901\"\r\n     crossorigin=\"anonymous\"><\/script>\n<div id=\"cd-article-content\" itemprop=\"articleBody\">\n<p class=\"wp-block-paragraph\">O ministro Andr\u00e9 Mendon\u00e7a, do Supremo Tribunal Federal (<a href=\"https:\/\/portal.stf.jus.br\/\" target=\"_blank\" rel=\"noopener\">STF<\/a>), avalia incluir Alexandre de Moraes na investiga\u00e7\u00e3o sobre o caso Master ap\u00f3s a Pol\u00edcia Federal identificar mensagens do banqueiro Daniel Vorcaro destinadas ao ministro. As informa\u00e7\u00f5es foram publicadas pelo <em>UOL<\/em>.<\/p>\n<p><a href=\"https:\/\/whatsapp.com\/channel\/0029VaTFkH2HVvTbkE883x1x\" target=\"_blank\" class=\"whatsapp-channel-message\" rel=\"noopener\">\u2705 Siga o canal do Claudio Dantas no WhatsApp<\/a><\/p>\n<p class=\"wp-block-paragraph\">Mendon\u00e7a, relator do caso, determinou que a PF identificasse o interlocutor de mensagens encontradas no bloco de notas do celular de <a href=\"https:\/\/claudiodantas.com.br\/tag\/vorcaro\/\" data-type=\"post_tag\" data-id=\"13532\">Vorcaro<\/a>. A corpora\u00e7\u00e3o apresentou relat\u00f3rio confirmando que os textos eram destinados a Moraes.<\/p>\n<p class=\"wp-block-paragraph\">Antes de decidir sobre a inclus\u00e3o do ministro na investiga\u00e7\u00e3o, <a href=\"https:\/\/claudiodantas.com.br\/tag\/andre-mendonca\/\" data-type=\"post_tag\" data-id=\"4316\">Mendon\u00e7a <\/a>pediu manifesta\u00e7\u00e3o da Procuradoria-Geral da Rep\u00fablica (PGR). O \u00f3rg\u00e3o foi intimado na segunda-feira (31) e ter\u00e1 cinco dias para se posicionar.<\/p>\n<p class=\"wp-block-paragraph\">As mensagens foram registradas em 30 de outubro de 2025. Em uma delas, Vorcaro relata ter recebido informa\u00e7\u00f5es sobre uma poss\u00edvel a\u00e7\u00e3o da PF e do Banco Central contra ele e o Banco Master.<\/p>\n<blockquote class=\"wp-block-quote is-layout-flow wp-block-quote-is-layout-flow\">\n<p class=\"wp-block-paragraph\">\u201cBoa, vou mudar minha ida a abu dhabi pra conseguir te ver, se voce puder na ter\u00e7a feira! As coisas do ponto de vista economico estao andando bem. Consegui colocar no banco 800mm ja e devem entrar mais 400mm pr\u00f3xima semana. E FGC come\u00e7ou a fazer aos poucos\u201d, disse Vorcaro.<\/p>\n<\/blockquote>\n<p class=\"wp-block-paragraph\">Na sequ\u00eancia, o banqueiro mencionou uma poss\u00edvel ofensiva contra o banco e pediu que o assunto fosse tratado com integrantes da PF e da PGR.<\/p>\n<blockquote class=\"wp-block-quote is-layout-flow wp-block-quote-is-layout-flow\">\n<p class=\"wp-block-paragraph\">\u201cO problema agora \u00e9 que tive informa\u00e7\u00f5es informais e em confidencia de turma do banco central, que G e os diretores estao na pressao maxima de novo pra uma medida, pois o bacen esta sendo muito pressionado pela PF e MP, alegando que farao algo contra mim. \u00c9 importante refor\u00e7ar com Andrei e Paulo pra nao deixar ninguem de baixo fazer uma sacanagem que ai vai tudo pro saco\u201d, prosseguiu Vorcaro no mesmo bloco de notas.<\/p>\n<\/blockquote>\n<p class=\"wp-block-paragraph\">Segundo a PF, \u201cG\u201d se referia a Gabriel Gal\u00edpolo, presidente do Banco Central. \u201cAndrei\u201d seria Andrei Rodrigues, diretor-geral da Pol\u00edcia Federal, e \u201cPaulo\u201d, Paulo Gonet, procurador-geral da Rep\u00fablica.<\/p>\n<p class=\"wp-block-paragraph\">Vorcaro tamb\u00e9m escreveu:<\/p>\n<blockquote class=\"wp-block-quote is-layout-flow wp-block-quote-is-layout-flow\">\n<p class=\"wp-block-paragraph\">\u201cEstou disponivel pra tratar e explicar qq coisa, so nao pode ter sacanagem. Vou te mandar os nomes que tem ido ao Bacen alegando que farao algo em breve\u201d<\/p>\n<\/blockquote>\n<p class=\"wp-block-paragraph\">Pouco depois, o banqueiro voltou a escrever para Moraes.<\/p>\n<blockquote class=\"wp-block-quote is-layout-flow wp-block-quote-is-layout-flow\">\n<p class=\"wp-block-paragraph\">\u201cDe pessoas de dentro do bacen que sao meus amigos e ficaram preocupados. Eles participaram das reunioes, por isso info 100%. Eu s\u00f3 nao posso queima los, pq tinham poucas pessoas, e saberao que eles me falaram, se isso chegar no G. Entao temos so que ter cuidado de como conduzir com o G depois\u201d<\/p>\n<\/blockquote>\n<h3 class=\"wp-block-heading\">Como as mensagens foram enviadas<\/h3>\n<p class=\"wp-block-paragraph\">De acordo com a PF, Vorcaro utilizava o bloco de notas do celular para escrever as mensagens. Depois, fazia uma captura de tela e enviava o conte\u00fado pelo WhatsApp como mensagem de visualiza\u00e7\u00e3o \u00fanica.<\/p>\n<p class=\"wp-block-paragraph\">Moraes tamb\u00e9m respondia pelo mesmo m\u00e9todo.<\/p>\n<p class=\"wp-block-paragraph\">A PF j\u00e1 havia recuperado o conte\u00fado do celular de Vorcaro, mas ainda n\u00e3o havia identificado o destinat\u00e1rio das mensagens. A identifica\u00e7\u00e3o ocorreu ap\u00f3s a determina\u00e7\u00e3o de Mendon\u00e7a.<\/p>\n<h3 class=\"wp-block-heading\">PF discutiu envio do relat\u00f3rio<\/h3>\n<p class=\"wp-block-paragraph\">A produ\u00e7\u00e3o do relat\u00f3rio gerou uma discuss\u00e3o interna na Pol\u00edcia Federal. Segundo o relato, integrantes da c\u00fapula da corpora\u00e7\u00e3o inicialmente avaliavam que n\u00e3o caberia a Mendon\u00e7a solicitar uma investiga\u00e7\u00e3o que pudesse envolver outro ministro do STF.<\/p>\n<p class=\"wp-block-paragraph\">O entendimento era de que eventual comunica\u00e7\u00e3o deveria ser encaminhada \u00e0 Presid\u00eancia do Supremo. O precedente citado foi o caso envolvendo Dias Toffoli e sua rela\u00e7\u00e3o com Vorcaro.<\/p>\n<p class=\"wp-block-paragraph\">Mendon\u00e7a, por\u00e9m, manteve a determina\u00e7\u00e3o para identificar o interlocutor das mensagens. O relat\u00f3rio acabou encaminhado ao tribunal.<\/p>\n<p class=\"wp-block-paragraph\">Agora, Mendon\u00e7a e seus auxiliares avaliam tamb\u00e9m a possibilidade de retirar o sigilo do documento produzido pela PF.<\/p>\n<p class=\"wp-block-paragraph\">Moraes n\u00e3o se manifestou quando procurado. A PGR dever\u00e1 apresentar sua posi\u00e7\u00e3o antes de Mendon\u00e7a decidir se o ministro ser\u00e1 formalmente inclu\u00eddo na investiga\u00e7\u00e3o.<\/p>\n<\/div>\n<p><script>!function(f,b,e,v,n,t,s){if(f.fbq)return;n=f.fbq=function(){n.callMethod?n.callMethod.apply(n,arguments):n.queue.push(arguments)};if(!f._fbq)f._fbq=n;n.push=n;n.loaded=!0;n.version='2.0';n.queue=[];t=b.createElement(e);t.async=!0;t.src=v;s=b.getElementsByTagName(e)[0];s.parentNode.insertBefore(t,s)}(window,document,'script','https:\/\/connect.facebook.net\/en_US\/fbevents.js');fbq('init','1423865622537930');fbq('track','PageView');<\/script><br \/>\n<br \/><br \/>\n<br \/><a href=\"https:\/\/claudiodantas.com.br\/mendonca-avalia-incluir-moraes-no-caso-master-diz-site\/\">Source link <\/a><\/p>","protected":false},"excerpt":{"rendered":"<p>O ministro Andr\u00e9 Mendon\u00e7a, do Supremo Tribunal Federal (STF), avalia incluir Alexandre de Moraes na investiga\u00e7\u00e3o sobre o caso Master ap\u00f3s a Pol\u00edcia Federal identificar mensagens do banqueiro Daniel Vorcaro&hellip;<\/p>","protected":false},"author":1,"featured_media":137408,"comment_status":"closed","ping_status":"open","sticky":false,"template":"","format":"standard","meta":{"content-type":"","footnotes":""},"categories":[16],"tags":[],"class_list":["post-141626","post","type-post","status-publish","format-standard","has-post-thumbnail","hentry","category-noticias"],"_links":{"self":[{"href":"https:\/\/tvbrazilusa.com\/pt\/wp-json\/wp\/v2\/posts\/141626","targetHints":{"allow":["GET"]}}],"collection":[{"href":"https:\/\/tvbrazilusa.com\/pt\/wp-json\/wp\/v2\/posts"}],"about":[{"href":"https:\/\/tvbrazilusa.com\/pt\/wp-json\/wp\/v2\/types\/post"}],"author":[{"embeddable":true,"href":"https:\/\/tvbrazilusa.com\/pt\/wp-json\/wp\/v2\/users\/1"}],"replies":[{"embeddable":true,"href":"https:\/\/tvbrazilusa.com\/pt\/wp-json\/wp\/v2\/comments?post=141626"}],"version-history":[{"count":1,"href":"https:\/\/tvbrazilusa.com\/pt\/wp-json\/wp\/v2\/posts\/141626\/revisions"}],"predecessor-version":[{"id":141627,"href":"https:\/\/tvbrazilusa.com\/pt\/wp-json\/wp\/v2\/posts\/141626\/revisions\/141627"}],"wp:featuredmedia":[{"embeddable":true,"href":"https:\/\/tvbrazilusa.com\/pt\/wp-json\/wp\/v2\/media\/137408"}],"wp:attachment":[{"href":"https:\/\/tvbrazilusa.com\/pt\/wp-json\/wp\/v2\/media?parent=141626"}],"wp:term":[{"taxonomy":"category","embeddable":true,"href":"https:\/\/tvbrazilusa.com\/pt\/wp-json\/wp\/v2\/categories?post=141626"},{"taxonomy":"post_tag","embeddable":true,"href":"https:\/\/tvbrazilusa.com\/pt\/wp-json\/wp\/v2\/tags?post=141626"}],"curies":[{"name":"wp","href":"https:\/\/api.w.org\/{rel}","templated":true}]}}