{"id":141638,"date":"2026-09-01T14:49:00","date_gmt":"2026-09-01T14:49:00","guid":{"rendered":"https:\/\/tvbrazilusa.com\/2026\/09\/01\/toffoli-suspende-campanha-de-mais-um-candidato-a-presidencia\/"},"modified":"2026-09-01T15:03:50","modified_gmt":"2026-09-01T15:03:50","slug":"toffoli-suspende-campanha-de-mais-um-candidato-a-presidencia","status":"publish","type":"post","link":"https:\/\/tvbrazilusa.com\/pt\/2026\/09\/01\/toffoli-suspende-campanha-de-mais-um-candidato-a-presidencia\/","title":{"rendered":"Toffoli suspende campanha de mais um candidato \u00e0 Presid\u00eancia"},"content":{"rendered":"<p> <script async src=\"https:\/\/pagead2.googlesyndication.com\/pagead\/js\/adsbygoogle.js?client=ca-pub-8864793242727901\"\r\n     crossorigin=\"anonymous\"><\/script><br \/>\n<\/p>\n<div id=\"cd-article-content\" itemprop=\"articleBody\">\n<p class=\"wp-block-paragraph\">O ministro do Tribunal Superior Eleitoral (TSE) <strong><a href=\"https:\/\/claudiodantas.com.br\/tag\/toffoli\/\" data-type=\"post_tag\" data-id=\"979\">Dias Toffoli<\/a><\/strong> suspendeu a campanha de <strong><a href=\"https:\/\/www.instagram.com\/wwgrassi\/\" target=\"_blank\" rel=\"noopener\">Wilson Grassi<\/a><\/strong>, candidato do <strong><a href=\"https:\/\/claudiodantas.com.br\/tag\/partido-democrata-2\/\" data-type=\"post_tag\" data-id=\"16961\">Democrata<\/a><\/strong> \u00e0 <strong><a href=\"https:\/\/www.gov.br\/planalto\/pt-br\/pagina-inicial\" target=\"_blank\" rel=\"noopener\">Presid\u00eancia da Rep\u00fablica<\/a><\/strong>. A decis\u00e3o foi tomada no domingo (30) e divulgada nesta segunda-feira (31), seguindo o mesmo entendimento aplicado ao candidato do Miss\u00e3o, Renan Santos.<\/p>\n<p><a href=\"https:\/\/whatsapp.com\/channel\/0029VaTFkH2HVvTbkE883x1x\" target=\"_blank\" class=\"whatsapp-channel-message\" rel=\"noopener\">\u2705 Siga o canal do Claudio Dantas no WhatsApp<\/a><\/p>\n<p class=\"wp-block-paragraph\">Toffoli determinou a suspens\u00e3o da propaganda eleitoral da chapa em endere\u00e7os digitais que n\u00e3o tenham sido informados \u00e0 Justi\u00e7a Eleitoral dentro do prazo.<\/p>\n<blockquote class=\"wp-block-quote is-layout-flow wp-block-quote-is-layout-flow\">\n<p class=\"wp-block-paragraph\">\u201cA suspens\u00e3o da realiza\u00e7\u00e3o de propaganda eleitoral da chapa majorit\u00e1ria do Democrata por meio de quaisquer endere\u00e7os eletr\u00f4nicos de s\u00edtio, blog, rede social, s\u00edtio de mensagens instant\u00e2neas e aplica\u00e7\u00f5es de internet assemelhadas n\u00e3o informados tempestivamente \u00e0 Justi\u00e7a Eleitoral\u201d, diz a decis\u00e3o do ministro.<\/p>\n<\/blockquote>\n<div class=\"wp-block-image\">\n<figure class=\"aligncenter size-full\"><figcaption class=\"wp-element-caption\"><strong>Wilson Grassi \u2013 Foto: Divulga\u00e7\u00e3o<\/strong><\/figcaption><\/figure>\n<\/div>\n<p class=\"wp-block-paragraph\">A medida tamb\u00e9m interrompeu os repasses do Fundo Especial de Financiamento de Campanha (FEFC) \u00e0 chapa e proibiu gastos com recursos que j\u00e1 tenham sido destinados. Grassi ainda ficou impedido de participar de debates em r\u00e1dio, televis\u00e3o, podcasts e outros meios de comunica\u00e7\u00e3o.<\/p>\n<p class=\"wp-block-paragraph\">Ao justificar a decis\u00e3o, Toffoli afirmou que partidos e candidatos t\u00eam obriga\u00e7\u00e3o de informar \u00e0 Justi\u00e7a Eleitoral, dentro dos prazos estabelecidos, as contas usadas para propaganda eleitoral. Perfis e contas j\u00e1 existentes devem ser declarados no registro da candidatura ou no Demonstrativo de Regularidade de Atos Partid\u00e1rios (Drap).<\/p>\n<p class=\"wp-block-paragraph\">Para o ministro, a liberdade de express\u00e3o nas campanhas precisa ser acompanhada de igualdade entre os concorrentes. \u201cNo ambiente digital, a informa\u00e7\u00e3o dos canais de propaganda oficiais assegura a transpar\u00eancia e viabiliza a fiscaliza\u00e7\u00e3o da regularidade por parte da Justi\u00e7a Eleitoral, do Minist\u00e9rio P\u00fablico, dos advers\u00e1rios e por toda a sociedade\u201d, afirmou.<\/p>\n<p class=\"wp-block-paragraph\">Perfis e endere\u00e7os eletr\u00f4nicos criados antes do registro ou do Drap e que n\u00e3o tenham sido informados s\u00f3 podem ser usados na campanha 48 horas depois de registrados na Justi\u00e7a Eleitoral. J\u00e1 as contas criadas durante a campanha precisam ser comunicadas \u00e0 Justi\u00e7a Eleitoral em at\u00e9 24 horas.<\/p>\n<p class=\"wp-block-paragraph\">A exig\u00eancia tamb\u00e9m permite que plataformas com sistemas de recomenda\u00e7\u00e3o excluam dos resultados os canais e perfis que ainda n\u00e3o tenham sido informados \u00e0 Justi\u00e7a Eleitoral.<\/p>\n<blockquote class=\"wp-block-quote is-layout-flow wp-block-quote-is-layout-flow\">\n<p class=\"wp-block-paragraph\">\u201cSimples concluir que enquanto a Justi\u00e7a Eleitoral n\u00e3o receber a informa\u00e7\u00e3o que deveria ocorrer impreterivelmente no momento do registro ou um dia ap\u00f3s a cria\u00e7\u00e3o de novos canais de propaganda digital, os perfis em redes sociais seguem pass\u00edveis de recomenda\u00e7\u00e3o pelas plataformas\u201d, afirmou Toffoli.<\/p>\n<\/blockquote>\n<p class=\"wp-block-paragraph\">Na avalia\u00e7\u00e3o do ministro, a aus\u00eancia dessas informa\u00e7\u00f5es vai al\u00e9m de uma irregularidade burocr\u00e1tica. A omiss\u00e3o, segundo ele, pode afetar a igualdade entre os candidatos e abrir espa\u00e7o para infra\u00e7\u00f5es eleitorais. \u201cCabe, ent\u00e3o, explicitar que a omiss\u00e3o estrat\u00e9gica da informa\u00e7\u00e3o sobre as redes sociais, fundante de toda a legitimidade da campanha digital a ser desenvolvida, denota, por si, descompromisso com aqueles bens jur\u00eddicos\u201d, disse.<\/p>\n<\/div>\n<p><script>!function(f,b,e,v,n,t,s){if(f.fbq)return;n=f.fbq=function(){n.callMethod?n.callMethod.apply(n,arguments):n.queue.push(arguments)};if(!f._fbq)f._fbq=n;n.push=n;n.loaded=!0;n.version='2.0';n.queue=[];t=b.createElement(e);t.async=!0;t.src=v;s=b.getElementsByTagName(e)[0];s.parentNode.insertBefore(t,s)}(window,document,'script','https:\/\/connect.facebook.net\/en_US\/fbevents.js');fbq('init','1423865622537930');fbq('track','PageView');<\/script><script async src=\"\/\/www.instagram.com\/embed.js\"><\/script><br \/>\n<br \/><br \/>\n<br \/><a href=\"https:\/\/claudiodantas.com.br\/toffoli-suspende-candidato-presidencia\/\">Source link <\/a><\/p>","protected":false},"excerpt":{"rendered":"<p>O ministro do Tribunal Superior Eleitoral (TSE) Dias Toffoli suspendeu a campanha de Wilson Grassi, candidato do Democrata \u00e0 Presid\u00eancia da Rep\u00fablica. A decis\u00e3o foi tomada no domingo (30) e&hellip;<\/p>","protected":false},"author":1,"featured_media":141639,"comment_status":"closed","ping_status":"open","sticky":false,"template":"","format":"standard","meta":{"content-type":"","footnotes":""},"categories":[16],"tags":[],"class_list":["post-141638","post","type-post","status-publish","format-standard","has-post-thumbnail","hentry","category-noticias"],"_links":{"self":[{"href":"https:\/\/tvbrazilusa.com\/pt\/wp-json\/wp\/v2\/posts\/141638","targetHints":{"allow":["GET"]}}],"collection":[{"href":"https:\/\/tvbrazilusa.com\/pt\/wp-json\/wp\/v2\/posts"}],"about":[{"href":"https:\/\/tvbrazilusa.com\/pt\/wp-json\/wp\/v2\/types\/post"}],"author":[{"embeddable":true,"href":"https:\/\/tvbrazilusa.com\/pt\/wp-json\/wp\/v2\/users\/1"}],"replies":[{"embeddable":true,"href":"https:\/\/tvbrazilusa.com\/pt\/wp-json\/wp\/v2\/comments?post=141638"}],"version-history":[{"count":1,"href":"https:\/\/tvbrazilusa.com\/pt\/wp-json\/wp\/v2\/posts\/141638\/revisions"}],"predecessor-version":[{"id":141640,"href":"https:\/\/tvbrazilusa.com\/pt\/wp-json\/wp\/v2\/posts\/141638\/revisions\/141640"}],"wp:featuredmedia":[{"embeddable":true,"href":"https:\/\/tvbrazilusa.com\/pt\/wp-json\/wp\/v2\/media\/141639"}],"wp:attachment":[{"href":"https:\/\/tvbrazilusa.com\/pt\/wp-json\/wp\/v2\/media?parent=141638"}],"wp:term":[{"taxonomy":"category","embeddable":true,"href":"https:\/\/tvbrazilusa.com\/pt\/wp-json\/wp\/v2\/categories?post=141638"},{"taxonomy":"post_tag","embeddable":true,"href":"https:\/\/tvbrazilusa.com\/pt\/wp-json\/wp\/v2\/tags?post=141638"}],"curies":[{"name":"wp","href":"https:\/\/api.w.org\/{rel}","templated":true}]}}