{"id":141646,"date":"2026-09-01T16:03:56","date_gmt":"2026-09-01T16:03:56","guid":{"rendered":"https:\/\/tvbrazilusa.com\/2026\/09\/01\/comissao-vota-fim-da-taxa-das-blusinhas-hoje\/"},"modified":"2026-09-01T16:08:32","modified_gmt":"2026-09-01T16:08:32","slug":"comissao-vota-fim-da-taxa-das-blusinhas-hoje","status":"publish","type":"post","link":"https:\/\/tvbrazilusa.com\/pt\/2026\/09\/01\/comissao-vota-fim-da-taxa-das-blusinhas-hoje\/","title":{"rendered":"Comiss\u00e3o vota fim da taxa das blusinhas hoje"},"content":{"rendered":"<script async src=\"https:\/\/pagead2.googlesyndication.com\/pagead\/js\/adsbygoogle.js?client=ca-pub-8864793242727901\"\r\n     crossorigin=\"anonymous\"><\/script>\n<div id=\"cd-article-content\" itemprop=\"articleBody\">\n<p class=\"wp-block-paragraph\">A comiss\u00e3o mista que analisa a medida provis\u00f3ria que acaba com a chamada <strong>taxa das <\/strong><a href=\"https:\/\/claudiodantas.com.br\/tag\/blusinhas\/\" data-type=\"post_tag\" data-id=\"17366\"><strong>blusinhas<\/strong> <\/a>adiou para esta ter\u00e7a-feira (1\u00ba) a vota\u00e7\u00e3o do texto. A sess\u00e3o foi suspensa nesta segunda-feira (31) pelo presidente do colegiado, deputado Reginaldo Lopes (PT-MG).<\/p>\n<p><a href=\"https:\/\/whatsapp.com\/channel\/0029VaTFkH2HVvTbkE883x1x\" target=\"_blank\" class=\"whatsapp-channel-message\" rel=\"noopener\">\u2705 Siga o canal do Claudio Dantas no WhatsApp<\/a><\/p>\n<p class=\"wp-block-paragraph\">A nova reuni\u00e3o foi convocada para as 10h. A comiss\u00e3o precisa aprovar o parecer antes de a medida seguir para os plen\u00e1rios da C\u00e2mara e do Senado.<\/p>\n<p class=\"wp-block-paragraph\">Segundo Lopes, o relat\u00f3rio precisa ser alinhado com os presidentes das duas Casas, Hugo Motta (Republicanos-PB) e <a href=\"https:\/\/www.instagram.com\/davialcolumbre\/?hl=pt-br\" target=\"_blank\" rel=\"noopener\">Davi Alcolumbre (Uni\u00e3o-AP)<\/a>.<\/p>\n<p class=\"wp-block-paragraph\">A MP permite que o ministro da Fazenda altere as al\u00edquotas do imposto de importa\u00e7\u00e3o sobre remessas internacionais. Entre as possibilidades est\u00e1 a redu\u00e7\u00e3o a zero da cobran\u00e7a para compras de at\u00e9 US$ 50.<\/p>\n<p class=\"wp-block-paragraph\">O <strong>ICMS n\u00e3o \u00e9 alterado pela medida<\/strong>. O imposto estadual continuar\u00e1 sendo cobrado, e eventual mudan\u00e7a depende dos governos estaduais.<\/p>\n<h3 class=\"wp-block-heading\">Relat\u00f3rio inclui mecanismo de avalia\u00e7\u00e3o<\/h3>\n<p class=\"wp-block-paragraph\">A relatora, senadora Leila Barros (PDT-DF), incluiu no parecer um mecanismo para acompanhar os efeitos econ\u00f4micos da isen\u00e7\u00e3o sobre o setor produtivo. A mudan\u00e7a ocorreu ap\u00f3s reuni\u00f5es com integrantes do Pal\u00e1cio do Planalto e do Minist\u00e9rio da Fazenda.<\/p>\n<blockquote class=\"wp-block-quote is-layout-flow wp-block-quote-is-layout-flow\">\n<p class=\"wp-block-paragraph\"><strong>\u201cVamos manter o texto-base da MP e incluir, a partir de uma demanda do setor produtivo, um mecanismo para que o Minist\u00e9rio da Fazenda avalie periodicamente os impactos da medida, d\u00ea transpar\u00eancia a esses dados e, caso sejam identificados efeitos relevantes, possa propor futuramente medidas de mitiga\u00e7\u00e3o\u201d, disse a senadora ap\u00f3s reuni\u00e3o com o Pal\u00e1cio do Planalto.<\/strong><\/p>\n<\/blockquote>\n<p class=\"wp-block-paragraph\">A avalia\u00e7\u00e3o dever\u00e1 ocorrer a cada tr\u00eas meses no in\u00edcio e, depois, a cada seis meses. A proposta prev\u00ea que a Fazenda avalie eventuais impactos e estude medidas para reduzir os efeitos sobre a ind\u00fastria e outros setores nacionais.<\/p>\n<p class=\"wp-block-paragraph\">Lopes afirmou que o mecanismo foi inclu\u00eddo diante das reclama\u00e7\u00f5es do setor produtivo.<\/p>\n<blockquote class=\"wp-block-quote is-layout-flow wp-block-quote-is-layout-flow\">\n<p class=\"wp-block-paragraph\"><strong>\u201c\u00c9 um crit\u00e9rio de transpar\u00eancia, de avalia\u00e7\u00e3o e de monitoramento. Porque o setor industrial est\u00e1 falando que \u00e9 muito prejudicial \u00e0 ind\u00fastria nacional. \u201cEnt\u00e3o, criamos esse dispositivo\u201d, disse Lopes.<\/strong><\/p>\n<\/blockquote>\n<h3 class=\"wp-block-heading\">MP perde validade em setembro<\/h3>\n<p class=\"wp-block-paragraph\">A medida provis\u00f3ria perde a validade em <strong>8 de setembro<\/strong>. Para impedir que a cobran\u00e7a seja retomada, C\u00e2mara e Senado precisam concluir a an\u00e1lise antes da data.<\/p>\n<p class=\"wp-block-paragraph\">Lopes espera que a C\u00e2mara vote o texto ainda na ter\u00e7a-feira e que o Senado analise a proposta na sequ\u00eancia. Caso haja pedido de vista, o presidente da comiss\u00e3o afirmou que poder\u00e1 conceder prazo de uma hora a 24 horas.<\/p>\n<h3 class=\"wp-block-heading\">Imposto virou tema eleitoral<\/h3>\n<p class=\"wp-block-paragraph\">A extin\u00e7\u00e3o da taxa ganhou espa\u00e7o na agenda do governo e se tornou uma das pautas da campanha de Lula \u00e0 reelei\u00e7\u00e3o.<\/p>\n<p class=\"wp-block-paragraph\">A cobran\u00e7a de <strong>20% sobre compras internacionais de at\u00e9 US$ 50<\/strong> foi criada em 2024. A medida recebeu cr\u00edticas de consumidores, que apontaram aumento no pre\u00e7o de produtos vendidos por plataformas estrangeiras.<\/p>\n<p class=\"wp-block-paragraph\">O setor varejista nacional, por outro lado, sustenta que a retirada do imposto pode ampliar a concorr\u00eancia de produtos importados com empresas brasileiras, criando condi\u00e7\u00f5es diferentes entre o com\u00e9rcio nacional e as plataformas internacionais.<\/p>\n<\/div>\n<p><script>!function(f,b,e,v,n,t,s){if(f.fbq)return;n=f.fbq=function(){n.callMethod?n.callMethod.apply(n,arguments):n.queue.push(arguments)};if(!f._fbq)f._fbq=n;n.push=n;n.loaded=!0;n.version='2.0';n.queue=[];t=b.createElement(e);t.async=!0;t.src=v;s=b.getElementsByTagName(e)[0];s.parentNode.insertBefore(t,s)}(window,document,'script','https:\/\/connect.facebook.net\/en_US\/fbevents.js');fbq('init','1423865622537930');fbq('track','PageView');<\/script><script async src=\"\/\/www.instagram.com\/embed.js\"><\/script><br \/>\n<br \/><br \/>\n<br \/><a href=\"https:\/\/claudiodantas.com.br\/comissao-vota-fim-da-taxa-das-blusinhas-hoje\/\">Source link <\/a><\/p>","protected":false},"excerpt":{"rendered":"<p>A comiss\u00e3o mista que analisa a medida provis\u00f3ria que acaba com a chamada taxa das blusinhas adiou para esta ter\u00e7a-feira (1\u00ba) a vota\u00e7\u00e3o do texto. A sess\u00e3o foi suspensa nesta&hellip;<\/p>","protected":false},"author":1,"featured_media":141243,"comment_status":"closed","ping_status":"open","sticky":false,"template":"","format":"standard","meta":{"content-type":"","footnotes":""},"categories":[16],"tags":[],"class_list":["post-141646","post","type-post","status-publish","format-standard","has-post-thumbnail","hentry","category-noticias"],"_links":{"self":[{"href":"https:\/\/tvbrazilusa.com\/pt\/wp-json\/wp\/v2\/posts\/141646","targetHints":{"allow":["GET"]}}],"collection":[{"href":"https:\/\/tvbrazilusa.com\/pt\/wp-json\/wp\/v2\/posts"}],"about":[{"href":"https:\/\/tvbrazilusa.com\/pt\/wp-json\/wp\/v2\/types\/post"}],"author":[{"embeddable":true,"href":"https:\/\/tvbrazilusa.com\/pt\/wp-json\/wp\/v2\/users\/1"}],"replies":[{"embeddable":true,"href":"https:\/\/tvbrazilusa.com\/pt\/wp-json\/wp\/v2\/comments?post=141646"}],"version-history":[{"count":1,"href":"https:\/\/tvbrazilusa.com\/pt\/wp-json\/wp\/v2\/posts\/141646\/revisions"}],"predecessor-version":[{"id":141647,"href":"https:\/\/tvbrazilusa.com\/pt\/wp-json\/wp\/v2\/posts\/141646\/revisions\/141647"}],"wp:featuredmedia":[{"embeddable":true,"href":"https:\/\/tvbrazilusa.com\/pt\/wp-json\/wp\/v2\/media\/141243"}],"wp:attachment":[{"href":"https:\/\/tvbrazilusa.com\/pt\/wp-json\/wp\/v2\/media?parent=141646"}],"wp:term":[{"taxonomy":"category","embeddable":true,"href":"https:\/\/tvbrazilusa.com\/pt\/wp-json\/wp\/v2\/categories?post=141646"},{"taxonomy":"post_tag","embeddable":true,"href":"https:\/\/tvbrazilusa.com\/pt\/wp-json\/wp\/v2\/tags?post=141646"}],"curies":[{"name":"wp","href":"https:\/\/api.w.org\/{rel}","templated":true}]}}