{"id":141648,"date":"2026-09-01T16:31:21","date_gmt":"2026-09-01T16:31:21","guid":{"rendered":"https:\/\/tvbrazilusa.com\/2026\/09\/01\/flavio-bolsonaro-pede-renuncia-moraes-advogado-de-vorcaro\/"},"modified":"2026-09-01T16:33:27","modified_gmt":"2026-09-01T16:33:27","slug":"flavio-bolsonaro-pede-renuncia-moraes-advogado-de-vorcaro","status":"publish","type":"post","link":"https:\/\/tvbrazilusa.com\/pt\/2026\/09\/01\/flavio-bolsonaro-pede-renuncia-moraes-advogado-de-vorcaro\/","title":{"rendered":"Fl\u00e1vio Bolsonaro pede ren\u00fancia Moraes: \u201cadvogado de Vorcaro&#8221;"},"content":{"rendered":"<script async src=\"https:\/\/pagead2.googlesyndication.com\/pagead\/js\/adsbygoogle.js?client=ca-pub-8864793242727901\"\r\n     crossorigin=\"anonymous\"><\/script>\n<div id=\"cd-article-content\" itemprop=\"articleBody\">\n<p class=\"wp-block-paragraph\"><a href=\"https:\/\/claudiodantas.com.br\/tag\/flavio-bolsonaro-2\/\" data-type=\"post_tag\" data-id=\"13887\">O senador e candidato do PL \u00e0 Presid\u00eancia da Rep\u00fablica, Fl\u00e1vio Bolsonaro (PL-RJ)<\/a>, pediu nesta ter\u00e7a-feira (1\u00ba) a ren\u00fancia do ministro do <a href=\"https:\/\/portal.stf.jus.br\/\" target=\"_blank\" rel=\"noopener\">Supremo Tribunal Federal (STF) <\/a>Alexandre de Moraes. A declara\u00e7\u00e3o ocorreu ap\u00f3s a divulga\u00e7\u00e3o de novas mensagens e documentos extra\u00eddos do celular de Daniel Vorcaro, fundador do Banco Master.<\/p>\n<p><a href=\"https:\/\/whatsapp.com\/channel\/0029VaTFkH2HVvTbkE883x1x\" target=\"_blank\" class=\"whatsapp-channel-message\" rel=\"noopener\">\u2705 Siga o canal do Claudio Dantas no WhatsApp<\/a><\/p>\n<p class=\"wp-block-paragraph\">Ao comentar o conte\u00fado, Fl\u00e1vio classificou Moraes como uma esp\u00e9cie de \u201cadvogado do Vorcaro\u201d e afirmou que o ministro n\u00e3o teria condi\u00e7\u00f5es de permanecer no STF.<\/p>\n<p class=\"wp-block-paragraph\">\u201cIsso \u00e9 uma coisa muito grave. Eu acho que o Alexandre de Moraes tinha que renunciar ao Supremo Tribunal Federal. N\u00e3o tem a menor condi\u00e7\u00e3o de ele continuar sendo ministro do Supremo\u201d, disse Fl\u00e1vio.<\/p>\n<p class=\"wp-block-paragraph\">Segundo informa\u00e7\u00f5es divulgadas nesta manh\u00e3 pelo jornal <em>O Estado de S. Paulo<\/em>, uma mensagem atribu\u00edda a Vorcaro menciona a necessidade de obter a prote\u00e7\u00e3o de \u201cPaulo\u201d e \u201cAndrei\u201d. Investigadores identificaram os nomes como refer\u00eancias ao procurador-geral da Rep\u00fablica, Paulo Gonet, e ao diretor-geral da Pol\u00edcia Federal, Andrei Rodrigues. O destinat\u00e1rio da mensagem seria Moraes.<\/p>\n<p class=\"wp-block-paragraph\">Para Fl\u00e1vio, o conte\u00fado refor\u00e7a a necessidade de explica\u00e7\u00f5es por parte do ministro sobre sua rela\u00e7\u00e3o com o banqueiro.<\/p>\n<p class=\"wp-block-paragraph\">\u201cIsso \u00e9 uma completa distor\u00e7\u00e3o do devido processo legal. Isso \u00e9 uma completa distor\u00e7\u00e3o das garantias institucionais que um membro da mais alta corte, do Supremo, deveria exercer. Tem que dar muito esclarecimento, isso \u00e9 muito grave\u201d, afirmou.<\/p>\n<p class=\"wp-block-paragraph\">A declara\u00e7\u00e3o tamb\u00e9m ocorreu ap\u00f3s a divulga\u00e7\u00e3o de documentos relacionados ao contrato entre o Banco Master e o escrit\u00f3rio da advogada Viviane Barci de Moraes, mulher do ministro. O acordo, firmado em janeiro de 2024, previa pagamentos mensais de R$ 3,6 milh\u00f5es e chegou a R$ 131 milh\u00f5es em servi\u00e7os advocat\u00edcios.<\/p>\n<p class=\"wp-block-paragraph\">Segundo documentos obtidos a partir do aparelho de Vorcaro e divulgados nesta ter\u00e7a, Moraes teria editado a vers\u00e3o final do contrato firmado entre o banco e o escrit\u00f3rio de sua mulher.<\/p>\n<p class=\"wp-block-paragraph\">Fl\u00e1vio afirmou que a participa\u00e7\u00e3o do ministro na elabora\u00e7\u00e3o do documento amplia a gravidade do caso.<\/p>\n<p class=\"wp-block-paragraph\">\u201cUm integrante da mais alta Corte, do Supremo, ele pr\u00f3prio redigindo o contrato da esposa dele para devolver para o Vorcaro. Quer dizer, tudo indica, inclusive sugere que \u00e9 uma prote\u00e7\u00e3o do pr\u00f3prio Alexandre de Moraes\u201d, declarou.<\/p>\n<p class=\"wp-block-paragraph\">O senador tamb\u00e9m afirmou que as mensagens apontariam para uma atua\u00e7\u00e3o em favor do banqueiro envolvendo, al\u00e9m de Moraes, integrantes da Procuradoria-Geral da Rep\u00fablica (PGR) e da Pol\u00edcia Federal (PF).<\/p>\n<p class=\"wp-block-paragraph\">As informa\u00e7\u00f5es sobre os di\u00e1logos foram encaminhadas pelo ministro Andr\u00e9 Mendon\u00e7a, tamb\u00e9m do STF, \u00e0 PGR. O material integra dados extra\u00eddos do celular de Vorcaro e passou a ser analisado no contexto das investiga\u00e7\u00f5es envolvendo o Banco Master.<\/p>\n<p class=\"wp-block-paragraph\">Fl\u00e1vio acompanha nesta semana as atividades do Senado durante o esfor\u00e7o concentrado e participou de reuni\u00e3o da Comiss\u00e3o de Seguran\u00e7a P\u00fablica da Casa.<\/p>\n<\/div>\n<p><script>!function(f,b,e,v,n,t,s){if(f.fbq)return;n=f.fbq=function(){n.callMethod?n.callMethod.apply(n,arguments):n.queue.push(arguments)};if(!f._fbq)f._fbq=n;n.push=n;n.loaded=!0;n.version='2.0';n.queue=[];t=b.createElement(e);t.async=!0;t.src=v;s=b.getElementsByTagName(e)[0];s.parentNode.insertBefore(t,s)}(window,document,'script','https:\/\/connect.facebook.net\/en_US\/fbevents.js');fbq('init','1423865622537930');fbq('track','PageView');<\/script><br \/>\n<br \/><br \/>\n<br \/><a href=\"https:\/\/claudiodantas.com.br\/flavio-bolsonaro-pede-renuncia-de-moraes\/\">Source link <\/a><\/p>","protected":false},"excerpt":{"rendered":"<p>O senador e candidato do PL \u00e0 Presid\u00eancia da Rep\u00fablica, Fl\u00e1vio Bolsonaro (PL-RJ), pediu nesta ter\u00e7a-feira (1\u00ba) a ren\u00fancia do ministro do Supremo Tribunal Federal (STF) Alexandre de Moraes. A&hellip;<\/p>","protected":false},"author":1,"featured_media":141649,"comment_status":"closed","ping_status":"open","sticky":false,"template":"","format":"standard","meta":{"content-type":"","footnotes":""},"categories":[16],"tags":[],"class_list":["post-141648","post","type-post","status-publish","format-standard","has-post-thumbnail","hentry","category-noticias"],"_links":{"self":[{"href":"https:\/\/tvbrazilusa.com\/pt\/wp-json\/wp\/v2\/posts\/141648","targetHints":{"allow":["GET"]}}],"collection":[{"href":"https:\/\/tvbrazilusa.com\/pt\/wp-json\/wp\/v2\/posts"}],"about":[{"href":"https:\/\/tvbrazilusa.com\/pt\/wp-json\/wp\/v2\/types\/post"}],"author":[{"embeddable":true,"href":"https:\/\/tvbrazilusa.com\/pt\/wp-json\/wp\/v2\/users\/1"}],"replies":[{"embeddable":true,"href":"https:\/\/tvbrazilusa.com\/pt\/wp-json\/wp\/v2\/comments?post=141648"}],"version-history":[{"count":1,"href":"https:\/\/tvbrazilusa.com\/pt\/wp-json\/wp\/v2\/posts\/141648\/revisions"}],"predecessor-version":[{"id":141650,"href":"https:\/\/tvbrazilusa.com\/pt\/wp-json\/wp\/v2\/posts\/141648\/revisions\/141650"}],"wp:featuredmedia":[{"embeddable":true,"href":"https:\/\/tvbrazilusa.com\/pt\/wp-json\/wp\/v2\/media\/141649"}],"wp:attachment":[{"href":"https:\/\/tvbrazilusa.com\/pt\/wp-json\/wp\/v2\/media?parent=141648"}],"wp:term":[{"taxonomy":"category","embeddable":true,"href":"https:\/\/tvbrazilusa.com\/pt\/wp-json\/wp\/v2\/categories?post=141648"},{"taxonomy":"post_tag","embeddable":true,"href":"https:\/\/tvbrazilusa.com\/pt\/wp-json\/wp\/v2\/tags?post=141648"}],"curies":[{"name":"wp","href":"https:\/\/api.w.org\/{rel}","templated":true}]}}