{"id":141651,"date":"2026-09-01T15:50:00","date_gmt":"2026-09-01T15:50:00","guid":{"rendered":"https:\/\/tvbrazilusa.com\/2026\/09\/01\/justica-do-trabalho-bloqueia-previdencia-privada-de-renan-santos\/"},"modified":"2026-09-01T16:40:05","modified_gmt":"2026-09-01T16:40:05","slug":"justica-do-trabalho-bloqueia-previdencia-privada-de-renan-santos","status":"publish","type":"post","link":"https:\/\/tvbrazilusa.com\/pt\/2026\/09\/01\/justica-do-trabalho-bloqueia-previdencia-privada-de-renan-santos\/","title":{"rendered":"Justi\u00e7a do Trabalho bloqueia previd\u00eancia privada de Renan Santos"},"content":{"rendered":"<script async src=\"https:\/\/pagead2.googlesyndication.com\/pagead\/js\/adsbygoogle.js?client=ca-pub-8864793242727901\"\r\n     crossorigin=\"anonymous\"><\/script>\n<div id=\"cd-article-content\" itemprop=\"articleBody\">\n<p class=\"wp-block-paragraph\">A<strong><a href=\"https:\/\/pt.wikipedia.org\/wiki\/Justi%C3%A7a_do_Trabalho\" target=\"_blank\" rel=\"noopener\"> Justi\u00e7a do Trabalho<\/a><\/strong> determinou o bloqueio de at\u00e9 R$ 61,8 mil em planos de <strong><a href=\"https:\/\/claudiodantas.com.br\/tag\/previdencia\/\" data-type=\"post_tag\" data-id=\"2354\">previd\u00eancia privada<\/a><\/strong> de <strong><a href=\"https:\/\/claudiodantas.com.br\/tag\/renan-santos\/\" data-type=\"post_tag\" data-id=\"6871\">Renan Santos<\/a><\/strong>, candidato \u00e0 Presid\u00eancia pelo <strong><a href=\"https:\/\/claudiodantas.com.br\/missao\/\" data-type=\"link\" data-id=\"https:\/\/claudiodantas.com.br\/missao\/\">Miss\u00e3o<\/a><\/strong>, e de outros 17 r\u00e9us em uma a\u00e7\u00e3o trabalhista em Minas Gerais. O processo envolve um pintor que cobra direitos ap\u00f3s ser demitido da Farbenplas Automotiva, empresa que ele afirma ter sido adquirida pelo presidenci\u00e1vel.<\/p>\n<p><a href=\"https:\/\/whatsapp.com\/channel\/0029VaTFkH2HVvTbkE883x1x\" target=\"_blank\" class=\"whatsapp-channel-message\" rel=\"noopener\">\u2705 Siga o canal do Claudio Dantas no WhatsApp<\/a><\/p>\n<p class=\"wp-block-paragraph\">A decis\u00e3o \u00e9 do juiz Ordenisio Cesar dos Santos, da 2\u00aa Vara do Trabalho de Betim, na Grande BH, e foi tomada na \u00faltima sexta-feira (28). O caso foi divulgado ontem (11) pela Folha de S.Paulo.<\/p>\n<p class=\"wp-block-paragraph\">O magistrado deu dez dias para uma seguradora informar se os r\u00e9us possuem planos de previd\u00eancia. Havendo recursos, o bloqueio dever\u00e1 ocorrer at\u00e9 o limite de R$ 61.803,71.<\/p>\n<p class=\"wp-block-paragraph\">O trabalhador entrou com a a\u00e7\u00e3o em 2014 e cobra, al\u00e9m das verbas rescis\u00f3rias, diferen\u00e7as salariais, horas extras, adicional de insalubridade, FGTS e outros direitos. Em 2016, o Tribunal Regional do Trabalho (TRT) julgou parte dos pedidos procedentes e responsabilizou solidariamente empresas e pessoas f\u00edsicas. Renan est\u00e1 entre os condenados.<\/p>\n<p class=\"wp-block-paragraph\">A a\u00e7\u00e3o est\u00e1 na fase de execu\u00e7\u00e3o, com buscas por patrim\u00f4nio dos devedores. J\u00e1 foram realizadas tentativas de bloqueio de contas e localiza\u00e7\u00e3o de ve\u00edculos, im\u00f3veis e outros ativos.<\/p>\n<p class=\"wp-block-paragraph\">O trabalhador sustenta que Renan adquiriu a empresa por instrumento particular, sem registrar a altera\u00e7\u00e3o societ\u00e1ria na Junta Comercial de Minas Gerais.<\/p>\n<p class=\"wp-block-paragraph\">A defesa afirma que o l\u00edder do MBL nunca integrou a empresa e contesta a cobran\u00e7a. Em nota, classificou a decis\u00e3o como \u201cindevida\u201d: \u201cA inclus\u00e3o de Renan na reclama\u00e7\u00e3o trabalhista que resultou na determina\u00e7\u00e3o de bloqueio de seus planos de previd\u00eancia \u00e9 indevida, e a decis\u00e3o ser\u00e1 objeto de recurso que se somar\u00e1 a outros j\u00e1 interpostos\u201d.<\/p>\n<\/div>\n<p><script>!function(f,b,e,v,n,t,s){if(f.fbq)return;n=f.fbq=function(){n.callMethod?n.callMethod.apply(n,arguments):n.queue.push(arguments)};if(!f._fbq)f._fbq=n;n.push=n;n.loaded=!0;n.version='2.0';n.queue=[];t=b.createElement(e);t.async=!0;t.src=v;s=b.getElementsByTagName(e)[0];s.parentNode.insertBefore(t,s)}(window,document,'script','https:\/\/connect.facebook.net\/en_US\/fbevents.js');fbq('init','1423865622537930');fbq('track','PageView');<\/script><br \/>\n<br \/><br \/>\n<br \/><a href=\"https:\/\/claudiodantas.com.br\/justica-bloqueia-previdencia-renan-santos\/\">Source link <\/a><\/p>","protected":false},"excerpt":{"rendered":"<p>A Justi\u00e7a do Trabalho determinou o bloqueio de at\u00e9 R$ 61,8 mil em planos de previd\u00eancia privada de Renan Santos, candidato \u00e0 Presid\u00eancia pelo Miss\u00e3o, e de outros 17 r\u00e9us&hellip;<\/p>","protected":false},"author":1,"featured_media":141126,"comment_status":"closed","ping_status":"open","sticky":false,"template":"","format":"standard","meta":{"content-type":"","footnotes":""},"categories":[16],"tags":[],"class_list":["post-141651","post","type-post","status-publish","format-standard","has-post-thumbnail","hentry","category-noticias"],"_links":{"self":[{"href":"https:\/\/tvbrazilusa.com\/pt\/wp-json\/wp\/v2\/posts\/141651","targetHints":{"allow":["GET"]}}],"collection":[{"href":"https:\/\/tvbrazilusa.com\/pt\/wp-json\/wp\/v2\/posts"}],"about":[{"href":"https:\/\/tvbrazilusa.com\/pt\/wp-json\/wp\/v2\/types\/post"}],"author":[{"embeddable":true,"href":"https:\/\/tvbrazilusa.com\/pt\/wp-json\/wp\/v2\/users\/1"}],"replies":[{"embeddable":true,"href":"https:\/\/tvbrazilusa.com\/pt\/wp-json\/wp\/v2\/comments?post=141651"}],"version-history":[{"count":1,"href":"https:\/\/tvbrazilusa.com\/pt\/wp-json\/wp\/v2\/posts\/141651\/revisions"}],"predecessor-version":[{"id":141652,"href":"https:\/\/tvbrazilusa.com\/pt\/wp-json\/wp\/v2\/posts\/141651\/revisions\/141652"}],"wp:featuredmedia":[{"embeddable":true,"href":"https:\/\/tvbrazilusa.com\/pt\/wp-json\/wp\/v2\/media\/141126"}],"wp:attachment":[{"href":"https:\/\/tvbrazilusa.com\/pt\/wp-json\/wp\/v2\/media?parent=141651"}],"wp:term":[{"taxonomy":"category","embeddable":true,"href":"https:\/\/tvbrazilusa.com\/pt\/wp-json\/wp\/v2\/categories?post=141651"},{"taxonomy":"post_tag","embeddable":true,"href":"https:\/\/tvbrazilusa.com\/pt\/wp-json\/wp\/v2\/tags?post=141651"}],"curies":[{"name":"wp","href":"https:\/\/api.w.org\/{rel}","templated":true}]}}