{"id":141653,"date":"2026-09-01T16:45:26","date_gmt":"2026-09-01T16:45:26","guid":{"rendered":"https:\/\/tvbrazilusa.com\/2026\/09\/01\/mendonca-manda-levantar-sigilo-de-investigacao-sobre-rede-de-vorcaro\/"},"modified":"2026-09-01T16:45:35","modified_gmt":"2026-09-01T16:45:35","slug":"mendonca-manda-levantar-sigilo-de-investigacao-sobre-rede-de-vorcaro","status":"publish","type":"post","link":"https:\/\/tvbrazilusa.com\/pt\/2026\/09\/01\/mendonca-manda-levantar-sigilo-de-investigacao-sobre-rede-de-vorcaro\/","title":{"rendered":"Mendon\u00e7a manda levantar sigilo de investiga\u00e7\u00e3o sobre rede de Vorcaro"},"content":{"rendered":"<script async src=\"https:\/\/pagead2.googlesyndication.com\/pagead\/js\/adsbygoogle.js?client=ca-pub-8864793242727901\"\r\n     crossorigin=\"anonymous\"><\/script>\n<div id=\"cd-article-content\" itemprop=\"articleBody\">\n<p class=\"wp-block-paragraph\">O ministro Andr\u00e9 Mendon\u00e7a, do Supremo Tribunal Federal (STF), determinou nesta ter\u00e7a-feira (1\u00ba) o levantamento do sigilo de uma investiga\u00e7\u00e3o que re\u00fane novos elementos da Pol\u00edcia Federal sobre uma suposta rede de monitoramento e influ\u00eancia ligada ao banqueiro Daniel Vorcaro, controlador do Banco Master.<\/p>\n<p><a href=\"https:\/\/whatsapp.com\/channel\/0029VaTFkH2HVvTbkE883x1x\" target=\"_blank\" class=\"whatsapp-channel-message\" rel=\"noopener\">\u2705 Siga o canal do Claudio Dantas no WhatsApp<\/a><\/p>\n<p class=\"wp-block-paragraph\">A decis\u00e3o afirma que os novos dados apresentados pela PF dever\u00e3o ser analisados pelo plen\u00e1rio do STF. Segundo Mendon\u00e7a, a aprecia\u00e7\u00e3o dever\u00e1 ocorrer em sess\u00e3o presencial e p\u00fablica.<\/p>\n<p class=\"wp-block-paragraph\"><em>*Mat\u00e9ria em atualiza\u00e7\u00e3o<\/em><\/p>\n<\/div>\n<p><script>!function(f,b,e,v,n,t,s){if(f.fbq)return;n=f.fbq=function(){n.callMethod?n.callMethod.apply(n,arguments):n.queue.push(arguments)};if(!f._fbq)f._fbq=n;n.push=n;n.loaded=!0;n.version='2.0';n.queue=[];t=b.createElement(e);t.async=!0;t.src=v;s=b.getElementsByTagName(e)[0];s.parentNode.insertBefore(t,s)}(window,document,'script','https:\/\/connect.facebook.net\/en_US\/fbevents.js');fbq('init','1423865622537930');fbq('track','PageView');<\/script><br \/>\n<br \/><br \/>\n<br \/><a href=\"https:\/\/claudiodantas.com.br\/mendonca-manda-levantar-sigilo-de-investigacao-sobre-rede-de-vorcaro\/\">Source link <\/a><\/p>","protected":false},"excerpt":{"rendered":"<p>O ministro Andr\u00e9 Mendon\u00e7a, do Supremo Tribunal Federal (STF), determinou nesta ter\u00e7a-feira (1\u00ba) o levantamento do sigilo de uma investiga\u00e7\u00e3o que re\u00fane novos elementos da Pol\u00edcia Federal sobre uma suposta&hellip;<\/p>","protected":false},"author":1,"featured_media":138270,"comment_status":"closed","ping_status":"open","sticky":false,"template":"","format":"standard","meta":{"content-type":"","footnotes":""},"categories":[16],"tags":[],"class_list":["post-141653","post","type-post","status-publish","format-standard","has-post-thumbnail","hentry","category-noticias"],"_links":{"self":[{"href":"https:\/\/tvbrazilusa.com\/pt\/wp-json\/wp\/v2\/posts\/141653","targetHints":{"allow":["GET"]}}],"collection":[{"href":"https:\/\/tvbrazilusa.com\/pt\/wp-json\/wp\/v2\/posts"}],"about":[{"href":"https:\/\/tvbrazilusa.com\/pt\/wp-json\/wp\/v2\/types\/post"}],"author":[{"embeddable":true,"href":"https:\/\/tvbrazilusa.com\/pt\/wp-json\/wp\/v2\/users\/1"}],"replies":[{"embeddable":true,"href":"https:\/\/tvbrazilusa.com\/pt\/wp-json\/wp\/v2\/comments?post=141653"}],"version-history":[{"count":1,"href":"https:\/\/tvbrazilusa.com\/pt\/wp-json\/wp\/v2\/posts\/141653\/revisions"}],"predecessor-version":[{"id":141654,"href":"https:\/\/tvbrazilusa.com\/pt\/wp-json\/wp\/v2\/posts\/141653\/revisions\/141654"}],"wp:featuredmedia":[{"embeddable":true,"href":"https:\/\/tvbrazilusa.com\/pt\/wp-json\/wp\/v2\/media\/138270"}],"wp:attachment":[{"href":"https:\/\/tvbrazilusa.com\/pt\/wp-json\/wp\/v2\/media?parent=141653"}],"wp:term":[{"taxonomy":"category","embeddable":true,"href":"https:\/\/tvbrazilusa.com\/pt\/wp-json\/wp\/v2\/categories?post=141653"},{"taxonomy":"post_tag","embeddable":true,"href":"https:\/\/tvbrazilusa.com\/pt\/wp-json\/wp\/v2\/tags?post=141653"}],"curies":[{"name":"wp","href":"https:\/\/api.w.org\/{rel}","templated":true}]}}