{"id":141664,"date":"2026-09-01T17:10:38","date_gmt":"2026-09-01T17:10:38","guid":{"rendered":"https:\/\/tvbrazilusa.com\/2026\/09\/01\/urgente-mendonca-leva-caso-master-ao-plenario-do-stf\/"},"modified":"2026-09-01T17:15:31","modified_gmt":"2026-09-01T17:15:31","slug":"urgente-mendonca-leva-caso-master-ao-plenario-do-stf","status":"publish","type":"post","link":"https:\/\/tvbrazilusa.com\/pt\/2026\/09\/01\/urgente-mendonca-leva-caso-master-ao-plenario-do-stf\/","title":{"rendered":"Urgente: Mendon\u00e7a leva caso Master ao plen\u00e1rio do STF"},"content":{"rendered":"<script async src=\"https:\/\/pagead2.googlesyndication.com\/pagead\/js\/adsbygoogle.js?client=ca-pub-8864793242727901\"\r\n     crossorigin=\"anonymous\"><\/script>\n<p class=\"wp-block-paragraph\">O ministro Andr\u00e9 Mendon\u00e7a decidiu levar ao plen\u00e1rio do Supremo Tribunal Federal (STF) a an\u00e1lise dos novos elementos do caso Master. A medida abre caminho para uma poss\u00edvel investiga\u00e7\u00e3o contra o ministro Alexandre de Moraes, colega de Corte. A data da sess\u00e3o ainda ser\u00e1 definida pelo presidente do Supremo, Edson Fachin.<\/p>\n<p class=\"wp-block-paragraph\">Por se tratar de um ministro do STF, apenas o plen\u00e1rio da Corte tem poder para autorizar a abertura de investiga\u00e7\u00e3o contra Moraes. S\u00f3 o plen\u00e1rio pode autorizar esse tipo de procedimento quando o alvo \u00e9 um integrante do pr\u00f3prio tribunal.<\/p>\n<p class=\"wp-block-paragraph\">Nos bastidores, Mendon\u00e7a j\u00e1 articula apoio entre os colegas antes de formalizar o pedido a Fachin. O relator avalia contar com os votos de Fachin, Nunes Marques e Luiz Fux a favor da abertura da investiga\u00e7\u00e3o. Do outro lado, a expectativa \u00e9 de que Cristiano Zanin, Fl\u00e1vio Dino e Gilmar Mendes votem contra a medida. O voto de C\u00e1rmen L\u00facia \u00e9 tratado como incerto, j\u00e1 que ela nunca manteve proximidade com Moraes. H\u00e1 tamb\u00e9m d\u00favida sobre a participa\u00e7\u00e3o de Dias Toffoli na vota\u00e7\u00e3o, em raz\u00e3o de sua pr\u00f3pria rela\u00e7\u00e3o com Vorcaro. <\/p>\n<p class=\"wp-block-paragraph\">O ministro fundamentou a decis\u00e3o de retirar o sigilo na regra constitucional de publicidade dos julgamentos. Segundo ele, o sigilo n\u00e3o deve prevalecer quando houver interesse p\u00fablico na divulga\u00e7\u00e3o das informa\u00e7\u00f5es.<\/p>\n<p class=\"wp-block-paragraph\">\u201ca aludida delibera\u00e7\u00e3o, pelo plen\u00e1rio da Corte, dever\u00e1 ocorrer de forma p\u00fablica e transparante, em sess\u00e3o presencial do Colegiado\u201d<\/p>\n<p class=\"wp-block-paragraph\">Ao final do despacho, Mendon\u00e7a determinou expressamente a retirada do sigilo.<\/p>\n<p class=\"wp-block-paragraph\">\u201cdiante da inevit\u00e1vel forma e do inexor\u00e1vel locus de delibera\u00e7\u00e3o, ainda com maior raz\u00e3o se imp\u00f5e, seja, desde logo, levantado o sigilo dos presentes autos\u201d<\/p>\n<p class=\"wp-block-paragraph\">Na sequ\u00eancia, concluiu:<\/p>\n<p class=\"wp-block-paragraph\">\u201cCom base em tais raz\u00f5es, determino o levantamento do sigilo dos presentes autos\u201d<\/p>\n<p class=\"wp-block-paragraph\">A peti\u00e7\u00e3o foi aberta depois de Mendon\u00e7a cobrar dos investigadores informa\u00e7\u00f5es atualizadas sobre a identifica\u00e7\u00e3o dos poss\u00edveis integrantes da rede atribu\u00edda a Daniel Vorcaro. Em resposta, a Pol\u00edcia Federal apresentou um novo relat\u00f3rio, acompanhado de quatro documentos. Ap\u00f3s an\u00e1lise preliminar, o ministro determinou que o material fosse retirado dos autos originais e transferido para uma peti\u00e7\u00e3o aut\u00f4noma. O procedimento recebeu o n\u00famero 16.662 e foi encaminhado \u00e0 Procuradoria-Geral da Rep\u00fablica.<\/p>\n<p class=\"wp-block-paragraph\">De acordo com o despacho, mensagens encontradas no celular de Vorcaro mostram di\u00e1logos do empres\u00e1rio com uma pessoa \u201cat\u00e9 ent\u00e3o n\u00e3o identificada\u201d. Para a Pol\u00edcia Federal, as conversas indicam que o ex-dono do Banco Master teve acesso antecipado a investiga\u00e7\u00f5es criminais e a apura\u00e7\u00f5es do Banco Central que poderiam prejudic\u00e1-lo.<\/p>\n<p class=\"wp-block-paragraph\">\u201cIndependentemente de qual venha a ser a manifesta\u00e7\u00e3o\u201d da PGR, escreveu Mendon\u00e7a, \u201co caminho inevit\u00e1vel dos presentes autos leva ao plen\u00e1rio\u201d do Supremo.<\/p>\n<p class=\"wp-block-paragraph\">O caso reproduz, em contornos mais graves, o desfecho enfrentado por Dias Toffoli, primeiro relator do caso Master. Toffoli deixou a relatoria sem ser formalmente declarado impedido ou suspeito, em solu\u00e7\u00e3o constru\u00edda com participa\u00e7\u00e3o de Fachin.<\/p>\n<p class=\"wp-block-paragraph\">Documentos da investiga\u00e7\u00e3o mostram que o compartilhamento de informa\u00e7\u00f5es sigilosas entre Moraes e Vorcaro teve in\u00edcio em 4 de novembro de 2025 e se intensificou \u00e0 medida que se aproximava a pris\u00e3o do banqueiro, ocorrida em 17 de novembro daquele ano. Um dia antes de ser preso, Vorcaro perguntou ao ministro pelo WhatsApp:<\/p>\n<p class=\"wp-block-paragraph\">\u201cVoc\u00ea acha que existe alguma chance disso acontecer amanh\u00e3 de manh\u00e3?\u201d<\/p>\n<p class=\"wp-block-paragraph\">Em outra mensagem, o banqueiro pediu a Moraes que intercedesse junto ao diretor-geral da Pol\u00edcia Federal, Andrei Rodrigues, e ao procurador-geral da Rep\u00fablica, Paulo Gonet:<\/p>\n<p class=\"wp-block-paragraph\">\u201c\u00c9 importante refor\u00e7ar com Andrei e Paulo pra n\u00e3o deixar ningu\u00e9m de baixo fazer uma sacanagem que a\u00ed vai tudo pro saco\u201d<\/p>\n<p class=\"wp-block-paragraph\">Ao contrato de R$ 131 milh\u00f5es entre o Banco Master e o escrit\u00f3rio de advocacia de Viviane Barci de Moraes, mulher do ministro, soma-se um ind\u00edcio t\u00e9cnico. Metadados do arquivo enviado por WhatsApp mostram que a \u00faltima altera\u00e7\u00e3o no documento partiu de um perfil identificado como \u201cMinistro Alexandre de Moraes\u201d. O ministro e Viviane confirmam o acesso ao contrato, mas negam qualquer irregularidade.<\/p>\n<p><br \/>\n<br \/><a href=\"https:\/\/claudiodantas.com.br\/urgente-mendonca-leva-caso-master-ao-plenario-do-stf\/\">Source link <\/a><\/p>","protected":false},"excerpt":{"rendered":"<p>O ministro Andr\u00e9 Mendon\u00e7a decidiu levar ao plen\u00e1rio do Supremo Tribunal Federal (STF) a an\u00e1lise dos novos elementos do caso Master. A medida abre caminho para uma poss\u00edvel investiga\u00e7\u00e3o contra&hellip;<\/p>","protected":false},"author":1,"featured_media":141665,"comment_status":"closed","ping_status":"open","sticky":false,"template":"","format":"standard","meta":{"content-type":"","footnotes":""},"categories":[16],"tags":[],"class_list":["post-141664","post","type-post","status-publish","format-standard","has-post-thumbnail","hentry","category-noticias"],"_links":{"self":[{"href":"https:\/\/tvbrazilusa.com\/pt\/wp-json\/wp\/v2\/posts\/141664","targetHints":{"allow":["GET"]}}],"collection":[{"href":"https:\/\/tvbrazilusa.com\/pt\/wp-json\/wp\/v2\/posts"}],"about":[{"href":"https:\/\/tvbrazilusa.com\/pt\/wp-json\/wp\/v2\/types\/post"}],"author":[{"embeddable":true,"href":"https:\/\/tvbrazilusa.com\/pt\/wp-json\/wp\/v2\/users\/1"}],"replies":[{"embeddable":true,"href":"https:\/\/tvbrazilusa.com\/pt\/wp-json\/wp\/v2\/comments?post=141664"}],"version-history":[{"count":1,"href":"https:\/\/tvbrazilusa.com\/pt\/wp-json\/wp\/v2\/posts\/141664\/revisions"}],"predecessor-version":[{"id":141666,"href":"https:\/\/tvbrazilusa.com\/pt\/wp-json\/wp\/v2\/posts\/141664\/revisions\/141666"}],"wp:featuredmedia":[{"embeddable":true,"href":"https:\/\/tvbrazilusa.com\/pt\/wp-json\/wp\/v2\/media\/141665"}],"wp:attachment":[{"href":"https:\/\/tvbrazilusa.com\/pt\/wp-json\/wp\/v2\/media?parent=141664"}],"wp:term":[{"taxonomy":"category","embeddable":true,"href":"https:\/\/tvbrazilusa.com\/pt\/wp-json\/wp\/v2\/categories?post=141664"},{"taxonomy":"post_tag","embeddable":true,"href":"https:\/\/tvbrazilusa.com\/pt\/wp-json\/wp\/v2\/tags?post=141664"}],"curies":[{"name":"wp","href":"https:\/\/api.w.org\/{rel}","templated":true}]}}