{"id":141670,"date":"2026-09-01T17:25:28","date_gmt":"2026-09-01T17:25:28","guid":{"rendered":"https:\/\/tvbrazilusa.com\/2026\/09\/01\/mendonca-defende-codigo-de-conduta-para-magistrados\/"},"modified":"2026-09-01T17:28:30","modified_gmt":"2026-09-01T17:28:30","slug":"mendonca-defende-codigo-de-conduta-para-magistrados","status":"publish","type":"post","link":"https:\/\/tvbrazilusa.com\/pt\/2026\/09\/01\/mendonca-defende-codigo-de-conduta-para-magistrados\/","title":{"rendered":"Mendon\u00e7a defende c\u00f3digo de conduta para magistrados"},"content":{"rendered":"<script async src=\"https:\/\/pagead2.googlesyndication.com\/pagead\/js\/adsbygoogle.js?client=ca-pub-8864793242727901\"\r\n     crossorigin=\"anonymous\"><\/script>\n<div id=\"cd-article-content\" itemprop=\"articleBody\">\n<p class=\"wp-block-paragraph\">O ministro do <a href=\"https:\/\/portal.stf.jus.br\/\" target=\"_blank\" rel=\"noopener\">Supremo Tribunal Federal (STF)<\/a> <a href=\"https:\/\/claudiodantas.com.br\/tag\/andre-mendonca\/\" data-type=\"post_tag\" data-id=\"4316\">Andr\u00e9 Mendon\u00e7a<\/a> defendeu nesta ter\u00e7a-feira (1\u00ba) a cria\u00e7\u00e3o de um c\u00f3digo de conduta para magistrados. Segundo ele, a medida ajudaria a estabelecer par\u00e2metros claros para a atua\u00e7\u00e3o dos integrantes do Judici\u00e1rio e a preservar a rela\u00e7\u00e3o de confian\u00e7a com a sociedade.<\/p>\n<p><a href=\"https:\/\/whatsapp.com\/channel\/0029VaTFkH2HVvTbkE883x1x\" target=\"_blank\" class=\"whatsapp-channel-message\" rel=\"noopener\">\u2705 Siga o canal do Claudio Dantas no WhatsApp<\/a><\/p>\n<p class=\"wp-block-paragraph\">Mendon\u00e7a fez a declara\u00e7\u00e3o durante o semin\u00e1rio \u201cPoder Judici\u00e1rio e Intelig\u00eancia Artificial\u201d, realizado no STF. Na avalia\u00e7\u00e3o do ministro, a exist\u00eancia de regras previamente definidas permite estabelecer quais padr\u00f5es de comportamento s\u00e3o esperados dos magistrados.<\/p>\n<p class=\"wp-block-paragraph\">\u201cUm c\u00f3digo de conduta \u00e9 uma forma de n\u00f3s expressarmos para sociedade os padr\u00f5es que n\u00f3s devemos ter como magistrados. Podemos discutir um pouco a modula\u00e7\u00e3o, mas precisamos ter um c\u00f3digo de conduta.\u201d<\/p>\n<p class=\"wp-block-paragraph\">O ministro tamb\u00e9m afirmou que situa\u00e7\u00f5es que coloquem em risco a confian\u00e7a da sociedade exigem mecanismos de preven\u00e7\u00e3o e tratamento.<\/p>\n<p class=\"wp-block-paragraph\">\u201cToda vez que h\u00e1 um rompimento efetivo dessa rela\u00e7\u00e3o de confian\u00e7a \u00e9 preciso haver o devido tratamento da quest\u00e3o.\u201d<\/p>\n<p class=\"wp-block-paragraph\">Em outro trecho da manifesta\u00e7\u00e3o, Mendon\u00e7a defendeu que os magistrados mantenham aten\u00e7\u00e3o \u00e0s consequ\u00eancias de suas decis\u00f5es e \u00e0 percep\u00e7\u00e3o da sociedade sobre o funcionamento do Judici\u00e1rio.<\/p>\n<p class=\"wp-block-paragraph\">\u201cTentemos ser justos, na medida das nossas limita\u00e7\u00f5es, que n\u00f3s estudemos nossos processos, que n\u00f3s ou\u00e7amos as partes, que n\u00f3s sejamos honestos.\u201d<\/p>\n<p class=\"wp-block-paragraph\">Para o ministro, a governan\u00e7a do Judici\u00e1rio passa pelo respeito \u00e0 rela\u00e7\u00e3o de confian\u00e7a estabelecida entre a popula\u00e7\u00e3o e os agentes p\u00fablicos.<\/p>\n<p class=\"wp-block-paragraph\">\u201cToda vez que h\u00e1 um risco de rompimento dessa rela\u00e7\u00e3o de confian\u00e7a n\u00f3s precisamos ter padr\u00f5es de preven\u00e7\u00e3o, c\u00f3digo de conduta \u00e9 um exemplo disso. \u00c9 uma forma de se preservar a rela\u00e7\u00e3o de confian\u00e7a.\u201d<\/p>\n<p class=\"wp-block-paragraph\"><strong>Apoio \u00e0 proposta de Fachin<\/strong><\/p>\n<p class=\"wp-block-paragraph\">Mendon\u00e7a afirmou que apoia desde o in\u00edcio a proposta apresentada pelo presidente do STF, Luiz Edson Fachin, para a cria\u00e7\u00e3o de um c\u00f3digo de conduta.<\/p>\n<p class=\"wp-block-paragraph\">\u201cDesde o primeiro momento, me manifestei ao presidente Luiz Edson Fachin ser a favor daquilo que ele prop\u00f4s, de termos um c\u00f3digo de conduta.\u201d<\/p>\n<p class=\"wp-block-paragraph\">Fachin colocou a elabora\u00e7\u00e3o de regras de \u00e9tica e conduta entre as prioridades institucionais de sua gest\u00e3o. A proposta prev\u00ea a defini\u00e7\u00e3o de par\u00e2metros mais objetivos para situa\u00e7\u00f5es que envolvam a atua\u00e7\u00e3o dos magistrados.<\/p>\n<p class=\"wp-block-paragraph\">Entre os temas discutidos est\u00e3o hip\u00f3teses de suspei\u00e7\u00e3o, limites para manifesta\u00e7\u00f5es p\u00fablicas e participa\u00e7\u00e3o em eventos patrocinados por agentes privados. A inten\u00e7\u00e3o \u00e9 criar crit\u00e9rios pr\u00e9vios para situa\u00e7\u00f5es que possam gerar conflitos de interesse ou questionamentos sobre a atua\u00e7\u00e3o de integrantes do Judici\u00e1rio.<\/p>\n<p class=\"wp-block-paragraph\">Mendon\u00e7a afirmou que \u00e9 poss\u00edvel discutir a forma como as regras ser\u00e3o aplicadas, mas defendeu a necessidade de estabelecer um c\u00f3digo.<\/p>\n<p class=\"wp-block-paragraph\">\u201cPodemos discutir um pouco a modula\u00e7\u00e3o, mas precisamos ter um c\u00f3digo de conduta.\u201d<\/p>\n<\/div>\n<p><script>!function(f,b,e,v,n,t,s){if(f.fbq)return;n=f.fbq=function(){n.callMethod?n.callMethod.apply(n,arguments):n.queue.push(arguments)};if(!f._fbq)f._fbq=n;n.push=n;n.loaded=!0;n.version='2.0';n.queue=[];t=b.createElement(e);t.async=!0;t.src=v;s=b.getElementsByTagName(e)[0];s.parentNode.insertBefore(t,s)}(window,document,'script','https:\/\/connect.facebook.net\/en_US\/fbevents.js');fbq('init','1423865622537930');fbq('track','PageView');<\/script><br \/>\n<br \/><br \/>\n<br \/><a href=\"https:\/\/claudiodantas.com.br\/mendonca-codigo-de-conduta-para-magistrados\/\">Source link <\/a><\/p>","protected":false},"excerpt":{"rendered":"<p>O ministro do Supremo Tribunal Federal (STF) Andr\u00e9 Mendon\u00e7a defendeu nesta ter\u00e7a-feira (1\u00ba) a cria\u00e7\u00e3o de um c\u00f3digo de conduta para magistrados. Segundo ele, a medida ajudaria a estabelecer par\u00e2metros&hellip;<\/p>","protected":false},"author":1,"featured_media":139369,"comment_status":"closed","ping_status":"open","sticky":false,"template":"","format":"standard","meta":{"content-type":"","footnotes":""},"categories":[16],"tags":[],"class_list":["post-141670","post","type-post","status-publish","format-standard","has-post-thumbnail","hentry","category-noticias"],"_links":{"self":[{"href":"https:\/\/tvbrazilusa.com\/pt\/wp-json\/wp\/v2\/posts\/141670","targetHints":{"allow":["GET"]}}],"collection":[{"href":"https:\/\/tvbrazilusa.com\/pt\/wp-json\/wp\/v2\/posts"}],"about":[{"href":"https:\/\/tvbrazilusa.com\/pt\/wp-json\/wp\/v2\/types\/post"}],"author":[{"embeddable":true,"href":"https:\/\/tvbrazilusa.com\/pt\/wp-json\/wp\/v2\/users\/1"}],"replies":[{"embeddable":true,"href":"https:\/\/tvbrazilusa.com\/pt\/wp-json\/wp\/v2\/comments?post=141670"}],"version-history":[{"count":1,"href":"https:\/\/tvbrazilusa.com\/pt\/wp-json\/wp\/v2\/posts\/141670\/revisions"}],"predecessor-version":[{"id":141671,"href":"https:\/\/tvbrazilusa.com\/pt\/wp-json\/wp\/v2\/posts\/141670\/revisions\/141671"}],"wp:featuredmedia":[{"embeddable":true,"href":"https:\/\/tvbrazilusa.com\/pt\/wp-json\/wp\/v2\/media\/139369"}],"wp:attachment":[{"href":"https:\/\/tvbrazilusa.com\/pt\/wp-json\/wp\/v2\/media?parent=141670"}],"wp:term":[{"taxonomy":"category","embeddable":true,"href":"https:\/\/tvbrazilusa.com\/pt\/wp-json\/wp\/v2\/categories?post=141670"},{"taxonomy":"post_tag","embeddable":true,"href":"https:\/\/tvbrazilusa.com\/pt\/wp-json\/wp\/v2\/tags?post=141670"}],"curies":[{"name":"wp","href":"https:\/\/api.w.org\/{rel}","templated":true}]}}